{"id":10065,"date":"2018-10-01T17:18:17","date_gmt":"2018-10-01T20:18:17","guid":{"rendered":"http:\/\/newsinfoco.com.br\/?p=10065"},"modified":"2018-10-01T17:18:17","modified_gmt":"2018-10-01T20:18:17","slug":"semas-divulga-programacao-de-atividades-dos-cras-para-esta-semana","status":"publish","type":"post","link":"https:\/\/newsinfoco.com.br\/inicio\/semas-divulga-programacao-de-atividades-dos-cras-para-esta-semana\/","title":{"rendered":"Semas divulga programa\u00e7\u00e3o de atividades dos CRAS para esta semana"},"content":{"rendered":"<p style=\"text-align: justify;\"><span style=\"color: #000000;\">A Secretaria Municipal de Assist\u00eancia Social (SEMAS) divulga a programa\u00e7\u00e3o semanal de atividades com grupos do Centro de Refer\u00eancia de Assist\u00eancia Social (CRAS). Al\u00e9m de oficinas, a grade prev\u00ea a realiza\u00e7\u00e3o de din\u00e2micas de grupo, Cine CRAS e atividades alusivas \u00e0 Semana do Idoso.<\/span><\/p>\n<p style=\"text-align: justify;\"><span style=\"color: #000000;\"><strong>CRAS Pra\u00e7a do C\u00e9u<\/strong><\/span><\/p><div class=\"newsi-conteudo_19\" id=\"newsi-2141803869\"><a href=\"https:\/\/www.instagram.com\/prefeituraalagoinhas?igsh=YzgzdDJ1bWR3aWI4\" aria-label=\"SAVE_20251006_221555\"><img loading=\"lazy\" decoding=\"async\" src=\"https:\/\/newsinfoco.com.br\/inicio\/wp-content\/uploads\/2025\/10\/SAVE_20251006_221555-rotated.jpg\" alt=\"\"  srcset=\"https:\/\/newsinfoco.com.br\/inicio\/wp-content\/uploads\/2025\/10\/SAVE_20251006_221555-rotated.jpg 1140w, https:\/\/newsinfoco.com.br\/inicio\/wp-content\/uploads\/2025\/10\/SAVE_20251006_221555-300x52.jpg 300w, https:\/\/newsinfoco.com.br\/inicio\/wp-content\/uploads\/2025\/10\/SAVE_20251006_221555-1024x177.jpg 1024w, https:\/\/newsinfoco.com.br\/inicio\/wp-content\/uploads\/2025\/10\/SAVE_20251006_221555-768x133.jpg 768w, https:\/\/newsinfoco.com.br\/inicio\/wp-content\/uploads\/2025\/10\/SAVE_20251006_221555-600x104.jpg 600w, https:\/\/newsinfoco.com.br\/inicio\/wp-content\/uploads\/2025\/10\/SAVE_20251006_221555-696x120.jpg 696w, https:\/\/newsinfoco.com.br\/inicio\/wp-content\/uploads\/2025\/10\/SAVE_20251006_221555-1068x185.jpg 1068w\" sizes=\"(max-width: 1140px) 100vw, 1140px\" width=\"1140\" height=\"197\"   \/><\/a><\/div>\n<p style=\"text-align: justify;\"><span style=\"color: #000000;\">Dia 01\/10<\/span><\/p>\n<p style=\"text-align: justify;\"><span style=\"color: #000000;\">Manh\u00e3 \u2013 Visita Domiciliar<\/span><\/p>\n<p style=\"text-align: justify;\"><span style=\"color: #000000;\">Oficina de Violinos M\u00e1gicos<\/span><\/p>\n<p style=\"text-align: justify;\"><span style=\"color: #000000;\">Tarde \u2013 Visita Domiciliar<\/span><\/p>\n<p style=\"text-align: justify;\"><span style=\"color: #000000;\">Oficina de Dan\u00e7a \u2013 Grupo de Idosas<\/span><\/p>\n<p style=\"text-align: justify;\"><span style=\"color: #000000;\">Grupo de Mulheres: Din\u00e2mica: \u201c\u00c9 tempo de Florescer\/ Flores que desabrocham\u201d<\/span><\/p>\n<p style=\"text-align: justify;\"><span style=\"color: #000000;\">Dia 02\/10<\/span><\/p>\n<p style=\"text-align: justify;\"><span style=\"color: #000000;\">Manh\u00e3: Sala de espera: Acolhida com os T\u00e9cnicos<\/span><\/p>\n<p style=\"text-align: justify;\"><span style=\"color: #000000;\">Grupo de Mulheres: Din\u00e2mica: \/\u00c9 tempo de florescer\/Flores que desabrocham<\/span><\/p>\n<p style=\"text-align: justify;\"><span style=\"color: #000000;\">Dia 03\/10<\/span><\/p>\n<p style=\"text-align: justify;\"><span style=\"color: #000000;\">Manh\u00e3: Oficina de Capoeira<\/span><\/p>\n<p style=\"text-align: justify;\"><span style=\"color: #000000;\">Tarde: Oficina de Violinos M\u00e1gicos<\/span><\/p>\n<p style=\"text-align: justify;\"><span style=\"color: #000000;\">Oficina de Dan\u00e7a com Grupo de Crian\u00e7as<\/span><\/p>\n<p style=\"text-align: justify;\"><span style=\"color: #000000;\">Oficina de Gin\u00e1stica<\/span><\/p>\n<p style=\"text-align: justify;\"><span style=\"color: #000000;\">Reuni\u00e3o com t\u00e9cnicos<\/span><\/p>\n<p style=\"text-align: justify;\"><span style=\"color: #000000;\">Dia 04\/10<\/span><\/p>\n<p style=\"text-align: justify;\"><span style=\"color: #000000;\">Manh\u00e3 e Tarde : Grupo de Adolescente: Din\u00e2mica Corrida de Costas em trios\/ Escravo de J\u00f3\u00a0 com bast\u00e3o<\/span><\/p>\n<p style=\"text-align: justify;\"><span style=\"color: #000000;\">Tarde: Grupo de Idosas: Encontro com Conselho do Idoso: 15 anos do Estatuto do Idoso<\/span><\/p>\n<p style=\"text-align: justify;\"><span style=\"color: #000000;\">Dia 05\/10 Manh\u00e3 e Tarde: Sala de Espera: Acolhida com os T\u00e9cnicos<\/span><\/p>\n<p style=\"text-align: justify;\"><span style=\"color: #000000;\">Oficina de Futebol<\/span><\/p>\n<p style=\"text-align: justify;\"><span style=\"color: #000000;\">Grupo de Crian\u00e7as: Semana da Crian\u00e7a: Resgatar Brincadeiras Antigas.<\/span><\/p>\n<p style=\"text-align: justify;\"><span style=\"color: #000000;\"><strong>CRAS Boa Uni\u00e3o<\/strong><\/span><\/p>\n<p style=\"text-align: justify;\"><span style=\"color: #000000;\">Dia 01\/10<\/span><\/p>\n<p style=\"text-align: justify;\"><span style=\"color: #000000;\">Manh\u00e3 e tarde: Oficina de Futebol do SCFV para Adolescentes nos per\u00edodos<\/span><\/p>\n<p style=\"text-align: justify;\"><span style=\"color: #000000;\">Oficina de Gin\u00e1stica<\/span><\/p>\n<p style=\"text-align: justify;\"><span style=\"color: #000000;\">SCFV \u2013 Grupo Intergeracional no per\u00edodo Vespertino \u2013 Palestra sobre Sa\u00fade e Direitos da Pessoa Idosa com participa\u00e7\u00e3o do CMI.<\/span><\/p>\n<p style=\"text-align: justify;\"><span style=\"color: #000000;\">Dia 02\/10<\/span><\/p>\n<p style=\"text-align: justify;\"><span style=\"color: #000000;\">Manh\u00e3 e Tarde:<\/span><\/p>\n<p style=\"text-align: justify;\"><span style=\"color: #000000;\">Oficina de Dan\u00e7a do SCFV para Crian\u00e7as<\/span><\/p>\n<p style=\"text-align: justify;\"><span style=\"color: #000000;\">Tarde:\u00a0Oficina de Dan\u00e7a do SCFV\u00a0 para Mulheres<\/span><\/p>\n<p style=\"text-align: justify;\"><span style=\"color: #000000;\">Dia 03\/10<\/span><\/p>\n<p style=\"text-align: justify;\"><span style=\"color: #000000;\">Manh\u00e3: Oficina de Violinos \u2013 SCFV na Comunidade do Oiteiro e no Cras<\/span><\/p>\n<p style=\"text-align: justify;\"><span style=\"color: #000000;\">Tarde: Oficina de Violinos \u2013 SCFV no Cras<\/span><\/p>\n<p style=\"text-align: justify;\"><span style=\"color: #000000;\">Dia 04\/10<\/span><\/p>\n<p style=\"text-align: justify;\"><span style=\"color: #000000;\">Manh\u00e3 e Tarde:<\/span><\/p>\n<p style=\"text-align: justify;\"><span style=\"color: #000000;\">SCFV \u2013 Grupo de Adolescentes \u2013 Bate Papo sobre o exerc\u00edcio da cidadania.<\/span><\/p>\n<p style=\"text-align: justify;\"><span style=\"color: #000000;\">Dia 05\/10 \u2013\u00a0 Cine Cras \u2013 com o filme: \u201cCartilha do Idoso para crian\u00e7as \u2013 parte I.<\/span><\/p>\n<p style=\"text-align: justify;\"><span style=\"color: #000000;\"><strong>CRAS de Nova Bras\u00edlia<\/strong><\/span><\/p>\n<p style=\"text-align: justify;\"><span style=\"color: #000000;\">Dia 01\/10<\/span><\/p>\n<p style=\"text-align: justify;\"><span style=\"color: #000000;\">Manh\u00e3 : Realizaremos atendimentos socioassistenciais<\/span><\/p>\n<p style=\"text-align: justify;\"><span style=\"color: #000000;\">Servi\u00e7o de Conviv\u00eancia e Fortalecimento de V\u00ednculos (SCFV) com o grupo de adolescentes \u201cOf\u00edcina Jovem \u00e9 Cidad\u00e3o\u201d<\/span><\/p>\n<p style=\"text-align: justify;\"><span style=\"color: #000000;\">Tarde: Oficina de Capoeira na Baixa da Candeia<\/span><\/p>\n<p style=\"text-align: justify;\"><span style=\"color: #000000;\">Oficina de Gin\u00e1stica CRAS de Nova Bras\u00edlia<\/span><\/p>\n<p style=\"text-align: justify;\"><span style=\"color: #000000;\">PAIF \u2013 Grupo de Gestante \u201cOf\u00edcina do Cuidar \u201d<\/span><\/p>\n<p style=\"text-align: justify;\"><span style=\"color: #000000;\">Dia 02\/10<\/span><\/p>\n<p style=\"text-align: justify;\"><span style=\"color: #000000;\">Manh\u00e3: Oficina de Violinos no CRAS<\/span><\/p>\n<p style=\"text-align: justify;\"><span style=\"color: #000000;\">Tarde: Oficina de Violinos<\/span><\/p>\n<p style=\"text-align: justify;\"><span style=\"color: #000000;\">Encontro com o Grupo de Idosas\/os \u2013 SCFV, com a participa\u00e7\u00e3o do Conselho do Idoso<\/span><\/p>\n<p style=\"text-align: justify;\"><span style=\"color: #000000;\">Manh\u00e3 e Tarde:<\/span><\/p>\n<p style=\"text-align: justify;\"><span style=\"color: #000000;\">Oficina de Futebol- na Comunidade da Baixa da Candeia.<\/span><\/p>\n<p style=\"text-align: justify;\"><span style=\"color: #000000;\">Oferta do Servi\u00e7o de Prote\u00e7\u00e3o Social \u00e0 Domic\u00edlio- visitas domiciliares \u00e0s Pessoas com Defici\u00eancia e visitas da rede (manh\u00e3 e tarde).<\/span><\/p>\n<p style=\"text-align: justify;\"><span style=\"color: #000000;\">Dia 03\/10<\/span><\/p>\n<p style=\"text-align: justify;\"><span style=\"color: #000000;\">Manh\u00e3: Oficina de Dan\u00e7a e Atendimento Socioassistencial.<\/span><\/p>\n<p style=\"text-align: justify;\"><span style=\"color: #000000;\">Tarde: Oficina de Dan\u00e7a;<\/span><\/p>\n<p style=\"text-align: justify;\"><span style=\"color: #000000;\">Atendimento Socioassistencial;<\/span><\/p>\n<p style=\"text-align: justify;\"><span style=\"color: #000000;\">Oficina de Gin\u00e1stica na Baixa da Candeia.<\/span><\/p>\n<p style=\"text-align: justify;\"><span style=\"color: #000000;\">04\/10 \u2013 Manh\u00e3: Atendimento Socioassistencial e Of\u00edcina de capoeira.<\/span><\/p>\n<p style=\"text-align: justify;\"><span style=\"color: #000000;\">Tarde: Servi\u00e7o de Conviv\u00eancia e Fortalecimento de V\u00ednculos (SCFV) Grupo de Mulheres e<\/span><\/p>\n<p style=\"text-align: justify;\"><span style=\"color: #000000;\">Oficina\u00a0 de Capoeira no CRAS de Nova Bras\u00edlia;<\/span><\/p>\n<p style=\"text-align: justify;\"><span style=\"color: #000000;\">PAIF com o grupo dos\/das benefici\u00e1rias do PBF em descumprimento de Condicionalidade.<\/span><\/p>\n<p style=\"text-align: justify;\"><span style=\"color: #000000;\">Dia 05\/10<\/span><\/p>\n<p style=\"text-align: justify;\"><span style=\"color: #000000;\">Manh\u00e3: Visita Domiciliar com o Servi\u00e7o de Prote\u00e7\u00e3o Social \u00e0 Domic\u00edlio para pessoas Idosas; Atendimento Socioassistencial; Servi\u00e7o de Conviv\u00eancia e Fortalecimento de V\u00ednculos (SCFV) Grupo de Crian\u00e7as.<\/span><\/p>\n<p style=\"text-align: justify;\"><span style=\"color: #000000;\">Tarde:<\/span><\/p>\n<p style=\"text-align: justify;\"><span style=\"color: #000000;\">Servi\u00e7o de Conviv\u00eancia e Fortalecimento de V\u00ednculos (SCFV) Grupo de Crian\u00e7as;<\/span><\/p>\n<p style=\"text-align: justify;\"><span style=\"color: #000000;\">Of\u00edcina de Flauta;<\/span><\/p>\n<p style=\"text-align: justify;\"><span style=\"color: #000000;\">Oficina de Dan\u00e7a com Mulheres e Idosos na Comunidade da Baixa da Candeia.<\/span><\/p>\n<h6 style=\"text-align: right;\"><span style=\"color: #999999;\">Fonte: SECOM SEMAS<\/span><\/h6>\n<div class='share-to-whatsapp-wrapper'><div class='share-on-whsp'>Share on: <\/div><a data-text='Semas divulga programa\u00e7\u00e3o de atividades dos CRAS para esta semana' data-link='https:\/\/newsinfoco.com.br\/inicio\/semas-divulga-programacao-de-atividades-dos-cras-para-esta-semana\/' class='whatsapp-button whatsapp-share'>WhatsApp<\/a><div class='clear '><\/div><\/div>","protected":false},"excerpt":{"rendered":"<p>A Secretaria Municipal de Assist\u00eancia Social (SEMAS) divulga a programa\u00e7\u00e3o semanal de atividades com grupos do Centro de Refer\u00eancia de Assist\u00eancia Social (CRAS). Al\u00e9m de oficinas, a grade prev\u00ea a realiza\u00e7\u00e3o de din\u00e2micas de grupo, Cine CRAS e atividades alusivas \u00e0 Semana do Idoso. CRAS Pra\u00e7a do C\u00e9u Dia 01\/10 Manh\u00e3 \u2013 Visita Domiciliar Oficina [&hellip;]<\/p>\n","protected":false},"author":1,"featured_media":9011,"comment_status":"open","ping_status":"open","sticky":false,"template":"","format":"standard","meta":{"om_disable_all_campaigns":false,"_exactmetrics_skip_tracking":false,"_exactmetrics_sitenote_active":false,"_exactmetrics_sitenote_note":"","_exactmetrics_sitenote_category":0,"footnotes":""},"categories":[38,30],"tags":[53,54,120],"class_list":["post-10065","post","type-post","status-publish","format-standard","has-post-thumbnail","hentry","category-alagoinhas-e-regiao","category-destaque","tag-alagoinhas","tag-prefeitura","tag-secom-semas"],"aioseo_notices":[],"_links":{"self":[{"href":"https:\/\/newsinfoco.com.br\/inicio\/wp-json\/wp\/v2\/posts\/10065","targetHints":{"allow":["GET"]}}],"collection":[{"href":"https:\/\/newsinfoco.com.br\/inicio\/wp-json\/wp\/v2\/posts"}],"about":[{"href":"https:\/\/newsinfoco.com.br\/inicio\/wp-json\/wp\/v2\/types\/post"}],"author":[{"embeddable":true,"href":"https:\/\/newsinfoco.com.br\/inicio\/wp-json\/wp\/v2\/users\/1"}],"replies":[{"embeddable":true,"href":"https:\/\/newsinfoco.com.br\/inicio\/wp-json\/wp\/v2\/comments?post=10065"}],"version-history":[{"count":0,"href":"https:\/\/newsinfoco.com.br\/inicio\/wp-json\/wp\/v2\/posts\/10065\/revisions"}],"wp:featuredmedia":[{"embeddable":true,"href":"https:\/\/newsinfoco.com.br\/inicio\/wp-json\/wp\/v2\/media\/9011"}],"wp:attachment":[{"href":"https:\/\/newsinfoco.com.br\/inicio\/wp-json\/wp\/v2\/media?parent=10065"}],"wp:term":[{"taxonomy":"category","embeddable":true,"href":"https:\/\/newsinfoco.com.br\/inicio\/wp-json\/wp\/v2\/categories?post=10065"},{"taxonomy":"post_tag","embeddable":true,"href":"https:\/\/newsinfoco.com.br\/inicio\/wp-json\/wp\/v2\/tags?post=10065"}],"curies":[{"name":"wp","href":"https:\/\/api.w.org\/{rel}","templated":true}]}}