{"id":10073,"date":"2018-10-01T17:23:54","date_gmt":"2018-10-01T20:23:54","guid":{"rendered":"http:\/\/newsinfoco.com.br\/?p=10073"},"modified":"2018-10-01T17:43:02","modified_gmt":"2018-10-01T20:43:02","slug":"programa-ruas-de-lazer-mobiliza-moradores-e-estimula-praticas-de-atividades-fisicas-em-alagoinhas","status":"publish","type":"post","link":"https:\/\/newsinfoco.com.br\/inicio\/programa-ruas-de-lazer-mobiliza-moradores-e-estimula-praticas-de-atividades-fisicas-em-alagoinhas\/","title":{"rendered":"Programa \u201cRuas de Lazer\u201d mobiliza moradores e estimula pr\u00e1ticas de atividades f\u00edsicas em Alagoinhas"},"content":{"rendered":"<p style=\"text-align: justify;\"><span style=\"color: #000000;\">Inspirada por iniciativas de outras cidades e tendo como foco a cria\u00e7\u00e3o de op\u00e7\u00f5es de lazer, Alagoinhas transformou a Rua Luiz Viana Filho em um espa\u00e7o livre para dan\u00e7as, corridas, pedaladas, caminhadas e passeios em fam\u00edlia. Isso porque, apresentado pelo vereador Jorge de Santana Gon\u00e7alves (\u201cJorge da Farinha\u201d) em 2016, o programa \u201cRuas de Lazer\u201d saiu do papel, foi aprovado nesta gest\u00e3o e j\u00e1 est\u00e1 em vig\u00eancia no munic\u00edpio.<\/span><\/p>\n<p style=\"text-align: justify;\"><span style=\"color: #000000;\">Com a Lei 2.337\/2016 aprovada, a Rua Luiz Viana Filho, no trecho entre a Coronel Philadelfo Neves e a Severino Vieira, \u00e9 fechada nos dois sentidos aos domingos e feriados, das 5h \u00e0s 11h. O mesmo vale para as ter\u00e7as e quintas-feiras, das 18h \u00e0s 22h, e o intuito, segundo o vereador, \u00e9 transformar as ruas em espa\u00e7os seguros para que crian\u00e7as, jovens, adultos e idosos possam praticar atividades esportivas espont\u00e2neas em um momento democr\u00e1tico de lazer.<\/span><\/p><div class=\"newsi-conteudo_19\" id=\"newsi-3480442553\"><a href=\"https:\/\/www.instagram.com\/prefeituraalagoinhas?igsh=YzgzdDJ1bWR3aWI4\" aria-label=\"SAVE_20251006_221555\"><img loading=\"lazy\" decoding=\"async\" src=\"https:\/\/newsinfoco.com.br\/inicio\/wp-content\/uploads\/2025\/10\/SAVE_20251006_221555-rotated.jpg\" alt=\"\"  srcset=\"https:\/\/newsinfoco.com.br\/inicio\/wp-content\/uploads\/2025\/10\/SAVE_20251006_221555-rotated.jpg 1140w, https:\/\/newsinfoco.com.br\/inicio\/wp-content\/uploads\/2025\/10\/SAVE_20251006_221555-300x52.jpg 300w, https:\/\/newsinfoco.com.br\/inicio\/wp-content\/uploads\/2025\/10\/SAVE_20251006_221555-1024x177.jpg 1024w, https:\/\/newsinfoco.com.br\/inicio\/wp-content\/uploads\/2025\/10\/SAVE_20251006_221555-768x133.jpg 768w, https:\/\/newsinfoco.com.br\/inicio\/wp-content\/uploads\/2025\/10\/SAVE_20251006_221555-600x104.jpg 600w, https:\/\/newsinfoco.com.br\/inicio\/wp-content\/uploads\/2025\/10\/SAVE_20251006_221555-696x120.jpg 696w, https:\/\/newsinfoco.com.br\/inicio\/wp-content\/uploads\/2025\/10\/SAVE_20251006_221555-1068x185.jpg 1068w\" sizes=\"(max-width: 1140px) 100vw, 1140px\" width=\"1140\" height=\"197\"   \/><\/a><\/div>\n<p><img decoding=\"async\" src=\"https:\/\/www.alagoinhas.ba.gov.br\/wp-content\/uploads\/2018\/10\/43218141340_a16581bde4_z.jpg\" \/><\/p>\n<p style=\"text-align: justify;\"><span style=\"color: #000000;\">A rea\u00e7\u00e3o dos moradores, que puderam desfrutar, no \u00faltimo domingo (30), de um caf\u00e9 da manh\u00e3 no local, com direito \u00e0 aul\u00e3o gratuito, foi positiva.<\/span><\/p>\n<p style=\"text-align: justify;\"><span style=\"color: #000000;\">\u201cEstou achando \u00f3timo. Aqui n\u00e3o tinha isso e valoriza bastante onde a gente mora. Vim com a fam\u00edlia toda\u201d, disse D\u00e9bora Santos, que aproveitou a via interditada para se exercitar.<\/span><\/p>\n<p style=\"text-align: justify;\"><span style=\"color: #000000;\">Meire Gon\u00e7alves tamb\u00e9m gostou da a\u00e7\u00e3o. \u201cAchei maravilhoso. Alagoinhas estava realmente precisando de um espa\u00e7o para trazer a crian\u00e7ada, os jovens\u201d, pontuou, ao lado de Dona Van\u00fasia Gomes, que era agito puro reproduzindo os passos ensinados pelo professor Memo, neste domingo. \u201cS\u00f3 ficar em casa fazendo as coisas n\u00e3o \u00e9 bom. Tem que ter essas novidades, essas aventuras\u201d, declarou a moradora.<\/span><\/p>\n<p><img decoding=\"async\" src=\"https:\/\/www.alagoinhas.ba.gov.br\/wp-content\/uploads\/2018\/10\/44981499812_7ec6011e20_z.jpg\" \/><\/p>\n<p style=\"text-align: justify;\">Al\u00e9m das aulas de dan\u00e7a, a Prefeitura disponibilizou um estande da sa\u00fade no domingo para dar suporte e assist\u00eancia aos cidad\u00e3os que aderiram \u00e0 pr\u00e1tica esportiva no local.<\/p>\n<p style=\"text-align: justify;\">Para o vereador Jorge de Santana, o objetivo principal era justamente integrar fam\u00edlia, sociedade e poder p\u00fablico na busca por espa\u00e7os de lazer, compartilhamento e recrea\u00e7\u00e3o. \u201cPraticar esportes \u00e9 sa\u00fade. Esse projeto, de minha autoria, foi aprovado em 2016 e agora estamos colocando em pr\u00e1tica. Tentei fazer isso na gest\u00e3o passada, mas n\u00e3o deram import\u00e2ncia e hoje, nesta gest\u00e3o, o prefeito Joaquim est\u00e1 nos dando todo o apoio. A partir de agora, convidamos todos para que, aos domingos pela manh\u00e3, venham participar\u201d, ressaltou.<\/p>\n<p><img decoding=\"async\" src=\"https:\/\/www.alagoinhas.ba.gov.br\/wp-content\/uploads\/2018\/10\/31156784108_7f795bd88f_z.jpg\" \/><\/p>\n<p style=\"text-align: justify;\">O prefeito Joaquim Neto enfatizou que o fomento ao esporte enquanto promo\u00e7\u00e3o da sa\u00fade \u00e9 uma das prioridades do governo e acrescentou que o \u201cRuas de Lazer\u201d vem para somar ao conjunto de iniciativas j\u00e1 desenvolvidas pela Administra\u00e7\u00e3o P\u00fablica Municipal no que tange ao investimento em sa\u00fade e esporte no munic\u00edpio.<\/p>\n<p style=\"text-align: justify;\">\u201cComo m\u00e9dico \u2013 e estou vendo o pessoal da sa\u00fade aqui tamb\u00e9m \u2013 estamos prestando um grande servi\u00e7o a Alagoinhas. Essa pr\u00e1tica vai diminuir o uso de rem\u00e9dios de press\u00e3o e de f\u00e1rmacos para diab\u00e9ticos. Quanto mais voc\u00ea se exercitar, melhor ser\u00e1 a sua capacidade aer\u00f3bica. Voc\u00ea tem uma chance muito menor de enfartar, uma chance reduzida de ter um acidente vascular cerebral, ent\u00e3o essa iniciativa eu vinha pensando j\u00e1 h\u00e1 um tempo na nossa cidade e chega, com indica\u00e7\u00e3o de Jorge da Farinha, em muito boa hora para a nossa popula\u00e7\u00e3o\u201d, afirmou.<\/p>\n<p style=\"text-align: justify;\">Segundo o prefeito, o programa deve se estender tamb\u00e9m a outras \u00e1reas do munic\u00edpio.<\/p>\n<p style=\"text-align: justify;\">A a\u00e7\u00e3o de fechamento das vias \u00e9 feita pela Superintend\u00eancia Municipal de Transporte e Tr\u00e2nsito (SMTT), que garante, junto com a Guarda Municipal, a seguran\u00e7a para a realiza\u00e7\u00e3o do programa.<\/p>\n<h6 style=\"text-align: right;\"><span style=\"color: #999999;\">Fonte: SECOM\u00a0<\/span><\/h6>\n<p>&nbsp;<\/p>\n<div class='share-to-whatsapp-wrapper'><div class='share-on-whsp'>Share on: <\/div><a data-text='Programa \u201cRuas de Lazer\u201d mobiliza moradores e estimula pr\u00e1ticas de atividades f\u00edsicas em Alagoinhas' data-link='https:\/\/newsinfoco.com.br\/inicio\/programa-ruas-de-lazer-mobiliza-moradores-e-estimula-praticas-de-atividades-fisicas-em-alagoinhas\/' class='whatsapp-button whatsapp-share'>WhatsApp<\/a><div class='clear '><\/div><\/div>","protected":false},"excerpt":{"rendered":"<p>Inspirada por iniciativas de outras cidades e tendo como foco a cria\u00e7\u00e3o de op\u00e7\u00f5es de lazer, Alagoinhas transformou a Rua Luiz Viana Filho em um espa\u00e7o livre para dan\u00e7as, corridas, pedaladas, caminhadas e passeios em fam\u00edlia. Isso porque, apresentado pelo vereador Jorge de Santana Gon\u00e7alves (\u201cJorge da Farinha\u201d) em 2016, o programa \u201cRuas de Lazer\u201d [&hellip;]<\/p>\n","protected":false},"author":1,"featured_media":10077,"comment_status":"open","ping_status":"open","sticky":false,"template":"","format":"standard","meta":{"om_disable_all_campaigns":false,"_exactmetrics_skip_tracking":false,"_exactmetrics_sitenote_active":false,"_exactmetrics_sitenote_note":"","_exactmetrics_sitenote_category":0,"footnotes":""},"categories":[38,30],"tags":[53,54,56],"class_list":["post-10073","post","type-post","status-publish","format-standard","has-post-thumbnail","hentry","category-alagoinhas-e-regiao","category-destaque","tag-alagoinhas","tag-prefeitura","tag-secom"],"aioseo_notices":[],"_links":{"self":[{"href":"https:\/\/newsinfoco.com.br\/inicio\/wp-json\/wp\/v2\/posts\/10073","targetHints":{"allow":["GET"]}}],"collection":[{"href":"https:\/\/newsinfoco.com.br\/inicio\/wp-json\/wp\/v2\/posts"}],"about":[{"href":"https:\/\/newsinfoco.com.br\/inicio\/wp-json\/wp\/v2\/types\/post"}],"author":[{"embeddable":true,"href":"https:\/\/newsinfoco.com.br\/inicio\/wp-json\/wp\/v2\/users\/1"}],"replies":[{"embeddable":true,"href":"https:\/\/newsinfoco.com.br\/inicio\/wp-json\/wp\/v2\/comments?post=10073"}],"version-history":[{"count":0,"href":"https:\/\/newsinfoco.com.br\/inicio\/wp-json\/wp\/v2\/posts\/10073\/revisions"}],"wp:featuredmedia":[{"embeddable":true,"href":"https:\/\/newsinfoco.com.br\/inicio\/wp-json\/wp\/v2\/media\/10077"}],"wp:attachment":[{"href":"https:\/\/newsinfoco.com.br\/inicio\/wp-json\/wp\/v2\/media?parent=10073"}],"wp:term":[{"taxonomy":"category","embeddable":true,"href":"https:\/\/newsinfoco.com.br\/inicio\/wp-json\/wp\/v2\/categories?post=10073"},{"taxonomy":"post_tag","embeddable":true,"href":"https:\/\/newsinfoco.com.br\/inicio\/wp-json\/wp\/v2\/tags?post=10073"}],"curies":[{"name":"wp","href":"https:\/\/api.w.org\/{rel}","templated":true}]}}