{"id":10074,"date":"2018-10-01T17:23:06","date_gmt":"2018-10-01T20:23:06","guid":{"rendered":"http:\/\/newsinfoco.com.br\/?p=10074"},"modified":"2018-10-01T17:23:06","modified_gmt":"2018-10-01T20:23:06","slug":"uefs-abre-concurso-publico-para-professor-neste-mes-de-outubro","status":"publish","type":"post","link":"https:\/\/newsinfoco.com.br\/inicio\/uefs-abre-concurso-publico-para-professor-neste-mes-de-outubro\/","title":{"rendered":"Uefs abre concurso p\u00fablico para professor neste m\u00eas de outubro"},"content":{"rendered":"<p style=\"text-align: justify;\">Est\u00e3o abertas as inscri\u00e7\u00f5es para o Concurso P\u00fablico de Provas e T\u00edtulos destinado ao provimento de cargos permanentes de Professor Auxiliar, n\u00edvel \u201cA\u201d, da Universidade Estadual de Feira de Santana (Uefs). O candidato deve se inscrever at\u00e9 as 16h do dia 31 de outubro, no <a href=\"http:\/\/csa.uefs.br\/index.php\/professor185\/inicial\">site da coordena\u00e7\u00e3o de sele\u00e7\u00e3o e admiss\u00e3o <\/a>da institui\u00e7\u00e3o.<\/p>\n<p style=\"text-align: justify;\">As disciplinas s\u00e3o o Ensino de Qu\u00edmica e Qu\u00edmica Geral (2 vagas), regime de trabalho de 40h, vinculadas ao Departamento de Exatas (DEXA\/Uefs), com forma\u00e7\u00e3o exigida de Licenciatura em Qu\u00edmica com Especializa\u00e7\u00e3o em Ensino de Qu\u00edmica, Ensino de Ci\u00eancias ou Educa\u00e7\u00e3o; e M\u00e9dico \u2013 Medicina da Fam\u00edlia e Comunidade (1 vaga), regime de trabalho de 40h, vinculada o Departamento de Sa\u00fade (DSAU\/Uefs), com forma\u00e7\u00e3o exigida de Gradua\u00e7\u00e3o em Medicina com Especializa\u00e7\u00e3o em Medicina Geral de Fam\u00edlia e Comunidade ou resid\u00eancia em Medicina Geral de Fam\u00edlia e Comunidade. Registro do Conselho Profissional.<\/p><div class=\"newsi-conteudo_19\" id=\"newsi-2511964191\"><a href=\"https:\/\/www.instagram.com\/prefeituraalagoinhas?igsh=YzgzdDJ1bWR3aWI4\" aria-label=\"SAVE_20251006_221555\"><img loading=\"lazy\" decoding=\"async\" src=\"https:\/\/newsinfoco.com.br\/inicio\/wp-content\/uploads\/2025\/10\/SAVE_20251006_221555-rotated.jpg\" alt=\"\"  srcset=\"https:\/\/newsinfoco.com.br\/inicio\/wp-content\/uploads\/2025\/10\/SAVE_20251006_221555-rotated.jpg 1140w, https:\/\/newsinfoco.com.br\/inicio\/wp-content\/uploads\/2025\/10\/SAVE_20251006_221555-300x52.jpg 300w, https:\/\/newsinfoco.com.br\/inicio\/wp-content\/uploads\/2025\/10\/SAVE_20251006_221555-1024x177.jpg 1024w, https:\/\/newsinfoco.com.br\/inicio\/wp-content\/uploads\/2025\/10\/SAVE_20251006_221555-768x133.jpg 768w, https:\/\/newsinfoco.com.br\/inicio\/wp-content\/uploads\/2025\/10\/SAVE_20251006_221555-600x104.jpg 600w, https:\/\/newsinfoco.com.br\/inicio\/wp-content\/uploads\/2025\/10\/SAVE_20251006_221555-696x120.jpg 696w, https:\/\/newsinfoco.com.br\/inicio\/wp-content\/uploads\/2025\/10\/SAVE_20251006_221555-1068x185.jpg 1068w\" sizes=\"(max-width: 1140px) 100vw, 1140px\" width=\"1140\" height=\"197\"   \/><\/a><\/div>\n<div class='share-to-whatsapp-wrapper'><div class='share-on-whsp'>Share on: <\/div><a data-text='Uefs abre concurso p\u00fablico para professor neste m\u00eas de outubro' data-link='https:\/\/newsinfoco.com.br\/inicio\/uefs-abre-concurso-publico-para-professor-neste-mes-de-outubro\/' class='whatsapp-button whatsapp-share'>WhatsApp<\/a><div class='clear '><\/div><\/div>","protected":false},"excerpt":{"rendered":"<p>Est\u00e3o abertas as inscri\u00e7\u00f5es para o Concurso P\u00fablico de Provas e T\u00edtulos destinado ao provimento de cargos permanentes de Professor Auxiliar, n\u00edvel \u201cA\u201d, da Universidade Estadual de Feira de Santana (Uefs). O candidato deve se inscrever at\u00e9 as 16h do dia 31 de outubro, no site da coordena\u00e7\u00e3o de sele\u00e7\u00e3o e admiss\u00e3o da institui\u00e7\u00e3o. As [&hellip;]<\/p>\n","protected":false},"author":1,"featured_media":10075,"comment_status":"open","ping_status":"open","sticky":false,"template":"","format":"standard","meta":{"om_disable_all_campaigns":false,"_exactmetrics_skip_tracking":false,"_exactmetrics_sitenote_active":false,"_exactmetrics_sitenote_note":"","_exactmetrics_sitenote_category":0,"footnotes":""},"categories":[19],"tags":[],"class_list":["post-10074","post","type-post","status-publish","format-standard","has-post-thumbnail","hentry","category-bahia"],"aioseo_notices":[],"_links":{"self":[{"href":"https:\/\/newsinfoco.com.br\/inicio\/wp-json\/wp\/v2\/posts\/10074","targetHints":{"allow":["GET"]}}],"collection":[{"href":"https:\/\/newsinfoco.com.br\/inicio\/wp-json\/wp\/v2\/posts"}],"about":[{"href":"https:\/\/newsinfoco.com.br\/inicio\/wp-json\/wp\/v2\/types\/post"}],"author":[{"embeddable":true,"href":"https:\/\/newsinfoco.com.br\/inicio\/wp-json\/wp\/v2\/users\/1"}],"replies":[{"embeddable":true,"href":"https:\/\/newsinfoco.com.br\/inicio\/wp-json\/wp\/v2\/comments?post=10074"}],"version-history":[{"count":0,"href":"https:\/\/newsinfoco.com.br\/inicio\/wp-json\/wp\/v2\/posts\/10074\/revisions"}],"wp:featuredmedia":[{"embeddable":true,"href":"https:\/\/newsinfoco.com.br\/inicio\/wp-json\/wp\/v2\/media\/10075"}],"wp:attachment":[{"href":"https:\/\/newsinfoco.com.br\/inicio\/wp-json\/wp\/v2\/media?parent=10074"}],"wp:term":[{"taxonomy":"category","embeddable":true,"href":"https:\/\/newsinfoco.com.br\/inicio\/wp-json\/wp\/v2\/categories?post=10074"},{"taxonomy":"post_tag","embeddable":true,"href":"https:\/\/newsinfoco.com.br\/inicio\/wp-json\/wp\/v2\/tags?post=10074"}],"curies":[{"name":"wp","href":"https:\/\/api.w.org\/{rel}","templated":true}]}}