{"id":10090,"date":"2018-10-01T17:33:43","date_gmt":"2018-10-01T20:33:43","guid":{"rendered":"http:\/\/newsinfoco.com.br\/?p=10090"},"modified":"2018-10-01T17:38:11","modified_gmt":"2018-10-01T20:38:11","slug":"apos-afericao-quatro-radares-voltarao-a-operar-no-dia-8-de-outubro-em-alagoinhas","status":"publish","type":"post","link":"https:\/\/newsinfoco.com.br\/inicio\/apos-afericao-quatro-radares-voltarao-a-operar-no-dia-8-de-outubro-em-alagoinhas\/","title":{"rendered":"Ap\u00f3s aferi\u00e7\u00e3o, quatro radares voltar\u00e3o a operar no dia 8 de outubro em Alagoinhas"},"content":{"rendered":"<p style=\"text-align: justify;\"><span style=\"color: #000000;\">A Superintend\u00eancia Municipal de Transportes e Tr\u00e2nsito(SMTT) informa que quatro equipamentos de fiscaliza\u00e7\u00e3o eletr\u00f4nica, mais conhecidos como radares, que estavam passando por manuten\u00e7\u00e3o e aferi\u00e7\u00e3o, recome\u00e7am a operar a partir da 0h, do dia 08 de outubro.<\/span><\/p>\n<p style=\"text-align: justify;\"><span style=\"color: #000000;\">Os equipamentos est\u00e3o no encontro entre as Avenidas Severino Vieira e a Juracy Magalh\u00e3es e na Avenida Ayrton Senna. A SMTT alerta que, no encontro entre as avenidas, os radares tamb\u00e9m multam avan\u00e7o de sinal e parada sobre a faixa de pedestres.<\/span><\/p><div class=\"newsi-conteudo_19\" id=\"newsi-4007028907\"><a href=\"https:\/\/www.instagram.com\/prefeituraalagoinhas?igsh=YzgzdDJ1bWR3aWI4\" aria-label=\"SAVE_20251006_221555\"><img loading=\"lazy\" decoding=\"async\" src=\"https:\/\/newsinfoco.com.br\/inicio\/wp-content\/uploads\/2025\/10\/SAVE_20251006_221555-rotated.jpg\" alt=\"\"  srcset=\"https:\/\/newsinfoco.com.br\/inicio\/wp-content\/uploads\/2025\/10\/SAVE_20251006_221555-rotated.jpg 1140w, https:\/\/newsinfoco.com.br\/inicio\/wp-content\/uploads\/2025\/10\/SAVE_20251006_221555-300x52.jpg 300w, https:\/\/newsinfoco.com.br\/inicio\/wp-content\/uploads\/2025\/10\/SAVE_20251006_221555-1024x177.jpg 1024w, https:\/\/newsinfoco.com.br\/inicio\/wp-content\/uploads\/2025\/10\/SAVE_20251006_221555-768x133.jpg 768w, https:\/\/newsinfoco.com.br\/inicio\/wp-content\/uploads\/2025\/10\/SAVE_20251006_221555-600x104.jpg 600w, https:\/\/newsinfoco.com.br\/inicio\/wp-content\/uploads\/2025\/10\/SAVE_20251006_221555-696x120.jpg 696w, https:\/\/newsinfoco.com.br\/inicio\/wp-content\/uploads\/2025\/10\/SAVE_20251006_221555-1068x185.jpg 1068w\" sizes=\"(max-width: 1140px) 100vw, 1140px\" width=\"1140\" height=\"197\"   \/><\/a><\/div>\n<p style=\"text-align: justify;\"><span style=\"color: #000000;\">De acordo com a autarquia, a a\u00e7\u00e3o faz parte dos esfor\u00e7os para reduzir o n\u00famero de acidentes nas vias onde h\u00e1 uma incid\u00eancia significativa de condutores trafegando acima do limite de velocidade. A velocidade m\u00e1xima permitida nessas vias \u00e9 de\u00a0 40 km.<\/span><\/p>\n<p style=\"text-align: justify;\"><span style=\"color: #000000;\">Al\u00e9m destes pontos, no munic\u00edpio, os equipamentos tamb\u00e9m est\u00e3o instalados na Av. Paulo Afonso, Av. Joseph Wagner, Rua Elvira Dorea(Rua da Maternidade) e na Rua Maria Laerte ( Rua do Carneir\u00e3o).<\/span><\/p>\n<h6 style=\"text-align: right;\"><span style=\"color: #999999;\">Fonte: SECOM<\/span><\/h6>\n<div align=\"right\">\n<p style=\"text-align: justify;\">\n<\/div>\n<div class='share-to-whatsapp-wrapper'><div class='share-on-whsp'>Share on: <\/div><a data-text='Ap\u00f3s aferi\u00e7\u00e3o, quatro radares voltar\u00e3o a operar no dia 8 de outubro em Alagoinhas' data-link='https:\/\/newsinfoco.com.br\/inicio\/apos-afericao-quatro-radares-voltarao-a-operar-no-dia-8-de-outubro-em-alagoinhas\/' class='whatsapp-button whatsapp-share'>WhatsApp<\/a><div class='clear '><\/div><\/div>","protected":false},"excerpt":{"rendered":"<p>A Superintend\u00eancia Municipal de Transportes e Tr\u00e2nsito(SMTT) informa que quatro equipamentos de fiscaliza\u00e7\u00e3o eletr\u00f4nica, mais conhecidos como radares, que estavam passando por manuten\u00e7\u00e3o e aferi\u00e7\u00e3o, recome\u00e7am a operar a partir da 0h, do dia 08 de outubro. Os equipamentos est\u00e3o no encontro entre as Avenidas Severino Vieira e a Juracy Magalh\u00e3es e na Avenida Ayrton [&hellip;]<\/p>\n","protected":false},"author":1,"featured_media":10091,"comment_status":"open","ping_status":"open","sticky":false,"template":"","format":"standard","meta":{"om_disable_all_campaigns":false,"_exactmetrics_skip_tracking":false,"_exactmetrics_sitenote_active":false,"_exactmetrics_sitenote_note":"","_exactmetrics_sitenote_category":0,"footnotes":""},"categories":[38,30],"tags":[53,54,56],"class_list":["post-10090","post","type-post","status-publish","format-standard","has-post-thumbnail","hentry","category-alagoinhas-e-regiao","category-destaque","tag-alagoinhas","tag-prefeitura","tag-secom"],"aioseo_notices":[],"_links":{"self":[{"href":"https:\/\/newsinfoco.com.br\/inicio\/wp-json\/wp\/v2\/posts\/10090","targetHints":{"allow":["GET"]}}],"collection":[{"href":"https:\/\/newsinfoco.com.br\/inicio\/wp-json\/wp\/v2\/posts"}],"about":[{"href":"https:\/\/newsinfoco.com.br\/inicio\/wp-json\/wp\/v2\/types\/post"}],"author":[{"embeddable":true,"href":"https:\/\/newsinfoco.com.br\/inicio\/wp-json\/wp\/v2\/users\/1"}],"replies":[{"embeddable":true,"href":"https:\/\/newsinfoco.com.br\/inicio\/wp-json\/wp\/v2\/comments?post=10090"}],"version-history":[{"count":0,"href":"https:\/\/newsinfoco.com.br\/inicio\/wp-json\/wp\/v2\/posts\/10090\/revisions"}],"wp:featuredmedia":[{"embeddable":true,"href":"https:\/\/newsinfoco.com.br\/inicio\/wp-json\/wp\/v2\/media\/10091"}],"wp:attachment":[{"href":"https:\/\/newsinfoco.com.br\/inicio\/wp-json\/wp\/v2\/media?parent=10090"}],"wp:term":[{"taxonomy":"category","embeddable":true,"href":"https:\/\/newsinfoco.com.br\/inicio\/wp-json\/wp\/v2\/categories?post=10090"},{"taxonomy":"post_tag","embeddable":true,"href":"https:\/\/newsinfoco.com.br\/inicio\/wp-json\/wp\/v2\/tags?post=10090"}],"curies":[{"name":"wp","href":"https:\/\/api.w.org\/{rel}","templated":true}]}}