{"id":10132,"date":"2018-10-02T17:18:37","date_gmt":"2018-10-02T20:18:37","guid":{"rendered":"http:\/\/newsinfoco.com.br\/?p=10132"},"modified":"2018-10-02T17:18:37","modified_gmt":"2018-10-02T20:18:37","slug":"semas-abre-inscricoes-para-o-casamento-social","status":"publish","type":"post","link":"https:\/\/newsinfoco.com.br\/inicio\/semas-abre-inscricoes-para-o-casamento-social\/","title":{"rendered":"Semas abre inscri\u00e7\u00f5es para o Casamento Social"},"content":{"rendered":"<p style=\"text-align: justify;\"><span style=\"color: #000000;\">O sonho de uma festa de casamento linda, \u00a0mas que por falta de recursos financeiros, alguns casais n\u00e3o conseguem realizar, poder\u00e1 ser concretizado no Casamento Social, que acontecer\u00e1 em Dezembro. Os noivos interessados podem fazer as suas inscri\u00e7\u00f5es at\u00e9 o dia 1\u00ba de Novembro, na sede da Secretaria de Assist\u00eancia Social (SEMAS), situada \u00e0 Rua Severino Vieira, 1077, Centro, das 8h \u00e0s 17h.<\/span><\/p>\n<p style=\"text-align: justify;\"><span style=\"color: #000000;\">A prefeitura ir\u00e1 custear todas as despesas da cerim\u00f4nia, mas s\u00f3 poder\u00e3o participar os noivos que estiverem inscritos no Cadastro \u00danico (CAD\u00danico).<\/span><\/p><div class=\"newsi-conteudo_19\" id=\"newsi-3902488028\"><a href=\"https:\/\/www.instagram.com\/prefeituraalagoinhas?igsh=YzgzdDJ1bWR3aWI4\" aria-label=\"SAVE_20251006_221555\"><img loading=\"lazy\" decoding=\"async\" src=\"https:\/\/newsinfoco.com.br\/inicio\/wp-content\/uploads\/2025\/10\/SAVE_20251006_221555-rotated.jpg\" alt=\"\"  srcset=\"https:\/\/newsinfoco.com.br\/inicio\/wp-content\/uploads\/2025\/10\/SAVE_20251006_221555-rotated.jpg 1140w, https:\/\/newsinfoco.com.br\/inicio\/wp-content\/uploads\/2025\/10\/SAVE_20251006_221555-300x52.jpg 300w, https:\/\/newsinfoco.com.br\/inicio\/wp-content\/uploads\/2025\/10\/SAVE_20251006_221555-1024x177.jpg 1024w, https:\/\/newsinfoco.com.br\/inicio\/wp-content\/uploads\/2025\/10\/SAVE_20251006_221555-768x133.jpg 768w, https:\/\/newsinfoco.com.br\/inicio\/wp-content\/uploads\/2025\/10\/SAVE_20251006_221555-600x104.jpg 600w, https:\/\/newsinfoco.com.br\/inicio\/wp-content\/uploads\/2025\/10\/SAVE_20251006_221555-696x120.jpg 696w, https:\/\/newsinfoco.com.br\/inicio\/wp-content\/uploads\/2025\/10\/SAVE_20251006_221555-1068x185.jpg 1068w\" sizes=\"(max-width: 1140px) 100vw, 1140px\" width=\"1140\" height=\"197\"   \/><\/a><\/div>\n<p style=\"text-align: justify;\"><span style=\"color: #000000;\">Confira lista da documenta\u00e7\u00e3o necess\u00e1ria:<\/span><\/p>\n<p style=\"text-align: justify;\"><span style=\"color: #000000;\"><strong>Solteiros(as): \u00a0<\/strong><\/span><\/p>\n<p style=\"text-align: justify;\"><span style=\"color: #000000;\">2\u00aa via da Certid\u00e3o de Nascimento atualizada dos noivos (expedida h\u00e1 menos de 6 meses da data do casamento);<\/span><\/p>\n<p style=\"text-align: justify;\"><span style=\"color: #000000;\">-Original e x\u00e9rox do RG e CPF;<\/span><\/p>\n<p style=\"text-align: justify;\"><span style=\"color: #000000;\">-Original e x\u00e9rox do comprovante de resid\u00eancia ou declara\u00e7\u00e3o de resid\u00eancia;<\/span><\/p>\n<p style=\"text-align: justify;\"><span style=\"color: #000000;\"><strong>Divorciados(as):<\/strong><\/span><\/p>\n<p style=\"text-align: justify;\"><span style=\"color: #000000;\">\u2013 2\u00aa via da Certid\u00e3o de Nascimento dos noivos (expedida h\u00e1 menos de 6 meses da data do casamento);<\/span><\/p>\n<p style=\"text-align: justify;\"><span style=\"color: #000000;\">\u2013 Original e x\u00e9rox do RG e CPF<\/span><\/p>\n<p style=\"text-align: justify;\"><span style=\"color: #000000;\">-Original e x\u00e9rox do comprovante de resid\u00eancia ou declara\u00e7\u00e3o de resid\u00eancia;<\/span><\/p>\n<p style=\"text-align: justify;\"><span style=\"color: #000000;\">-Original da Certid\u00e3o de Casamento com a Averba\u00e7\u00e3o do Div\u00f3rcio;<\/span><\/p>\n<p style=\"text-align: justify;\"><span style=\"color: #000000;\"><strong>Vi\u00favos(as):<\/strong><\/span><\/p>\n<p style=\"text-align: justify;\"><span style=\"color: #000000;\">\u2013 2\u00aa via da Certid\u00e3o de Nascimento atualizada dos noivos (expedida h\u00e1 menos de 6 meses da data do casamento);<\/span><\/p>\n<p style=\"text-align: justify;\"><span style=\"color: #000000;\">\u2013 Original e x\u00e9rox do RG e CPF;<\/span><\/p>\n<p style=\"text-align: justify;\"><span style=\"color: #000000;\">\u2013 Original da certid\u00e3o de casamento com anota\u00e7\u00e3o de viuvez com Averba\u00e7\u00e3o;<\/span><\/p>\n<h6 style=\"text-align: right;\"><span style=\"color: #999999;\">Fonte: SECOM SEMAS<\/span><\/h6>\n<div style=\"text-align: justify;\" align=\"right\"><\/div>\n<div class='share-to-whatsapp-wrapper'><div class='share-on-whsp'>Share on: <\/div><a data-text='Semas abre inscri\u00e7\u00f5es para o Casamento Social' data-link='https:\/\/newsinfoco.com.br\/inicio\/semas-abre-inscricoes-para-o-casamento-social\/' class='whatsapp-button whatsapp-share'>WhatsApp<\/a><div class='clear '><\/div><\/div>","protected":false},"excerpt":{"rendered":"<p>O sonho de uma festa de casamento linda, \u00a0mas que por falta de recursos financeiros, alguns casais n\u00e3o conseguem realizar, poder\u00e1 ser concretizado no Casamento Social, que acontecer\u00e1 em Dezembro. Os noivos interessados podem fazer as suas inscri\u00e7\u00f5es at\u00e9 o dia 1\u00ba de Novembro, na sede da Secretaria de Assist\u00eancia Social (SEMAS), situada \u00e0 Rua [&hellip;]<\/p>\n","protected":false},"author":1,"featured_media":10133,"comment_status":"open","ping_status":"open","sticky":false,"template":"","format":"standard","meta":{"om_disable_all_campaigns":false,"_exactmetrics_skip_tracking":false,"_exactmetrics_sitenote_active":false,"_exactmetrics_sitenote_note":"","_exactmetrics_sitenote_category":0,"footnotes":""},"categories":[38,30],"tags":[53,54,120],"class_list":["post-10132","post","type-post","status-publish","format-standard","has-post-thumbnail","hentry","category-alagoinhas-e-regiao","category-destaque","tag-alagoinhas","tag-prefeitura","tag-secom-semas"],"aioseo_notices":[],"_links":{"self":[{"href":"https:\/\/newsinfoco.com.br\/inicio\/wp-json\/wp\/v2\/posts\/10132","targetHints":{"allow":["GET"]}}],"collection":[{"href":"https:\/\/newsinfoco.com.br\/inicio\/wp-json\/wp\/v2\/posts"}],"about":[{"href":"https:\/\/newsinfoco.com.br\/inicio\/wp-json\/wp\/v2\/types\/post"}],"author":[{"embeddable":true,"href":"https:\/\/newsinfoco.com.br\/inicio\/wp-json\/wp\/v2\/users\/1"}],"replies":[{"embeddable":true,"href":"https:\/\/newsinfoco.com.br\/inicio\/wp-json\/wp\/v2\/comments?post=10132"}],"version-history":[{"count":0,"href":"https:\/\/newsinfoco.com.br\/inicio\/wp-json\/wp\/v2\/posts\/10132\/revisions"}],"wp:featuredmedia":[{"embeddable":true,"href":"https:\/\/newsinfoco.com.br\/inicio\/wp-json\/wp\/v2\/media\/10133"}],"wp:attachment":[{"href":"https:\/\/newsinfoco.com.br\/inicio\/wp-json\/wp\/v2\/media?parent=10132"}],"wp:term":[{"taxonomy":"category","embeddable":true,"href":"https:\/\/newsinfoco.com.br\/inicio\/wp-json\/wp\/v2\/categories?post=10132"},{"taxonomy":"post_tag","embeddable":true,"href":"https:\/\/newsinfoco.com.br\/inicio\/wp-json\/wp\/v2\/tags?post=10132"}],"curies":[{"name":"wp","href":"https:\/\/api.w.org\/{rel}","templated":true}]}}