{"id":10135,"date":"2018-10-02T17:24:49","date_gmt":"2018-10-02T20:24:49","guid":{"rendered":"http:\/\/newsinfoco.com.br\/?p=10135"},"modified":"2018-10-02T17:32:53","modified_gmt":"2018-10-02T20:32:53","slug":"prefeitura-de-alagoinhas-reinaugura-unidade-de-saude-da-familia-do-estevao-completamente-reformada-nesta-quinta-feira-4","status":"publish","type":"post","link":"https:\/\/newsinfoco.com.br\/inicio\/prefeitura-de-alagoinhas-reinaugura-unidade-de-saude-da-familia-do-estevao-completamente-reformada-nesta-quinta-feira-4\/","title":{"rendered":"Prefeitura de Alagoinhas reinaugura Unidade de Sa\u00fade da Fam\u00edlia do Estev\u00e3o completamente reformada nesta quinta-feira (4)"},"content":{"rendered":"<p style=\"text-align: justify;\"><span style=\"color: #000000;\">Ap\u00f3s concluir a reforma completa na estrutura f\u00edsica da Unidade de Sa\u00fade da Fam\u00edlia do Estev\u00e3o com recursos pr\u00f3prios, do fundo municipal, a Prefeitura, atrav\u00e9s da Secretaria de Sa\u00fade (SESAU), reinaugura o espa\u00e7o, que conta agora com bancada para a administra\u00e7\u00e3o dos imunobiol\u00f3gicos, acesso para passagem do material infectante direto ao expurgo, evitando a contamina\u00e7\u00e3o por cruzamento, e salas adequadas para receber profissionais e usu\u00e1rios do sistema.<\/span><\/p>\n<p style=\"text-align: justify;\"><span style=\"color: #000000;\">A entrega da unidade reformada ao povoado ser\u00e1 realizada oficialmente nesta quinta-feira, \u00e0s 9h.<\/span><\/p><div class=\"newsi-conteudo_19\" id=\"newsi-66244562\"><a href=\"https:\/\/www.instagram.com\/prefeituraalagoinhas?igsh=YzgzdDJ1bWR3aWI4\" aria-label=\"SAVE_20251006_221555\"><img loading=\"lazy\" decoding=\"async\" src=\"https:\/\/newsinfoco.com.br\/inicio\/wp-content\/uploads\/2025\/10\/SAVE_20251006_221555-rotated.jpg\" alt=\"\"  srcset=\"https:\/\/newsinfoco.com.br\/inicio\/wp-content\/uploads\/2025\/10\/SAVE_20251006_221555-rotated.jpg 1140w, https:\/\/newsinfoco.com.br\/inicio\/wp-content\/uploads\/2025\/10\/SAVE_20251006_221555-300x52.jpg 300w, https:\/\/newsinfoco.com.br\/inicio\/wp-content\/uploads\/2025\/10\/SAVE_20251006_221555-1024x177.jpg 1024w, https:\/\/newsinfoco.com.br\/inicio\/wp-content\/uploads\/2025\/10\/SAVE_20251006_221555-768x133.jpg 768w, https:\/\/newsinfoco.com.br\/inicio\/wp-content\/uploads\/2025\/10\/SAVE_20251006_221555-600x104.jpg 600w, https:\/\/newsinfoco.com.br\/inicio\/wp-content\/uploads\/2025\/10\/SAVE_20251006_221555-696x120.jpg 696w, https:\/\/newsinfoco.com.br\/inicio\/wp-content\/uploads\/2025\/10\/SAVE_20251006_221555-1068x185.jpg 1068w\" sizes=\"(max-width: 1140px) 100vw, 1140px\" width=\"1140\" height=\"197\"   \/><\/a><\/div>\n<p style=\"text-align: justify;\"><span style=\"color: #000000;\">\u201cNa unidade do Estev\u00e3o, foi necess\u00e1rio fazer todo o retelhamento. As telhas antigas encharcavam e acabavam gerando goteiras. Em situa\u00e7\u00f5es de chuva intensa, a unidade chegou a interromper por algumas horas a atividade em virtude do volume de \u00e1gua, ent\u00e3o foi feito um processo de reforma, com novas telhas de cer\u00e2mica adquiridas, adequa\u00e7\u00f5es internas realizadas, pintura e reparos que v\u00e3o garantir uma melhor estrutura de atendimento \u00e0 equipe e tamb\u00e9m \u00e0 popula\u00e7\u00e3o\u201d, detalhou o diretor de planejamento da sa\u00fade, Edlam de Souza Santos.<\/span><\/p>\n<p style=\"text-align: justify;\"><span style=\"color: #000000;\">De acordo com o secret\u00e1rio respons\u00e1vel pela pasta, Moacir Lira, as melhorias fazem parte de um conjunto de a\u00e7\u00f5es que t\u00eam como prioridade a qualifica\u00e7\u00e3o da Aten\u00e7\u00e3o B\u00e1sica no munic\u00edpio. \u201cPrecisamos enxergar a Aten\u00e7\u00e3o B\u00e1sica como a porta de entrada de todo o sistema. \u00c9 fundamental que as unidades tenham as estruturas f\u00edsicas adequadas para que, al\u00e9m de facilitar o atendimento e a presta\u00e7\u00e3o do servi\u00e7o, as pessoas se sintam acolhidas pelos profissionais no local. Precisamos garantir que o espa\u00e7o de atendimento seja n\u00e3o apenas um espa\u00e7o de sofrimento, mas de acolhimento. E \u00e9 necess\u00e1rio que tenhamos um olhar diferenciado na zona rural\u201d, enfatizou.<\/span><\/p>\n<p style=\"text-align: justify;\"><span style=\"color: #000000;\">Segundo ele, como as comunidades da zona rural t\u00eam maior dificuldade ao acesso a servi\u00e7os da sa\u00fade, a ideia da secretaria, enquanto planejamento, foi justamente investir na reestrutura\u00e7\u00e3o desses pontos espec\u00edficos, contemplando as comunidades da zona rural com reformas e realiza\u00e7\u00f5es que assegurem o atendimento de qualidade \u00e0 popula\u00e7\u00e3o.<\/span><\/p>\n<p style=\"text-align: justify;\"><span style=\"color: #000000;\">A iniciativa n\u00e3o \u00e9 pontual. No dia seguinte \u00e0 reinaugura\u00e7\u00e3o da unidade do Estev\u00e3o, a SESAU entrega uma unidade de sa\u00fade que foi ampliada em Narandiba e a previs\u00e3o, at\u00e9 o 1\u00ba semestre de 2019, \u00e9 de contemplar com interven\u00e7\u00f5es significativas na estrutura f\u00edsica tamb\u00e9m os distritos de Boa Uni\u00e3o e Riacho da Guia.<\/span><\/p>\n<p style=\"text-align: justify;\"><span style=\"color: #000000;\">\u201cA ideia \u00e9 que a gente impulsione agora esse processo de reformas, adequa\u00e7\u00f5es e amplia\u00e7\u00f5es porque as unidades, de fato, est\u00e3o necessitando. Com as estrutura\u00e7\u00f5es entregues, devemos pular de 60% para 75% de cobertura em estrat\u00e9gia de sa\u00fade da fam\u00edlia. Esse \u00edndice \u00e9 significativo, mas sabemos que ainda n\u00e3o atende a contento a popula\u00e7\u00e3o. N\u00f3s temos consci\u00eancia dos desafios, mas h\u00e1 uma necessidade de fortalecimento financeiro, porque o repasse hoje que o Minist\u00e9rio da Sa\u00fade faz como contrapartida para a amplia\u00e7\u00e3o das equipes de sa\u00fade da fam\u00edlia n\u00e3o atende as necessidades em sua totalidade. \u00c9 vislumbrando novos caminhos de melhorias e a\u00e7\u00f5es que temos trabalhado para trazer essas boas not\u00edcias de reformas, amplia\u00e7\u00f5es e interven\u00e7\u00f5es para Alagoinhas\u201d, destacou Edlam Santos.<\/span><\/p>\n<p style=\"text-align: justify;\"><span style=\"color: #000000;\">A Secretaria de Sa\u00fade informou que os profissionais est\u00e3o sens\u00edveis \u00e0s necessidades da popula\u00e7\u00e3o e que o intuito \u00e9 ampliar o acesso dos mun\u00edcipes aos servi\u00e7os de sa\u00fade.<\/span><\/p>\n<p style=\"text-align: justify;\"><span style=\"color: #000000;\">A SESAU comunicou tamb\u00e9m que a manuten\u00e7\u00e3o e os reparos t\u00eam sido feitos de forma cont\u00ednua tanto na zona urbana como na zona rural.<\/span><\/p>\n<p style=\"text-align: justify;\"><span style=\"color: #000000;\">Somada \u00e0 implanta\u00e7\u00e3o do servi\u00e7o de ultrassonografia, aos ve\u00edculos adquiridos e \u00e0s interven\u00e7\u00f5es nas unidades, a reinaugura\u00e7\u00e3o desta quinta-feira contribui para a proposta da secretaria de fortalecer a Aten\u00e7\u00e3o B\u00e1sica, oferecendo suporte para o atendimento aos usu\u00e1rios.<\/span><\/p>\n<p style=\"text-align: justify;\"><span style=\"color: #000000;\">At\u00e9 dezembro, a SESAU pretende entregar tamb\u00e9m a nova base do SAMU em Alagoinhas.<\/span><\/p>\n<p style=\"text-align: justify;\"><span style=\"color: #000000;\"><strong>Servi\u00e7o<\/strong><\/span><br \/>\n<span style=\"color: #000000;\">Reinaugura\u00e7\u00e3o da Unidade de Sa\u00fade da Fam\u00edlia do Estev\u00e3o<\/span><br \/>\n<span style=\"color: #000000;\"><strong>Data:<\/strong>\u00a004\/10\/2018 (quinta-feira)<\/span><br \/>\n<span style=\"color: #000000;\"><strong>Hor\u00e1rio:<\/strong>\u00a09h<\/span><br \/>\n<span style=\"color: #000000;\"><strong>Local:<\/strong>\u00a0Povoado Estev\u00e3o<\/span><\/p>\n<h6 style=\"text-align: right;\"><span style=\"color: #999999;\">Fonte: SECOM SESAU<\/span><\/h6>\n<div class='share-to-whatsapp-wrapper'><div class='share-on-whsp'>Share on: <\/div><a data-text='Prefeitura de Alagoinhas reinaugura Unidade de Sa\u00fade da Fam\u00edlia do Estev\u00e3o completamente reformada nesta quinta-feira (4)' data-link='https:\/\/newsinfoco.com.br\/inicio\/prefeitura-de-alagoinhas-reinaugura-unidade-de-saude-da-familia-do-estevao-completamente-reformada-nesta-quinta-feira-4\/' class='whatsapp-button whatsapp-share'>WhatsApp<\/a><div class='clear '><\/div><\/div>","protected":false},"excerpt":{"rendered":"<p>Ap\u00f3s concluir a reforma completa na estrutura f\u00edsica da Unidade de Sa\u00fade da Fam\u00edlia do Estev\u00e3o com recursos pr\u00f3prios, do fundo municipal, a Prefeitura, atrav\u00e9s da Secretaria de Sa\u00fade (SESAU), reinaugura o espa\u00e7o, que conta agora com bancada para a administra\u00e7\u00e3o dos imunobiol\u00f3gicos, acesso para passagem do material infectante direto ao expurgo, evitando a contamina\u00e7\u00e3o [&hellip;]<\/p>\n","protected":false},"author":1,"featured_media":10136,"comment_status":"open","ping_status":"open","sticky":false,"template":"","format":"standard","meta":{"om_disable_all_campaigns":false,"_exactmetrics_skip_tracking":false,"_exactmetrics_sitenote_active":false,"_exactmetrics_sitenote_note":"","_exactmetrics_sitenote_category":0,"footnotes":""},"categories":[38,30],"tags":[53,54,101],"class_list":["post-10135","post","type-post","status-publish","format-standard","has-post-thumbnail","hentry","category-alagoinhas-e-regiao","category-destaque","tag-alagoinhas","tag-prefeitura","tag-secom-sesau"],"aioseo_notices":[],"_links":{"self":[{"href":"https:\/\/newsinfoco.com.br\/inicio\/wp-json\/wp\/v2\/posts\/10135","targetHints":{"allow":["GET"]}}],"collection":[{"href":"https:\/\/newsinfoco.com.br\/inicio\/wp-json\/wp\/v2\/posts"}],"about":[{"href":"https:\/\/newsinfoco.com.br\/inicio\/wp-json\/wp\/v2\/types\/post"}],"author":[{"embeddable":true,"href":"https:\/\/newsinfoco.com.br\/inicio\/wp-json\/wp\/v2\/users\/1"}],"replies":[{"embeddable":true,"href":"https:\/\/newsinfoco.com.br\/inicio\/wp-json\/wp\/v2\/comments?post=10135"}],"version-history":[{"count":0,"href":"https:\/\/newsinfoco.com.br\/inicio\/wp-json\/wp\/v2\/posts\/10135\/revisions"}],"wp:featuredmedia":[{"embeddable":true,"href":"https:\/\/newsinfoco.com.br\/inicio\/wp-json\/wp\/v2\/media\/10136"}],"wp:attachment":[{"href":"https:\/\/newsinfoco.com.br\/inicio\/wp-json\/wp\/v2\/media?parent=10135"}],"wp:term":[{"taxonomy":"category","embeddable":true,"href":"https:\/\/newsinfoco.com.br\/inicio\/wp-json\/wp\/v2\/categories?post=10135"},{"taxonomy":"post_tag","embeddable":true,"href":"https:\/\/newsinfoco.com.br\/inicio\/wp-json\/wp\/v2\/tags?post=10135"}],"curies":[{"name":"wp","href":"https:\/\/api.w.org\/{rel}","templated":true}]}}