{"id":10162,"date":"2018-10-03T17:40:14","date_gmt":"2018-10-03T20:40:14","guid":{"rendered":"http:\/\/newsinfoco.com.br\/?p=10162"},"modified":"2018-10-03T17:40:14","modified_gmt":"2018-10-03T20:40:14","slug":"equipe-do-programa-crianca-feliz-recebe-visita-de-consultor-da-unesco","status":"publish","type":"post","link":"https:\/\/newsinfoco.com.br\/inicio\/equipe-do-programa-crianca-feliz-recebe-visita-de-consultor-da-unesco\/","title":{"rendered":"Equipe do Programa Crian\u00e7a Feliz recebe visita de consultor da Unesco"},"content":{"rendered":"<p style=\"text-align: justify;\"><span style=\"color: #000000;\">Desde sua ades\u00e3o pelo Munic\u00edpio, em agosto de 2017, o programa \u00a0Crian\u00e7a Feliz, desenvolvido pela\u00a0 Secretaria Municipal de Assist\u00eancia Social (SEMAS) \u00a0tem alcan\u00e7ado resultados satisfat\u00f3rios junto \u00e0s 417 fam\u00edlias atendidas. Nesta ter\u00e7a-feira (02), o coordenador de Prote\u00e7\u00e3o Social, Ruidinaldo Brito, a supervisora municipal do programa, Adila Costa Bispo, equipe de visitadores, supervisores e coordenadores dos CRAS \u00a0receberam a visita do consultor da UNESCO \u00a0para o Minist\u00e9rio do Desenvolvimento Social (MDS), Leonardo Menezes. O objetivo foi \u00a0acompanhar o processo de implanta\u00e7\u00e3o e execu\u00e7\u00e3o do programa no munic\u00edpio.<\/span><\/p>\n<p><img decoding=\"async\" src=\"https:\/\/www.alagoinhas.ba.gov.br\/wp-content\/uploads\/2018\/10\/315b1922-f8f0-4467-b0dc-204a1700381b-1024x575.jpg\" \/><\/p>\n<p>Leonardo acompanhou as visitas domiciliares e manifestou satisfa\u00e7\u00e3o com a organiza\u00e7\u00e3o, condu\u00e7\u00e3o do trabalho e qualifica\u00e7\u00e3o da equipe, formada por nove profissionais.<\/p><div class=\"newsi-conteudo_19\" id=\"newsi-847733478\"><a href=\"https:\/\/www.instagram.com\/prefeituraalagoinhas?igsh=YzgzdDJ1bWR3aWI4\" aria-label=\"SAVE_20251006_221555\"><img loading=\"lazy\" decoding=\"async\" src=\"https:\/\/newsinfoco.com.br\/inicio\/wp-content\/uploads\/2025\/10\/SAVE_20251006_221555-rotated.jpg\" alt=\"\"  srcset=\"https:\/\/newsinfoco.com.br\/inicio\/wp-content\/uploads\/2025\/10\/SAVE_20251006_221555-rotated.jpg 1140w, https:\/\/newsinfoco.com.br\/inicio\/wp-content\/uploads\/2025\/10\/SAVE_20251006_221555-300x52.jpg 300w, https:\/\/newsinfoco.com.br\/inicio\/wp-content\/uploads\/2025\/10\/SAVE_20251006_221555-1024x177.jpg 1024w, https:\/\/newsinfoco.com.br\/inicio\/wp-content\/uploads\/2025\/10\/SAVE_20251006_221555-768x133.jpg 768w, https:\/\/newsinfoco.com.br\/inicio\/wp-content\/uploads\/2025\/10\/SAVE_20251006_221555-600x104.jpg 600w, https:\/\/newsinfoco.com.br\/inicio\/wp-content\/uploads\/2025\/10\/SAVE_20251006_221555-696x120.jpg 696w, https:\/\/newsinfoco.com.br\/inicio\/wp-content\/uploads\/2025\/10\/SAVE_20251006_221555-1068x185.jpg 1068w\" sizes=\"(max-width: 1140px) 100vw, 1140px\" width=\"1140\" height=\"197\"   \/><\/a><\/div>\n<p><img decoding=\"async\" src=\"https:\/\/www.alagoinhas.ba.gov.br\/wp-content\/uploads\/2018\/10\/2e191829-0ed8-476b-9a85-0bd4911a4268-1-1024x678.jpg\" \/><\/p>\n<p style=\"text-align: justify;\"><span style=\"color: #000000;\">\u201cAlagoinhas \u00a0tem executado o programa dentro da proposta e fiquei muito satisfeito em saber que todas as visitadoras t\u00eam n\u00edvel superior , o que n\u00e3o \u00e9 exigido pelo programa. Isso tem trazido um diferencial , uma maior qualidade para a execu\u00e7\u00e3o do programa no munic\u00edpio, a exemplo da elabora\u00e7\u00e3o de materiais que s\u00e3o levados para os cuidadores das crian\u00e7as assistidas\u201d, enfatizou o consultor.<\/span><\/p>\n<p><img decoding=\"async\" src=\"https:\/\/www.alagoinhas.ba.gov.br\/wp-content\/uploads\/2018\/10\/ded59656-903c-4d82-9bac-fb9921e13c55-1024x575.jpg\" \/><\/p>\n<p style=\"text-align: justify;\"><span style=\"color: #000000;\">\u201d Os cuidados com a primeira inf\u00e2ncia \u00e9 uma prioridade para nossa gest\u00e3o.\u00c9 muito importante envolver as fam\u00edlias, por isso nossos visitadores foram preparados para serem inseridos nesse ambiente familiar e buscar transmitir os cuidados que devem ser tomados nesta \u00e9poca da vida. O programa tem todo potencial para garantir que as nossas crian\u00e7as tenham melhor desenvolvimento cognitivo, social, educacional e estabele\u00e7am melhores v\u00ednculos familiares\u201d, disse o secret\u00e1rio da SEMAS , Alfredo Menezes.<\/span><\/p>\n<p style=\"text-align: justify;\"><span style=\"color: #000000;\"><strong>Sobre o programa<\/strong><\/span><\/p>\n<p style=\"text-align: justify;\"><span style=\"color: #000000;\">O programa Federal \u201cCrian\u00e7a Feliz\u201d foi planejado para garantir o desenvolvimento integral da Primeira Inf\u00e2ncia.A a\u00e7\u00f5es s\u00e3o voltadas \u00e0s gestantes e crian\u00e7as benefici\u00e1rias do Programa Bolsa Fam\u00edlia de at\u00e9 3 anos, e \u00e0quelas de at\u00e9 6 anos que recebem o Benef\u00edcio de Presta\u00e7\u00e3o Continuada (BPC). Tamb\u00e9m s\u00e3o acompanhadas gestantes e crian\u00e7as benefici\u00e1rias afastadas do conv\u00edvio familiar por medidas protetivas.Por meio de visitas domiciliares \u00e0s fam\u00edlias, a equipe capacitada acompanha e d\u00e1 orienta\u00e7\u00f5es importantes para fortalecer os v\u00ednculos familiares e estimular o desenvolvimento infantil<\/span>.<\/p>\n<p><img decoding=\"async\" src=\"https:\/\/www.alagoinhas.ba.gov.br\/wp-content\/uploads\/2018\/10\/66fc8944-14f7-48f7-9d36-15d5afe3e17a-1024x575.jpg\" \/><\/p>\n<h6 style=\"text-align: right;\"><span style=\"color: #999999;\">Fonte: SECOM SEMAS<\/span><\/h6>\n<p>&nbsp;<\/p>\n<div class='share-to-whatsapp-wrapper'><div class='share-on-whsp'>Share on: <\/div><a data-text='Equipe do Programa Crian\u00e7a Feliz recebe visita de consultor da Unesco' data-link='https:\/\/newsinfoco.com.br\/inicio\/equipe-do-programa-crianca-feliz-recebe-visita-de-consultor-da-unesco\/' class='whatsapp-button whatsapp-share'>WhatsApp<\/a><div class='clear '><\/div><\/div>","protected":false},"excerpt":{"rendered":"<p>Desde sua ades\u00e3o pelo Munic\u00edpio, em agosto de 2017, o programa \u00a0Crian\u00e7a Feliz, desenvolvido pela\u00a0 Secretaria Municipal de Assist\u00eancia Social (SEMAS) \u00a0tem alcan\u00e7ado resultados satisfat\u00f3rios junto \u00e0s 417 fam\u00edlias atendidas. Nesta ter\u00e7a-feira (02), o coordenador de Prote\u00e7\u00e3o Social, Ruidinaldo Brito, a supervisora municipal do programa, Adila Costa Bispo, equipe de visitadores, supervisores e coordenadores dos [&hellip;]<\/p>\n","protected":false},"author":1,"featured_media":10174,"comment_status":"open","ping_status":"open","sticky":false,"template":"","format":"standard","meta":{"om_disable_all_campaigns":false,"_exactmetrics_skip_tracking":false,"_exactmetrics_sitenote_active":false,"_exactmetrics_sitenote_note":"","_exactmetrics_sitenote_category":0,"footnotes":""},"categories":[38,30],"tags":[53,54,120],"class_list":["post-10162","post","type-post","status-publish","format-standard","has-post-thumbnail","hentry","category-alagoinhas-e-regiao","category-destaque","tag-alagoinhas","tag-prefeitura","tag-secom-semas"],"aioseo_notices":[],"_links":{"self":[{"href":"https:\/\/newsinfoco.com.br\/inicio\/wp-json\/wp\/v2\/posts\/10162","targetHints":{"allow":["GET"]}}],"collection":[{"href":"https:\/\/newsinfoco.com.br\/inicio\/wp-json\/wp\/v2\/posts"}],"about":[{"href":"https:\/\/newsinfoco.com.br\/inicio\/wp-json\/wp\/v2\/types\/post"}],"author":[{"embeddable":true,"href":"https:\/\/newsinfoco.com.br\/inicio\/wp-json\/wp\/v2\/users\/1"}],"replies":[{"embeddable":true,"href":"https:\/\/newsinfoco.com.br\/inicio\/wp-json\/wp\/v2\/comments?post=10162"}],"version-history":[{"count":0,"href":"https:\/\/newsinfoco.com.br\/inicio\/wp-json\/wp\/v2\/posts\/10162\/revisions"}],"wp:featuredmedia":[{"embeddable":true,"href":"https:\/\/newsinfoco.com.br\/inicio\/wp-json\/wp\/v2\/media\/10174"}],"wp:attachment":[{"href":"https:\/\/newsinfoco.com.br\/inicio\/wp-json\/wp\/v2\/media?parent=10162"}],"wp:term":[{"taxonomy":"category","embeddable":true,"href":"https:\/\/newsinfoco.com.br\/inicio\/wp-json\/wp\/v2\/categories?post=10162"},{"taxonomy":"post_tag","embeddable":true,"href":"https:\/\/newsinfoco.com.br\/inicio\/wp-json\/wp\/v2\/tags?post=10162"}],"curies":[{"name":"wp","href":"https:\/\/api.w.org\/{rel}","templated":true}]}}