{"id":10171,"date":"2018-10-03T17:23:03","date_gmt":"2018-10-03T20:23:03","guid":{"rendered":"http:\/\/newsinfoco.com.br\/?p=10171"},"modified":"2018-10-03T17:23:03","modified_gmt":"2018-10-03T20:23:03","slug":"marina-diz-que-resultado-das-urnas-sera-soberano","status":"publish","type":"post","link":"https:\/\/newsinfoco.com.br\/inicio\/marina-diz-que-resultado-das-urnas-sera-soberano\/","title":{"rendered":"Marina diz que resultado das urnas ser\u00e1 soberano"},"content":{"rendered":"<p style=\"text-align: justify;\">Quinta colocada nas inten\u00e7\u00f5es de voto de acordo com a \u00faltima pesquisa Ibope, a candidata \u00e0 Presid\u00eancia Marina Silva (Rede) afirmou nesta quarta-feira, 3, que o pleito do pr\u00f3ximo domingo ir\u00e1 representar nas urnas \u201ca vontade soberana do povo brasileiro\u201d.<\/p>\n<p style=\"text-align: justify;\">Para ela, contudo, o Pa\u00eds n\u00e3o pode \u201carriscar o futuro dos nossos filhos com a espada da viol\u00eancia que prop\u00f5e a campanha do Jair Bolsonaro\u201d, candidato do PSL que lidera as pesquisas, \u201cnem repetir mais do mesmo com a corrup\u00e7\u00e3o\u201d.<\/p><div class=\"newsi-conteudo_19\" id=\"newsi-3816669793\"><a href=\"https:\/\/www.instagram.com\/prefeituraalagoinhas?igsh=YzgzdDJ1bWR3aWI4\" aria-label=\"SAVE_20251006_221555\"><img loading=\"lazy\" decoding=\"async\" src=\"https:\/\/newsinfoco.com.br\/inicio\/wp-content\/uploads\/2025\/10\/SAVE_20251006_221555-rotated.jpg\" alt=\"\"  srcset=\"https:\/\/newsinfoco.com.br\/inicio\/wp-content\/uploads\/2025\/10\/SAVE_20251006_221555-rotated.jpg 1140w, https:\/\/newsinfoco.com.br\/inicio\/wp-content\/uploads\/2025\/10\/SAVE_20251006_221555-300x52.jpg 300w, https:\/\/newsinfoco.com.br\/inicio\/wp-content\/uploads\/2025\/10\/SAVE_20251006_221555-1024x177.jpg 1024w, https:\/\/newsinfoco.com.br\/inicio\/wp-content\/uploads\/2025\/10\/SAVE_20251006_221555-768x133.jpg 768w, https:\/\/newsinfoco.com.br\/inicio\/wp-content\/uploads\/2025\/10\/SAVE_20251006_221555-600x104.jpg 600w, https:\/\/newsinfoco.com.br\/inicio\/wp-content\/uploads\/2025\/10\/SAVE_20251006_221555-696x120.jpg 696w, https:\/\/newsinfoco.com.br\/inicio\/wp-content\/uploads\/2025\/10\/SAVE_20251006_221555-1068x185.jpg 1068w\" sizes=\"(max-width: 1140px) 100vw, 1140px\" width=\"1140\" height=\"197\"   \/><\/a><\/div>\n<p style=\"text-align: justify;\">\u201cN\u00f3s vamos participar das elei\u00e7\u00f5es de forma democr\u00e1tica, reconhecendo os resultados das elei\u00e7\u00f5es\u201d, afirmou Marina Silva, durante caminhada pelo Saara, regi\u00e3o de com\u00e9rcio popular no Centro do Rio. \u201cAs elei\u00e7\u00f5es brasileiras ser\u00e3o fruto da vontade soberana do povo brasileiro, e n\u00f3s haveremos de ir para as urnas n\u00e3o para repetir mais do mesmo com a corrup\u00e7\u00e3o, e nem para nos arriscar e arriscar o futuro dos nossos filhos com a espada da viol\u00eancia que prop\u00f5e a campanha do Bolsonaro.\u201d<\/p>\n<p style=\"text-align: justify;\">Acompanhada do candidato a vice, Eduardo Jorge, Marina fez fotos com eleitores e chegou a provar um par de \u00f3culos em uma das lojas. Ela ressaltou a necessidade de o Brasil voltar a receber investimentos para recuperar empregos e alavancar o com\u00e9rcio. \u201cHoje, em um Pa\u00eds que n\u00e3o tem investimento, n\u00e3o tem crescimento, e a popula\u00e7\u00e3o paga o pre\u00e7o alto do desemprego, de mais de 13 milh\u00f5es de desempregados, quatro milh\u00f5es de desalentados, que j\u00e1 desistiram de buscar emprego, com certeza isso tem uma repercuss\u00e3o muito negativa no com\u00e9rcio\u201d, comentou Marina. \u201cTer um projeto de Pa\u00eds que recupere credibilidade para poder retomar os investimentos internos e externos \u00e9 a condi\u00e7\u00e3o para que o Pa\u00eds volte a crescer.\u201d<\/p>\n<p style=\"text-align: justify;\">Marina Silva tamb\u00e9m criticou os constantes programas de refinanciamento de d\u00edvidas. \u201c(\u00c9 preciso) acabar com a farra do Refis, do perd\u00e3o de d\u00edvida, de reisen\u00e7\u00e3o fiscal para grupos poderosos, que tiram bilh\u00f5es dos investimentos que poderiam ajudar a gerar empregos\u201d, sustentou.<\/p>\n<h6 style=\"text-align: right;\"><span style=\"color: #999999;\">Estad\u00e3o<\/span><\/h6>\n<div class='share-to-whatsapp-wrapper'><div class='share-on-whsp'>Share on: <\/div><a data-text='Marina diz que resultado das urnas ser\u00e1 soberano' data-link='https:\/\/newsinfoco.com.br\/inicio\/marina-diz-que-resultado-das-urnas-sera-soberano\/' class='whatsapp-button whatsapp-share'>WhatsApp<\/a><div class='clear '><\/div><\/div>","protected":false},"excerpt":{"rendered":"<p>Quinta colocada nas inten\u00e7\u00f5es de voto de acordo com a \u00faltima pesquisa Ibope, a candidata \u00e0 Presid\u00eancia Marina Silva (Rede) afirmou nesta quarta-feira, 3, que o pleito do pr\u00f3ximo domingo ir\u00e1 representar nas urnas \u201ca vontade soberana do povo brasileiro\u201d. Para ela, contudo, o Pa\u00eds n\u00e3o pode \u201carriscar o futuro dos nossos filhos com a [&hellip;]<\/p>\n","protected":false},"author":1,"featured_media":10172,"comment_status":"open","ping_status":"open","sticky":false,"template":"","format":"standard","meta":{"om_disable_all_campaigns":false,"_exactmetrics_skip_tracking":false,"_exactmetrics_sitenote_active":false,"_exactmetrics_sitenote_note":"","_exactmetrics_sitenote_category":0,"footnotes":""},"categories":[21],"tags":[],"class_list":["post-10171","post","type-post","status-publish","format-standard","has-post-thumbnail","hentry","category-brasil"],"aioseo_notices":[],"_links":{"self":[{"href":"https:\/\/newsinfoco.com.br\/inicio\/wp-json\/wp\/v2\/posts\/10171","targetHints":{"allow":["GET"]}}],"collection":[{"href":"https:\/\/newsinfoco.com.br\/inicio\/wp-json\/wp\/v2\/posts"}],"about":[{"href":"https:\/\/newsinfoco.com.br\/inicio\/wp-json\/wp\/v2\/types\/post"}],"author":[{"embeddable":true,"href":"https:\/\/newsinfoco.com.br\/inicio\/wp-json\/wp\/v2\/users\/1"}],"replies":[{"embeddable":true,"href":"https:\/\/newsinfoco.com.br\/inicio\/wp-json\/wp\/v2\/comments?post=10171"}],"version-history":[{"count":0,"href":"https:\/\/newsinfoco.com.br\/inicio\/wp-json\/wp\/v2\/posts\/10171\/revisions"}],"wp:featuredmedia":[{"embeddable":true,"href":"https:\/\/newsinfoco.com.br\/inicio\/wp-json\/wp\/v2\/media\/10172"}],"wp:attachment":[{"href":"https:\/\/newsinfoco.com.br\/inicio\/wp-json\/wp\/v2\/media?parent=10171"}],"wp:term":[{"taxonomy":"category","embeddable":true,"href":"https:\/\/newsinfoco.com.br\/inicio\/wp-json\/wp\/v2\/categories?post=10171"},{"taxonomy":"post_tag","embeddable":true,"href":"https:\/\/newsinfoco.com.br\/inicio\/wp-json\/wp\/v2\/tags?post=10171"}],"curies":[{"name":"wp","href":"https:\/\/api.w.org\/{rel}","templated":true}]}}