{"id":10176,"date":"2018-10-03T17:43:50","date_gmt":"2018-10-03T20:43:50","guid":{"rendered":"http:\/\/newsinfoco.com.br\/?p=10176"},"modified":"2018-10-03T18:00:03","modified_gmt":"2018-10-03T21:00:03","slug":"apos-ampliacao-e-reforma-prefeitura-de-alagoinhas-reinaugura-unidade-de-saude-de-narandiba-nesta-sexta-feira-5","status":"publish","type":"post","link":"https:\/\/newsinfoco.com.br\/inicio\/apos-ampliacao-e-reforma-prefeitura-de-alagoinhas-reinaugura-unidade-de-saude-de-narandiba-nesta-sexta-feira-5\/","title":{"rendered":"Ap\u00f3s amplia\u00e7\u00e3o e reforma, Prefeitura de Alagoinhas reinaugura Unidade de Sa\u00fade de Narandiba nesta sexta-feira (5)"},"content":{"rendered":"<p style=\"text-align: justify;\"><span style=\"color: #000000;\">A popula\u00e7\u00e3o de Alagoinhas pode esperar mais uma transforma\u00e7\u00e3o positiva na \u00e1rea da sa\u00fade esta semana. \u00c9 que, depois de anunciar a entrega da Unidade de Sa\u00fade do Estev\u00e3o, reformada com recursos pr\u00f3prios, a Secretaria de Sa\u00fade (SESAU) reinaugura, nesta sexta-feira (5), um novo espa\u00e7o de servi\u00e7os e atendimento em Narandiba.<\/span><\/p>\n<p style=\"text-align: justify;\"><span style=\"color: #000000;\">\u201cA unidade de sa\u00fade de Narandiba estava localizada em uma casa alugada, no pr\u00f3prio povoado, que foi uma casa adaptada para o atendimento na regi\u00e3o, e agora retorna para a sua unidade pr\u00f3pria, que foi ampliada por esta gest\u00e3o\u201d, pontuou o diretor de planejamento da pasta, Edlam de Souza Santos.<\/span><\/p><div class=\"newsi-conteudo_19\" id=\"newsi-1885310964\"><a href=\"https:\/\/www.instagram.com\/prefeituraalagoinhas?igsh=YzgzdDJ1bWR3aWI4\" aria-label=\"SAVE_20251006_221555\"><img loading=\"lazy\" decoding=\"async\" src=\"https:\/\/newsinfoco.com.br\/inicio\/wp-content\/uploads\/2025\/10\/SAVE_20251006_221555-rotated.jpg\" alt=\"\"  srcset=\"https:\/\/newsinfoco.com.br\/inicio\/wp-content\/uploads\/2025\/10\/SAVE_20251006_221555-rotated.jpg 1140w, https:\/\/newsinfoco.com.br\/inicio\/wp-content\/uploads\/2025\/10\/SAVE_20251006_221555-300x52.jpg 300w, https:\/\/newsinfoco.com.br\/inicio\/wp-content\/uploads\/2025\/10\/SAVE_20251006_221555-1024x177.jpg 1024w, https:\/\/newsinfoco.com.br\/inicio\/wp-content\/uploads\/2025\/10\/SAVE_20251006_221555-768x133.jpg 768w, https:\/\/newsinfoco.com.br\/inicio\/wp-content\/uploads\/2025\/10\/SAVE_20251006_221555-600x104.jpg 600w, https:\/\/newsinfoco.com.br\/inicio\/wp-content\/uploads\/2025\/10\/SAVE_20251006_221555-696x120.jpg 696w, https:\/\/newsinfoco.com.br\/inicio\/wp-content\/uploads\/2025\/10\/SAVE_20251006_221555-1068x185.jpg 1068w\" sizes=\"(max-width: 1140px) 100vw, 1140px\" width=\"1140\" height=\"197\"   \/><\/a><\/div>\n<p style=\"text-align: justify;\"><span style=\"color: #000000;\">As obras foram executadas com emenda parlamentar da vereadora Raiumunda Florencio e o local conta agora com 2 salas de atendimento m\u00e9dico, sala de vacina\u00e7\u00e3o, sala de curativos, bancadas para a administra\u00e7\u00e3o de imunobiol\u00f3gicos, almoxarifado, copa, farm\u00e1cia, expurgo, sanit\u00e1rios adaptados para portadores de necessidades especiais e esteriliza\u00e7\u00e3o, al\u00e9m de um espa\u00e7o para o consult\u00f3rio odontol\u00f3gico que, segundo a gest\u00e3o, tamb\u00e9m ser\u00e1 implantado na unidade.<\/span><\/p>\n<p style=\"text-align: justify;\"><span style=\"color: #000000;\">\u201cN\u00f3s n\u00e3o t\u00ednhamos em Narandiba um consult\u00f3rio odontol\u00f3gico e agora vamos ter espa\u00e7o f\u00edsico para isso. Esse processo de implanta\u00e7\u00e3o de uma equipe de sa\u00fade bucal dever\u00e1 passar antes por uma an\u00e1lise e pelo crivo do Conselho Municipal de Sa\u00fade, posteriormente pela Comiss\u00e3o Intergestora Bipartite. Ap\u00f3s esses tr\u00e2mites administrativos, o processo \u00e9 encaminhado ao Minist\u00e9rio da Sa\u00fade e o Minist\u00e9rio autoriza o munic\u00edpio a implantar mais uma equipe de sa\u00fade bucal lotada na Unidade de Sa\u00fade de Narandiba. N\u00e3o \u00e9 um processo imediato, mas \u00e9 uma necessidade e vai chegar \u00e0 comunidade\u201d, explicou Edlam Santos.<\/span><\/p>\n<p style=\"text-align: justify;\"><span style=\"color: #000000;\">Para o secret\u00e1rio municipal de sa\u00fade (SESAU), \u00e9 uma nova estrutura f\u00edsica que vem para garantir que as pessoas sejam acolhidas na sua comunidade, com um ambiente mais adequado em estrutura, conforme preconiza a Pol\u00edtica Nacional de Sa\u00fade. \u201cA entrega da Unidade de Narandiba significa uma economia para os cofres p\u00fablicos, j\u00e1 que deixamos de ter mais um custo com aluguel, mas representa, antes de tudo, essa busca latente da gest\u00e3o por qualidade, proporcionando, \u00e0s equipes de sa\u00fade, condi\u00e7\u00f5es suficientes para o desenvolvimento, de fato, do trabalho, imprescind\u00edvel para assegurar o acolhimento \u00e0 popula\u00e7\u00e3o\u201d, afirmou.<\/span><\/p>\n<p style=\"text-align: justify;\"><span style=\"color: #000000;\">A Secretaria de Sa\u00fade informou que j\u00e1 iniciou outras mudan\u00e7as de espa\u00e7os f\u00edsicos de locais alugados para terrenos pr\u00f3prios e que a inten\u00e7\u00e3o \u00e9 garantir a cobertura em sa\u00fade no munic\u00edpio, com equipamentos, estruturas f\u00edsicas e profissionais que atendam de maneira efetiva \u00e0s demandas da comunidade.<\/span><\/p>\n<p style=\"text-align: justify;\"><span style=\"color: #000000;\">Al\u00e9m da reinaugura\u00e7\u00e3o da unidade ampliada, \u00e0s 8h, nesta sexta-feira, a SESAU oficializa tamb\u00e9m a implanta\u00e7\u00e3o do servi\u00e7o de ultrassonografia na Unidade de Reintegra\u00e7\u00e3o Funcional (URF), \u00e0s 10h, na Avenida Juracy Magalh\u00e3es, e logo depois, \u00e0s 11h30, entrega 2 ve\u00edculos do tipo \u201chatch\u201d para a Aten\u00e7\u00e3o B\u00e1sica no munic\u00edpio, contabilizando 3 grandes a\u00e7\u00f5es da sa\u00fade em um dia.<\/span><\/p>\n<p style=\"text-align: justify;\"><span style=\"color: #000000;\">E tem mais: a previs\u00e3o, de acordo com a secretaria, \u00e9 de que seja entregue, ainda neste semestre, a nova base do SAMU, localizada no Jardim Petrolar. Tamb\u00e9m est\u00e1 prevista, segundo a SESAU, a reforma e amplia\u00e7\u00e3o da sede da Vigil\u00e2ncia em Sa\u00fade, que passou por uma reestrutura\u00e7\u00e3o completa na estrutura.<\/span><\/p>\n<p style=\"text-align: justify;\"><span style=\"color: #000000;\">O gestor da pasta informou que as interven\u00e7\u00f5es, aquisi\u00e7\u00f5es e melhorias fazem parte do investimento na Aten\u00e7\u00e3o B\u00e1sica, porta de entrada do sistema, e comunicou que a perspectiva \u00e9 fortalecer ainda mais as unidades para atender a contento tanto os profissionais que da estrutura dependem para realizar o trabalho, tanto a popula\u00e7\u00e3o, que deve ser acolhida e atendida, com acesso garantido aos servi\u00e7os de sa\u00fade.<\/span><\/p>\n<p style=\"text-align: justify;\"><span style=\"color: #000000;\"><strong>Servi\u00e7o<\/strong><\/span><br \/>\n<span style=\"color: #000000;\">REINAUGURA\u00c7\u00c3O DA UNIDADE DE SA\u00daDE DE NARANDIBA<\/span><br \/>\n<span style=\"color: #000000;\"><strong>Data:\u00a0<\/strong>05\/10\/2018 (sexta-feira)<\/span><br \/>\n<span style=\"color: #000000;\"><strong>Hor\u00e1rio:<\/strong>\u00a08h<\/span><br \/>\n<span style=\"color: #000000;\"><strong>Local:<\/strong>\u00a0Narandiba, S\/N<\/span><\/p>\n<h6 style=\"text-align: right;\"><span style=\"color: #999999;\">Fonte: SECOM SESAU<\/span><\/h6>\n<div class='share-to-whatsapp-wrapper'><div class='share-on-whsp'>Share on: <\/div><a data-text='Ap\u00f3s amplia\u00e7\u00e3o e reforma, Prefeitura de Alagoinhas reinaugura Unidade de Sa\u00fade de Narandiba nesta sexta-feira (5)' data-link='https:\/\/newsinfoco.com.br\/inicio\/apos-ampliacao-e-reforma-prefeitura-de-alagoinhas-reinaugura-unidade-de-saude-de-narandiba-nesta-sexta-feira-5\/' class='whatsapp-button whatsapp-share'>WhatsApp<\/a><div class='clear '><\/div><\/div>","protected":false},"excerpt":{"rendered":"<p>A popula\u00e7\u00e3o de Alagoinhas pode esperar mais uma transforma\u00e7\u00e3o positiva na \u00e1rea da sa\u00fade esta semana. \u00c9 que, depois de anunciar a entrega da Unidade de Sa\u00fade do Estev\u00e3o, reformada com recursos pr\u00f3prios, a Secretaria de Sa\u00fade (SESAU) reinaugura, nesta sexta-feira (5), um novo espa\u00e7o de servi\u00e7os e atendimento em Narandiba. \u201cA unidade de sa\u00fade [&hellip;]<\/p>\n","protected":false},"author":1,"featured_media":10177,"comment_status":"open","ping_status":"open","sticky":false,"template":"","format":"standard","meta":{"om_disable_all_campaigns":false,"_exactmetrics_skip_tracking":false,"_exactmetrics_sitenote_active":false,"_exactmetrics_sitenote_note":"","_exactmetrics_sitenote_category":0,"footnotes":""},"categories":[38,30],"tags":[53,54,101],"class_list":["post-10176","post","type-post","status-publish","format-standard","has-post-thumbnail","hentry","category-alagoinhas-e-regiao","category-destaque","tag-alagoinhas","tag-prefeitura","tag-secom-sesau"],"aioseo_notices":[],"_links":{"self":[{"href":"https:\/\/newsinfoco.com.br\/inicio\/wp-json\/wp\/v2\/posts\/10176","targetHints":{"allow":["GET"]}}],"collection":[{"href":"https:\/\/newsinfoco.com.br\/inicio\/wp-json\/wp\/v2\/posts"}],"about":[{"href":"https:\/\/newsinfoco.com.br\/inicio\/wp-json\/wp\/v2\/types\/post"}],"author":[{"embeddable":true,"href":"https:\/\/newsinfoco.com.br\/inicio\/wp-json\/wp\/v2\/users\/1"}],"replies":[{"embeddable":true,"href":"https:\/\/newsinfoco.com.br\/inicio\/wp-json\/wp\/v2\/comments?post=10176"}],"version-history":[{"count":0,"href":"https:\/\/newsinfoco.com.br\/inicio\/wp-json\/wp\/v2\/posts\/10176\/revisions"}],"wp:featuredmedia":[{"embeddable":true,"href":"https:\/\/newsinfoco.com.br\/inicio\/wp-json\/wp\/v2\/media\/10177"}],"wp:attachment":[{"href":"https:\/\/newsinfoco.com.br\/inicio\/wp-json\/wp\/v2\/media?parent=10176"}],"wp:term":[{"taxonomy":"category","embeddable":true,"href":"https:\/\/newsinfoco.com.br\/inicio\/wp-json\/wp\/v2\/categories?post=10176"},{"taxonomy":"post_tag","embeddable":true,"href":"https:\/\/newsinfoco.com.br\/inicio\/wp-json\/wp\/v2\/tags?post=10176"}],"curies":[{"name":"wp","href":"https:\/\/api.w.org\/{rel}","templated":true}]}}