{"id":10185,"date":"2018-10-03T18:10:32","date_gmt":"2018-10-03T21:10:32","guid":{"rendered":"http:\/\/newsinfoco.com.br\/?p=10185"},"modified":"2018-10-03T18:10:32","modified_gmt":"2018-10-03T21:10:32","slug":"em-livramento-angelo-coronel-diz-que-pesquisa-e-retrato-do-momento","status":"publish","type":"post","link":"https:\/\/newsinfoco.com.br\/inicio\/em-livramento-angelo-coronel-diz-que-pesquisa-e-retrato-do-momento\/","title":{"rendered":"Em Livramento, Angelo Coronel diz que pesquisa \u00e9 retrato do momento"},"content":{"rendered":"<p style=\"text-align: justify;\">\u201cN\u00e3o tem nada ganho. Elei\u00e7\u00e3o \u00e9 igual \u00e0 partida de futebol: s\u00f3 se ganha quando o juiz apita, que no caso das elei\u00e7\u00f5es \u00e9 a \u00faltima urna fechada. O fato de estar em segundo lugar, somente atr\u00e1s do ex-governador Jaques Wagner nas inten\u00e7\u00f5es de votos, na pesquisa divulgada hoje (03.10) pelo Instituto Real Time Big Data\/TV Record, n\u00e3o muda nada. Vamos trabalhar at\u00e9 \u00e0 meia-noite de s\u00e1bado, j\u00e1 que, no domingo, \u00e9 proibida terminantemente a boca de urna. O governador Rui Costa tem a possibilidade de ter 80% dos votos v\u00e1lidos, mas ele n\u00e3o para. Parece um menino, tal a vitalidade e disposi\u00e7\u00e3o de militar, de buscar o voto do eleitor. Eu e Wagner, juntamente com Le\u00e3o e Otto Alencar, estamos trabalhando para chegarmos pr\u00f3ximos aos votos que ele vai ter, por merecimento, porque \u00e9 o maior governador da Bahia de todos os tempos, acima de Jaques Wagner, ACM, Roberto Santos, Waldir Pires, Ot\u00e1vio Mangabeira e J.J.Seabra\u201d, elogiou o candidato da Coliga\u00e7\u00e3o Mais Trabalho Mais Trabalho por Toda a Bahia, Angelo Coronel, em caminhada pelos munic\u00edpios de Dom Bas\u00edlio, Livramento de Nossa Senhora, Caturama, Maca\u00fabas e Boquira.<\/p>\n<p style=\"text-align: justify;\">Angelo Coronel revelou que cresceu, segundo o Instituto Real Time Big Data, de praticamente zero para o segundo lugar, somente atr\u00e1s de Wagner, porque deu certo a estrat\u00e9gia da campanha de casar o voto do eleitor que vota em Rui Costa para governador e em Wagner para Senador. \u201cComo sou o menos conhecido de todos \u2013 nunca fui governador, ministro nem cantor \u2013 os baianos agora \u00e9 que passam a me conhecer. E a me apontar, de forma crescente, como o seu segundo senador, ao lado do Galego. Nessa reta de chegada, outro objetivo do nosso time \u00e9 aumentar na Bahia o percentual de votos para o nosso candidato \u00e0 Presid\u00eancia da Rep\u00fablica, Fernando Haddad, que seguramente estar\u00e1 disputando o segundo turno, no dia 28, al\u00e9m de garantir uma bancada forte de deputados estaduais e federais. Toda a sorte de injusti\u00e7as que cometeram contra o presidente Lula ser\u00e1 reparada com a vit\u00f3ria de Rui e Haddad nas urnas\u201d, avaliou o candidato ao Senado pelo PSD.<\/p><div class=\"newsi-conteudo_19\" id=\"newsi-3307945417\"><a href=\"https:\/\/www.instagram.com\/prefeituraalagoinhas?igsh=YzgzdDJ1bWR3aWI4\" aria-label=\"SAVE_20251006_221555\"><img loading=\"lazy\" decoding=\"async\" src=\"https:\/\/newsinfoco.com.br\/inicio\/wp-content\/uploads\/2025\/10\/SAVE_20251006_221555-rotated.jpg\" alt=\"\"  srcset=\"https:\/\/newsinfoco.com.br\/inicio\/wp-content\/uploads\/2025\/10\/SAVE_20251006_221555-rotated.jpg 1140w, https:\/\/newsinfoco.com.br\/inicio\/wp-content\/uploads\/2025\/10\/SAVE_20251006_221555-300x52.jpg 300w, https:\/\/newsinfoco.com.br\/inicio\/wp-content\/uploads\/2025\/10\/SAVE_20251006_221555-1024x177.jpg 1024w, https:\/\/newsinfoco.com.br\/inicio\/wp-content\/uploads\/2025\/10\/SAVE_20251006_221555-768x133.jpg 768w, https:\/\/newsinfoco.com.br\/inicio\/wp-content\/uploads\/2025\/10\/SAVE_20251006_221555-600x104.jpg 600w, https:\/\/newsinfoco.com.br\/inicio\/wp-content\/uploads\/2025\/10\/SAVE_20251006_221555-696x120.jpg 696w, https:\/\/newsinfoco.com.br\/inicio\/wp-content\/uploads\/2025\/10\/SAVE_20251006_221555-1068x185.jpg 1068w\" sizes=\"(max-width: 1140px) 100vw, 1140px\" width=\"1140\" height=\"197\"   \/><\/a><\/div>\n<p style=\"text-align: justify;\">O candidato tamb\u00e9m n\u00e3o quis comentar a inesperada debandada do candidato a governador pelo DEM, que retirou o seu apoio \u00e0 candidatura de Geraldo Alckmin. \u201cCada um com seus problemas. As rachaduras do grupo deles t\u00eam que ser consertadas por eles, n\u00e3o por n\u00f3s. Nosso time \u00e9 unido, cuidando da nossa vida, com prop\u00f3sito e estrat\u00e9gia definidos, sob o comando de um s\u00f3 l\u00edder: Rui Costa. Aqui n\u00e3o tem essa de cada um fazer o que quer. E n\u00e3o \u00e9 por autoritarismo, n\u00e3o, mas porque pelejamos juntos e vencemos juntos, os azuis e os vermelhos. Confirmadas as expectativas para o dia 7, ser\u00e1 mais um tento de um grupo vencedor, jogando unido h\u00e1 quase duas d\u00e9cadas\u201d, A caravana da \u201cCorreria pela Bahia\u201d, com Rui Costa, Jo\u00e3o Le\u00e3o, Jaques Wagner e Angelo Coronel, continua amanh\u00e3, com visitas, pela manh\u00e3, aos munic\u00edpios das ilhas da Ba\u00eda de Todos os Santos \u2013 Salinas, Itaparica e Vera Cruz \u2013 e grande caminhada em Salvador, a partir das 15h, do Largo de Roma at\u00e9 a Colina do Bomfim.<\/p>\n<div class='share-to-whatsapp-wrapper'><div class='share-on-whsp'>Share on: <\/div><a data-text='Em Livramento, Angelo Coronel diz que pesquisa \u00e9 retrato do momento' data-link='https:\/\/newsinfoco.com.br\/inicio\/em-livramento-angelo-coronel-diz-que-pesquisa-e-retrato-do-momento\/' class='whatsapp-button whatsapp-share'>WhatsApp<\/a><div class='clear '><\/div><\/div>","protected":false},"excerpt":{"rendered":"<p>\u201cN\u00e3o tem nada ganho. Elei\u00e7\u00e3o \u00e9 igual \u00e0 partida de futebol: s\u00f3 se ganha quando o juiz apita, que no caso das elei\u00e7\u00f5es \u00e9 a \u00faltima urna fechada. O fato de estar em segundo lugar, somente atr\u00e1s do ex-governador Jaques Wagner nas inten\u00e7\u00f5es de votos, na pesquisa divulgada hoje (03.10) pelo Instituto Real Time Big [&hellip;]<\/p>\n","protected":false},"author":1,"featured_media":10186,"comment_status":"open","ping_status":"open","sticky":false,"template":"","format":"standard","meta":{"om_disable_all_campaigns":false,"_exactmetrics_skip_tracking":false,"_exactmetrics_sitenote_active":false,"_exactmetrics_sitenote_note":"","_exactmetrics_sitenote_category":0,"footnotes":""},"categories":[19],"tags":[],"class_list":["post-10185","post","type-post","status-publish","format-standard","has-post-thumbnail","hentry","category-bahia"],"aioseo_notices":[],"_links":{"self":[{"href":"https:\/\/newsinfoco.com.br\/inicio\/wp-json\/wp\/v2\/posts\/10185","targetHints":{"allow":["GET"]}}],"collection":[{"href":"https:\/\/newsinfoco.com.br\/inicio\/wp-json\/wp\/v2\/posts"}],"about":[{"href":"https:\/\/newsinfoco.com.br\/inicio\/wp-json\/wp\/v2\/types\/post"}],"author":[{"embeddable":true,"href":"https:\/\/newsinfoco.com.br\/inicio\/wp-json\/wp\/v2\/users\/1"}],"replies":[{"embeddable":true,"href":"https:\/\/newsinfoco.com.br\/inicio\/wp-json\/wp\/v2\/comments?post=10185"}],"version-history":[{"count":0,"href":"https:\/\/newsinfoco.com.br\/inicio\/wp-json\/wp\/v2\/posts\/10185\/revisions"}],"wp:featuredmedia":[{"embeddable":true,"href":"https:\/\/newsinfoco.com.br\/inicio\/wp-json\/wp\/v2\/media\/10186"}],"wp:attachment":[{"href":"https:\/\/newsinfoco.com.br\/inicio\/wp-json\/wp\/v2\/media?parent=10185"}],"wp:term":[{"taxonomy":"category","embeddable":true,"href":"https:\/\/newsinfoco.com.br\/inicio\/wp-json\/wp\/v2\/categories?post=10185"},{"taxonomy":"post_tag","embeddable":true,"href":"https:\/\/newsinfoco.com.br\/inicio\/wp-json\/wp\/v2\/tags?post=10185"}],"curies":[{"name":"wp","href":"https:\/\/api.w.org\/{rel}","templated":true}]}}