{"id":10199,"date":"2018-10-04T11:09:54","date_gmt":"2018-10-04T14:09:54","guid":{"rendered":"http:\/\/newsinfoco.com.br\/?p=10199"},"modified":"2018-10-04T11:09:54","modified_gmt":"2018-10-04T14:09:54","slug":"no-rio-boulos-homenageia-marielle-franco-e-critica-adversarios","status":"publish","type":"post","link":"https:\/\/newsinfoco.com.br\/inicio\/no-rio-boulos-homenageia-marielle-franco-e-critica-adversarios\/","title":{"rendered":"No Rio, Boulos homenageia Marielle Franco e critica advers\u00e1rios"},"content":{"rendered":"<p style=\"text-align: justify;\">Em seu \u00faltimo com\u00edcio de campanha antes do primeiro turno das elei\u00e7\u00f5es presidenciais, na Cinel\u00e2ndia (centro do Rio de Janeiro), o candidato do PSOL \u00e0 presid\u00eancia da Rep\u00fablica, Guilherme Boulos, criticou seus advers\u00e1rios e prestou homenagem a Marielle Franco, vereadora do PSOL assassinada em 14 de mar\u00e7o.<\/p>\n<p style=\"text-align: justify;\">&#8220;O crime continua sem solu\u00e7\u00e3o. A maioria das pessoas, quando morre, recebe um minuto de sil\u00eancio. N\u00f3s achamos que o povo j\u00e1 teve que ficar quieto por muito tempo, ent\u00e3o pedimos um minuto de palmas para Marielle\u201d, afirmou o presidenci\u00e1vel, discursando em palco montado a poucos metros da C\u00e2mara Municipal do Rio, onde a vereadora trabalhava.<\/p><div class=\"newsi-conteudo_19\" id=\"newsi-2957682686\"><a href=\"https:\/\/www.instagram.com\/prefeituraalagoinhas?igsh=YzgzdDJ1bWR3aWI4\" aria-label=\"SAVE_20251006_221555\"><img loading=\"lazy\" decoding=\"async\" src=\"https:\/\/newsinfoco.com.br\/inicio\/wp-content\/uploads\/2025\/10\/SAVE_20251006_221555-rotated.jpg\" alt=\"\"  srcset=\"https:\/\/newsinfoco.com.br\/inicio\/wp-content\/uploads\/2025\/10\/SAVE_20251006_221555-rotated.jpg 1140w, https:\/\/newsinfoco.com.br\/inicio\/wp-content\/uploads\/2025\/10\/SAVE_20251006_221555-300x52.jpg 300w, https:\/\/newsinfoco.com.br\/inicio\/wp-content\/uploads\/2025\/10\/SAVE_20251006_221555-1024x177.jpg 1024w, https:\/\/newsinfoco.com.br\/inicio\/wp-content\/uploads\/2025\/10\/SAVE_20251006_221555-768x133.jpg 768w, https:\/\/newsinfoco.com.br\/inicio\/wp-content\/uploads\/2025\/10\/SAVE_20251006_221555-600x104.jpg 600w, https:\/\/newsinfoco.com.br\/inicio\/wp-content\/uploads\/2025\/10\/SAVE_20251006_221555-696x120.jpg 696w, https:\/\/newsinfoco.com.br\/inicio\/wp-content\/uploads\/2025\/10\/SAVE_20251006_221555-1068x185.jpg 1068w\" sizes=\"(max-width: 1140px) 100vw, 1140px\" width=\"1140\" height=\"197\"   \/><\/a><\/div>\n<p style=\"text-align: justify;\">Boulos centrou cr\u00edticas em seu advers\u00e1rio do PSL, Jair Bolsonaro, que chamou de \u201cfascista\u201d. Durante o discurso houve v\u00e1rias interrup\u00e7\u00f5es para que o p\u00fablico gritasse \u201cele n\u00e3o\u201d.<\/p>\n<p style=\"text-align: justify;\">O candidato do PSOL tamb\u00e9m criticou a chapa de Ciro Gomes (PDT), fazendo men\u00e7\u00e3o \u00e0 candidata \u00e0 vice, K\u00e1tia Abreu (PDT): \u201cTenho ainda mais orgulho da minha vice quando lembro que ela j\u00e1 entregou o pr\u00eamio \u2018Motosserra de Ouro\u2019 a outra candidata a vice\u201d, afirmou.<\/p>\n<p style=\"text-align: justify;\">Em dezembro de 2010, a \u00edndia S\u00f4nia Guajajara, que atualmente \u00e9 a candidata a vice na chapa de Boulos e \u00e0 \u00e9poca representava entidades ambientalistas, entregou a K\u00e1tia Abreu um pr\u00eamio ir\u00f4nico, em fun\u00e7\u00e3o de sua defesa do agroneg\u00f3cio e dos ruralistas, como senadora.<\/p>\n<p style=\"text-align: justify;\">Durante o com\u00edcio, Boulos tamb\u00e9m criticou o candidato do MDB, Henrique Meirelles, cujo slogan de campanha \u00e9 \u201cchama o Meirelles\u201d: \u201cN\u00e3o vou chamar o Meirelles, vou taxar o (dinheiro do) Meirelles\u201d, disse o candidato do PSOL, referindo-se \u00e0 proposta de instituir impostos sobre grandes fortunas.<\/p>\n<p style=\"text-align: justify;\">O evento, que n\u00e3o chegou a lotar a Cinel\u00e2ndia, terminou por volta das 21h30.<\/p>\n<h6 style=\"text-align: right;\"><span style=\"color: #999999;\">Estad\u00e3o<\/span><\/h6>\n<div class='share-to-whatsapp-wrapper'><div class='share-on-whsp'>Share on: <\/div><a data-text='No Rio, Boulos homenageia Marielle Franco e critica advers\u00e1rios' data-link='https:\/\/newsinfoco.com.br\/inicio\/no-rio-boulos-homenageia-marielle-franco-e-critica-adversarios\/' class='whatsapp-button whatsapp-share'>WhatsApp<\/a><div class='clear '><\/div><\/div>","protected":false},"excerpt":{"rendered":"<p>Em seu \u00faltimo com\u00edcio de campanha antes do primeiro turno das elei\u00e7\u00f5es presidenciais, na Cinel\u00e2ndia (centro do Rio de Janeiro), o candidato do PSOL \u00e0 presid\u00eancia da Rep\u00fablica, Guilherme Boulos, criticou seus advers\u00e1rios e prestou homenagem a Marielle Franco, vereadora do PSOL assassinada em 14 de mar\u00e7o. &#8220;O crime continua sem solu\u00e7\u00e3o. A maioria das [&hellip;]<\/p>\n","protected":false},"author":1,"featured_media":10200,"comment_status":"open","ping_status":"open","sticky":false,"template":"","format":"standard","meta":{"om_disable_all_campaigns":false,"_exactmetrics_skip_tracking":false,"_exactmetrics_sitenote_active":false,"_exactmetrics_sitenote_note":"","_exactmetrics_sitenote_category":0,"footnotes":""},"categories":[21],"tags":[],"class_list":["post-10199","post","type-post","status-publish","format-standard","has-post-thumbnail","hentry","category-brasil"],"aioseo_notices":[],"_links":{"self":[{"href":"https:\/\/newsinfoco.com.br\/inicio\/wp-json\/wp\/v2\/posts\/10199","targetHints":{"allow":["GET"]}}],"collection":[{"href":"https:\/\/newsinfoco.com.br\/inicio\/wp-json\/wp\/v2\/posts"}],"about":[{"href":"https:\/\/newsinfoco.com.br\/inicio\/wp-json\/wp\/v2\/types\/post"}],"author":[{"embeddable":true,"href":"https:\/\/newsinfoco.com.br\/inicio\/wp-json\/wp\/v2\/users\/1"}],"replies":[{"embeddable":true,"href":"https:\/\/newsinfoco.com.br\/inicio\/wp-json\/wp\/v2\/comments?post=10199"}],"version-history":[{"count":0,"href":"https:\/\/newsinfoco.com.br\/inicio\/wp-json\/wp\/v2\/posts\/10199\/revisions"}],"wp:featuredmedia":[{"embeddable":true,"href":"https:\/\/newsinfoco.com.br\/inicio\/wp-json\/wp\/v2\/media\/10200"}],"wp:attachment":[{"href":"https:\/\/newsinfoco.com.br\/inicio\/wp-json\/wp\/v2\/media?parent=10199"}],"wp:term":[{"taxonomy":"category","embeddable":true,"href":"https:\/\/newsinfoco.com.br\/inicio\/wp-json\/wp\/v2\/categories?post=10199"},{"taxonomy":"post_tag","embeddable":true,"href":"https:\/\/newsinfoco.com.br\/inicio\/wp-json\/wp\/v2\/tags?post=10199"}],"curies":[{"name":"wp","href":"https:\/\/api.w.org\/{rel}","templated":true}]}}