{"id":10211,"date":"2018-10-04T15:55:11","date_gmt":"2018-10-04T18:55:11","guid":{"rendered":"http:\/\/newsinfoco.com.br\/?p=10211"},"modified":"2018-10-04T17:36:20","modified_gmt":"2018-10-04T20:36:20","slug":"corregedoria-do-mpf-ouvira-cidadaos-presencialmente-entre-17-e-25-de-outubro-na-bahia-em-alagoinhas-o-atendimento-sera-por-telefone","status":"publish","type":"post","link":"https:\/\/newsinfoco.com.br\/inicio\/corregedoria-do-mpf-ouvira-cidadaos-presencialmente-entre-17-e-25-de-outubro-na-bahia-em-alagoinhas-o-atendimento-sera-por-telefone\/","title":{"rendered":"Corregedoria do MPF ouvir\u00e1 cidad\u00e3os presencialmente entre 17 e 25 de outubro na Bahia; em Alagoinhas o atendimento ser\u00e1 por telefone"},"content":{"rendered":"<p class=\"western\" style=\"text-align: justify;\" align=\"justify\">No m\u00eas de outubro, entre os dias 17 e 25, a Corregedoria-Geral do Minist\u00e9rio P\u00fablico Federal (MPF) ouvir\u00e1, presencialmente, o que o p\u00fablico tem a dizer sobre a atua\u00e7\u00e3o do \u00f3rg\u00e3o em sete unidades do \u00f3rg\u00e3o na Bahia (confira datas e locais abaixo). O cidad\u00e3o que quiser contribuir mas n\u00e3o puder comparecer, pode preencher o <a href=\"http:\/\/www.mpf.mp.br\/conheca-o-mpf\/sobre\/estrutura\/corregedoria\/formulario\/index\" target=\"_blank\" rel=\"noopener noreferrer\">formul\u00e1rio online<\/a> dispon\u00edvel na <a href=\"http:\/\/www.mpf.mp.br\/para-o-cidadao\/corregedoria\" target=\"_blank\" rel=\"noopener noreferrer\">p\u00e1gina da Corregedoria do MPF<\/a>.<\/p>\n<p class=\"western\" style=\"text-align: justify;\" align=\"justify\">A correi\u00e7\u00e3o tem o objetivo de verificar a regularidade do servi\u00e7o prestado, a efici\u00eancia e a pontualidade do membro do MPF no exerc\u00edcio de suas fun\u00e7\u00f5es e o cumprimento das obriga\u00e7\u00f5es legais. A correi\u00e7\u00e3o levanta, ainda, as dificuldades e necessidades das unidades, que ser\u00e3o encaminhadas aos \u00f3rg\u00e3os superiores para aprimorar a atua\u00e7\u00e3o do \u00f3rg\u00e3o.<\/p><div class=\"newsi-conteudo_19\" id=\"newsi-847753938\"><a href=\"https:\/\/www.instagram.com\/prefeituraalagoinhas?igsh=YzgzdDJ1bWR3aWI4\" aria-label=\"SAVE_20251006_221555\"><img loading=\"lazy\" decoding=\"async\" src=\"https:\/\/newsinfoco.com.br\/inicio\/wp-content\/uploads\/2025\/10\/SAVE_20251006_221555-rotated.jpg\" alt=\"\"  srcset=\"https:\/\/newsinfoco.com.br\/inicio\/wp-content\/uploads\/2025\/10\/SAVE_20251006_221555-rotated.jpg 1140w, https:\/\/newsinfoco.com.br\/inicio\/wp-content\/uploads\/2025\/10\/SAVE_20251006_221555-300x52.jpg 300w, https:\/\/newsinfoco.com.br\/inicio\/wp-content\/uploads\/2025\/10\/SAVE_20251006_221555-1024x177.jpg 1024w, https:\/\/newsinfoco.com.br\/inicio\/wp-content\/uploads\/2025\/10\/SAVE_20251006_221555-768x133.jpg 768w, https:\/\/newsinfoco.com.br\/inicio\/wp-content\/uploads\/2025\/10\/SAVE_20251006_221555-600x104.jpg 600w, https:\/\/newsinfoco.com.br\/inicio\/wp-content\/uploads\/2025\/10\/SAVE_20251006_221555-696x120.jpg 696w, https:\/\/newsinfoco.com.br\/inicio\/wp-content\/uploads\/2025\/10\/SAVE_20251006_221555-1068x185.jpg 1068w\" sizes=\"(max-width: 1140px) 100vw, 1140px\" width=\"1140\" height=\"197\"   \/><\/a><\/div>\n<p class=\"western\" style=\"text-align: justify;\" align=\"justify\"><b>Atendimento por telefone<\/b> \u2013 Nas unidades do MPF em Alagoinhas, Barreiras, Bom Jesus da Lapa, Campo Formoso, Feira de Santana, Guanambi e Vit\u00f3ria da Conquista o atendimento ao p\u00fablico ser\u00e1 feito no dia 17 de outubro, das 14h \u00e0s 16h, por meio de contato telef\u00f4nico com a Sala de Atendimento ao Cidad\u00e3o da PR\/BA \u2013 (71) 3617-2200.<\/p>\n<p class=\"western\" style=\"text-align: justify;\" align=\"justify\">Confira os dias de correi\u00e7\u00e3o com atendimento presencial ao p\u00fablico nas unidades do MPF na Bahia:<\/p>\n<p class=\"western\" style=\"text-align: justify;\" align=\"justify\"><b>Procuradoria da Rep\u00fablica na Bahia (Salvador)<\/b><\/p>\n<p class=\"western\" style=\"text-align: justify;\" align=\"justify\">Data: 17 de outubro<br \/>\nEndere\u00e7o: Rua Ivonne Silveira, 243, Loteamento Centro Executivo \u2013 Doron<br \/>\nTelefone: (71) 3617-2200<br \/>\nAtendimento ao P\u00fablico: das 14h \u00e0s 16h<\/p>\n<p class=\"western\" style=\"text-align: justify;\" align=\"justify\"><b>PRM Eun\u00e1polis<\/b><\/p>\n<p class=\"western\" style=\"text-align: justify;\" align=\"justify\">Data: 23 de outubro<br \/>\nEndere\u00e7o: Rua Padre Jo\u00e3o Gualberto Magalh\u00e3es, n\u00b0 652, Vivendas Costa Azul.<br \/>\nTelefone: (73) 3511-7000<br \/>\nAtendimento ao P\u00fablico: das 14h \u00e0s 16h<\/p>\n<p class=\"western\" style=\"text-align: justify;\" align=\"justify\"><b>PRM Ilh\u00e9us\/Itabuna<\/b><\/p>\n<p class=\"western\" style=\"text-align: justify;\" align=\"justify\">Data: 24 de outubro<br \/>\nEndere\u00e7o: Av. Vereador Marcos Paiva (antiga Av. Bahia), 31, Cidade Nova.<br \/>\nTelefone: (73) 3221-4050<br \/>\nAtendimento ao P\u00fablico: das 14h \u00e0s 16h<\/p>\n<p class=\"western\" style=\"text-align: justify;\" align=\"justify\"><b>PRM Irec\u00ea<\/b><\/p>\n<p class=\"western\" style=\"text-align: justify;\" align=\"justify\">Data: 25 de outubro<br \/>\nEndere\u00e7o: Rua Taquari, n\u00ba 176, Recanto das \u00c1rvores.<br \/>\nTelefone: (74) 3688-6900<br \/>\nAtendimento ao P\u00fablico: das 10h \u00e0s 12h<\/p>\n<p class=\"western\" style=\"text-align: justify;\" align=\"justify\"><b>PRM Jequi\u00e9<\/b><\/p>\n<p class=\"western\" style=\"text-align: justify;\" align=\"justify\">Data: 23 de outubro<br \/>\nEndere\u00e7o: Rua Apolin\u00e1rio Peleteiro, n\u00ba 15, Centro.<br \/>\nTelefone: (73) 3528-7200<br \/>\nAtendimento ao P\u00fablico: das 10h \u00e0s 12h<\/p>\n<p class=\"western\" style=\"text-align: justify;\" align=\"justify\"><b>PRM Paulo Afonso<\/b><\/p>\n<p class=\"western\" style=\"text-align: justify;\" align=\"justify\">Data: 15 de outubro<br \/>\nEndere\u00e7o: Rua Tancredo Neves, Lote 148 A, Quadra 12, Alves de Souza.<br \/>\nTelefone: (75) 3282-3800<br \/>\nAtendimento ao P\u00fablico: das 16h \u00e0s 18h<\/p>\n<p class=\"western\" style=\"text-align: justify;\" align=\"justify\"><b>PRM Teixeira de Freitas<\/b><\/p>\n<p class=\"western\" style=\"text-align: justify;\" align=\"justify\">Data: 22 de outubro<br \/>\nEndere\u00e7o: Av. Get\u00falio Vargas, n\u00ba 3421, Ed. Esmeralda, salas 401 a 410, Centro.<br \/>\nTelefone: (73) 3292-4350<br \/>\nAtendimento ao P\u00fablico: das 14h \u00e0s 16h<\/p>\n<h6 style=\"text-align: right;\" align=\"justify\"><span style=\"color: #999999;\">Ascom MPF<\/span><\/h6>\n<div class='share-to-whatsapp-wrapper'><div class='share-on-whsp'>Share on: <\/div><a data-text='Corregedoria do MPF ouvir\u00e1 cidad\u00e3os presencialmente entre 17 e 25 de outubro na Bahia; em Alagoinhas o atendimento ser\u00e1 por telefone' data-link='https:\/\/newsinfoco.com.br\/inicio\/corregedoria-do-mpf-ouvira-cidadaos-presencialmente-entre-17-e-25-de-outubro-na-bahia-em-alagoinhas-o-atendimento-sera-por-telefone\/' class='whatsapp-button whatsapp-share'>WhatsApp<\/a><div class='clear '><\/div><\/div>","protected":false},"excerpt":{"rendered":"<p>No m\u00eas de outubro, entre os dias 17 e 25, a Corregedoria-Geral do Minist\u00e9rio P\u00fablico Federal (MPF) ouvir\u00e1, presencialmente, o que o p\u00fablico tem a dizer sobre a atua\u00e7\u00e3o do \u00f3rg\u00e3o em sete unidades do \u00f3rg\u00e3o na Bahia (confira datas e locais abaixo). O cidad\u00e3o que quiser contribuir mas n\u00e3o puder comparecer, pode preencher o [&hellip;]<\/p>\n","protected":false},"author":1,"featured_media":10212,"comment_status":"open","ping_status":"open","sticky":false,"template":"","format":"standard","meta":{"om_disable_all_campaigns":false,"_exactmetrics_skip_tracking":false,"_exactmetrics_sitenote_active":false,"_exactmetrics_sitenote_note":"","_exactmetrics_sitenote_category":0,"footnotes":""},"categories":[19,30],"tags":[],"class_list":["post-10211","post","type-post","status-publish","format-standard","has-post-thumbnail","hentry","category-bahia","category-destaque"],"aioseo_notices":[],"_links":{"self":[{"href":"https:\/\/newsinfoco.com.br\/inicio\/wp-json\/wp\/v2\/posts\/10211","targetHints":{"allow":["GET"]}}],"collection":[{"href":"https:\/\/newsinfoco.com.br\/inicio\/wp-json\/wp\/v2\/posts"}],"about":[{"href":"https:\/\/newsinfoco.com.br\/inicio\/wp-json\/wp\/v2\/types\/post"}],"author":[{"embeddable":true,"href":"https:\/\/newsinfoco.com.br\/inicio\/wp-json\/wp\/v2\/users\/1"}],"replies":[{"embeddable":true,"href":"https:\/\/newsinfoco.com.br\/inicio\/wp-json\/wp\/v2\/comments?post=10211"}],"version-history":[{"count":0,"href":"https:\/\/newsinfoco.com.br\/inicio\/wp-json\/wp\/v2\/posts\/10211\/revisions"}],"wp:featuredmedia":[{"embeddable":true,"href":"https:\/\/newsinfoco.com.br\/inicio\/wp-json\/wp\/v2\/media\/10212"}],"wp:attachment":[{"href":"https:\/\/newsinfoco.com.br\/inicio\/wp-json\/wp\/v2\/media?parent=10211"}],"wp:term":[{"taxonomy":"category","embeddable":true,"href":"https:\/\/newsinfoco.com.br\/inicio\/wp-json\/wp\/v2\/categories?post=10211"},{"taxonomy":"post_tag","embeddable":true,"href":"https:\/\/newsinfoco.com.br\/inicio\/wp-json\/wp\/v2\/tags?post=10211"}],"curies":[{"name":"wp","href":"https:\/\/api.w.org\/{rel}","templated":true}]}}