{"id":10215,"date":"2018-10-04T16:21:28","date_gmt":"2018-10-04T19:21:28","guid":{"rendered":"http:\/\/newsinfoco.com.br\/?p=10215"},"modified":"2018-10-04T16:21:28","modified_gmt":"2018-10-04T19:21:28","slug":"foi-uma-decisao-minha-diz-ze-ronaldo-sobre-voto-em-bolsonaro","status":"publish","type":"post","link":"https:\/\/newsinfoco.com.br\/inicio\/foi-uma-decisao-minha-diz-ze-ronaldo-sobre-voto-em-bolsonaro\/","title":{"rendered":"\u201cFoi uma decis\u00e3o minha\u201d, diz Z\u00e9 Ronaldo sobre voto em Bolsonaro"},"content":{"rendered":"<p style=\"text-align: justify;\">O candidato da oposi\u00e7\u00e3o ao governo da Bahia pelo DEM, Jos\u00e9 Ronaldo, antes do in\u00edcio do debate desta quinta-feira (4) na TV Aratu, voltou a afirmar apoio a Jair Bolsonaro na corrida presidencial.<\/p>\n<p style=\"text-align: justify;\">De acordo com Z\u00e9, que enfatizou que o anuncio no \u00faltimo debate da TV Bahia foi uma decis\u00e3o particular, Bolsonaro \u201c\u00e9 o melhor no momento para derrotar o maior advers\u00e1rio do pa\u00eds que \u00e9 o PT\u201d.<\/p><div class=\"newsi-conteudo_19\" id=\"newsi-493036392\"><a href=\"https:\/\/www.instagram.com\/prefeituraalagoinhas?igsh=YzgzdDJ1bWR3aWI4\" aria-label=\"SAVE_20251006_221555\"><img loading=\"lazy\" decoding=\"async\" src=\"https:\/\/newsinfoco.com.br\/inicio\/wp-content\/uploads\/2025\/10\/SAVE_20251006_221555-rotated.jpg\" alt=\"\"  srcset=\"https:\/\/newsinfoco.com.br\/inicio\/wp-content\/uploads\/2025\/10\/SAVE_20251006_221555-rotated.jpg 1140w, https:\/\/newsinfoco.com.br\/inicio\/wp-content\/uploads\/2025\/10\/SAVE_20251006_221555-300x52.jpg 300w, https:\/\/newsinfoco.com.br\/inicio\/wp-content\/uploads\/2025\/10\/SAVE_20251006_221555-1024x177.jpg 1024w, https:\/\/newsinfoco.com.br\/inicio\/wp-content\/uploads\/2025\/10\/SAVE_20251006_221555-768x133.jpg 768w, https:\/\/newsinfoco.com.br\/inicio\/wp-content\/uploads\/2025\/10\/SAVE_20251006_221555-600x104.jpg 600w, https:\/\/newsinfoco.com.br\/inicio\/wp-content\/uploads\/2025\/10\/SAVE_20251006_221555-696x120.jpg 696w, https:\/\/newsinfoco.com.br\/inicio\/wp-content\/uploads\/2025\/10\/SAVE_20251006_221555-1068x185.jpg 1068w\" sizes=\"(max-width: 1140px) 100vw, 1140px\" width=\"1140\" height=\"197\"   \/><\/a><\/div>\n<p style=\"text-align: justify;\">\u201cFoi uma decis\u00e3o minha. Sou candidato e ele [ACM Neto] \u00e9 presidente do partido. Compreendo a decis\u00e3o dele. Articula a campanha de Alckmin, e \u00e9 compreens\u00edvel a posi\u00e7\u00e3o deles. Respeito. Na minha candidatura, como fiquei pr\u00f3ximo do homem e da mulher, fiquei escutando as pessoas, e entendi que deveria dar aquela declara\u00e7\u00e3o de incentivo a essa candidatura\u201d, afirmou.<\/p>\n<div class='share-to-whatsapp-wrapper'><div class='share-on-whsp'>Share on: <\/div><a data-text='\u201cFoi uma decis\u00e3o minha\u201d, diz Z\u00e9 Ronaldo sobre voto em Bolsonaro' data-link='https:\/\/newsinfoco.com.br\/inicio\/foi-uma-decisao-minha-diz-ze-ronaldo-sobre-voto-em-bolsonaro\/' class='whatsapp-button whatsapp-share'>WhatsApp<\/a><div class='clear '><\/div><\/div>","protected":false},"excerpt":{"rendered":"<p>O candidato da oposi\u00e7\u00e3o ao governo da Bahia pelo DEM, Jos\u00e9 Ronaldo, antes do in\u00edcio do debate desta quinta-feira (4) na TV Aratu, voltou a afirmar apoio a Jair Bolsonaro na corrida presidencial. De acordo com Z\u00e9, que enfatizou que o anuncio no \u00faltimo debate da TV Bahia foi uma decis\u00e3o particular, Bolsonaro \u201c\u00e9 o [&hellip;]<\/p>\n","protected":false},"author":1,"featured_media":9882,"comment_status":"open","ping_status":"open","sticky":false,"template":"","format":"standard","meta":{"om_disable_all_campaigns":false,"_exactmetrics_skip_tracking":false,"_exactmetrics_sitenote_active":false,"_exactmetrics_sitenote_note":"","_exactmetrics_sitenote_category":0,"footnotes":""},"categories":[19],"tags":[],"class_list":["post-10215","post","type-post","status-publish","format-standard","has-post-thumbnail","hentry","category-bahia"],"aioseo_notices":[],"_links":{"self":[{"href":"https:\/\/newsinfoco.com.br\/inicio\/wp-json\/wp\/v2\/posts\/10215","targetHints":{"allow":["GET"]}}],"collection":[{"href":"https:\/\/newsinfoco.com.br\/inicio\/wp-json\/wp\/v2\/posts"}],"about":[{"href":"https:\/\/newsinfoco.com.br\/inicio\/wp-json\/wp\/v2\/types\/post"}],"author":[{"embeddable":true,"href":"https:\/\/newsinfoco.com.br\/inicio\/wp-json\/wp\/v2\/users\/1"}],"replies":[{"embeddable":true,"href":"https:\/\/newsinfoco.com.br\/inicio\/wp-json\/wp\/v2\/comments?post=10215"}],"version-history":[{"count":0,"href":"https:\/\/newsinfoco.com.br\/inicio\/wp-json\/wp\/v2\/posts\/10215\/revisions"}],"wp:featuredmedia":[{"embeddable":true,"href":"https:\/\/newsinfoco.com.br\/inicio\/wp-json\/wp\/v2\/media\/9882"}],"wp:attachment":[{"href":"https:\/\/newsinfoco.com.br\/inicio\/wp-json\/wp\/v2\/media?parent=10215"}],"wp:term":[{"taxonomy":"category","embeddable":true,"href":"https:\/\/newsinfoco.com.br\/inicio\/wp-json\/wp\/v2\/categories?post=10215"},{"taxonomy":"post_tag","embeddable":true,"href":"https:\/\/newsinfoco.com.br\/inicio\/wp-json\/wp\/v2\/tags?post=10215"}],"curies":[{"name":"wp","href":"https:\/\/api.w.org\/{rel}","templated":true}]}}