{"id":10220,"date":"2018-10-04T16:55:49","date_gmt":"2018-10-04T19:55:49","guid":{"rendered":"http:\/\/newsinfoco.com.br\/?p=10220"},"modified":"2018-10-04T16:55:49","modified_gmt":"2018-10-04T19:55:49","slug":"na-linha-de-ze-ronaldo-e-tude-prefeito-de-camacari-levanta-faixa-em-apoio-a-bolsonaro","status":"publish","type":"post","link":"https:\/\/newsinfoco.com.br\/inicio\/na-linha-de-ze-ronaldo-e-tude-prefeito-de-camacari-levanta-faixa-em-apoio-a-bolsonaro\/","title":{"rendered":"Na linha de Z\u00e9 Ronaldo e Tude, prefeito de Cama\u00e7ari levanta faixa em apoio a Bolsonaro"},"content":{"rendered":"<p style=\"text-align: justify;\">Aliado do presidente nacional do Democratas, ACM Neto, que tamb\u00e9m \u00e9 coordenador da campanha do presidenci\u00e1vel tucano Geraldo Alckmin, o prefeito da cidade de Cama\u00e7ari, Antonio Elinaldo (DEM), estendeu uma faixa do candidato a presidente pelo PSL, Jair Bolsonaro.<\/p>\n<p style=\"text-align: justify;\">\u201cPara presidente, vamos votar para derrotar o PT\u201d, ressaltou Elinaldo durante um ato de campanha do candidato a deputado estadual e vice-prefeito, Jos\u00e9 Tude (DEM), nesta quarta-feira (3), no bairro da Gleba C, em Cama\u00e7ari.<\/p><div class=\"newsi-conteudo_19\" id=\"newsi-2761125103\"><a href=\"https:\/\/www.instagram.com\/prefeituraalagoinhas?igsh=YzgzdDJ1bWR3aWI4\" aria-label=\"SAVE_20251006_221555\"><img loading=\"lazy\" decoding=\"async\" src=\"https:\/\/newsinfoco.com.br\/inicio\/wp-content\/uploads\/2025\/10\/SAVE_20251006_221555-rotated.jpg\" alt=\"\"  srcset=\"https:\/\/newsinfoco.com.br\/inicio\/wp-content\/uploads\/2025\/10\/SAVE_20251006_221555-rotated.jpg 1140w, https:\/\/newsinfoco.com.br\/inicio\/wp-content\/uploads\/2025\/10\/SAVE_20251006_221555-300x52.jpg 300w, https:\/\/newsinfoco.com.br\/inicio\/wp-content\/uploads\/2025\/10\/SAVE_20251006_221555-1024x177.jpg 1024w, https:\/\/newsinfoco.com.br\/inicio\/wp-content\/uploads\/2025\/10\/SAVE_20251006_221555-768x133.jpg 768w, https:\/\/newsinfoco.com.br\/inicio\/wp-content\/uploads\/2025\/10\/SAVE_20251006_221555-600x104.jpg 600w, https:\/\/newsinfoco.com.br\/inicio\/wp-content\/uploads\/2025\/10\/SAVE_20251006_221555-696x120.jpg 696w, https:\/\/newsinfoco.com.br\/inicio\/wp-content\/uploads\/2025\/10\/SAVE_20251006_221555-1068x185.jpg 1068w\" sizes=\"(max-width: 1140px) 100vw, 1140px\" width=\"1140\" height=\"197\"   \/><\/a><\/div>\n<p style=\"text-align: justify;\">Tude e o candidato do DEM ao governo do estado, Jos\u00e9 Ronaldo, declararam apoio a Bolsonaro, o que irritou ACM Neto.<\/p>\n<p>Veja:<\/p>\n<p><a href=\"http:\/\/newsinfoco.com.br\/wp-content\/uploads\/2018\/10\/tude-e-elinaldo-anunciam-apoio-a-bolsonaro.jpg\"><img loading=\"lazy\" decoding=\"async\" class=\"aligncenter size-full wp-image-10221\" src=\"http:\/\/newsinfoco.com.br\/wp-content\/uploads\/2018\/10\/tude-e-elinaldo-anunciam-apoio-a-bolsonaro.jpg\" alt=\"\" width=\"380\" height=\"280\" srcset=\"https:\/\/newsinfoco.com.br\/inicio\/wp-content\/uploads\/2018\/10\/tude-e-elinaldo-anunciam-apoio-a-bolsonaro.jpg 380w, https:\/\/newsinfoco.com.br\/inicio\/wp-content\/uploads\/2018\/10\/tude-e-elinaldo-anunciam-apoio-a-bolsonaro-300x221.jpg 300w, https:\/\/newsinfoco.com.br\/inicio\/wp-content\/uploads\/2018\/10\/tude-e-elinaldo-anunciam-apoio-a-bolsonaro-80x60.jpg 80w\" sizes=\"auto, (max-width: 380px) 100vw, 380px\" \/><\/a><\/p>\n<p style=\"text-align: right;\"><span style=\"color: #999999;\">Matheus Morais\u00a0 para o Bahia.ba<\/span><\/p>\n<div class='share-to-whatsapp-wrapper'><div class='share-on-whsp'>Share on: <\/div><a data-text='Na linha de Z\u00e9 Ronaldo e Tude, prefeito de Cama\u00e7ari levanta faixa em apoio a Bolsonaro' data-link='https:\/\/newsinfoco.com.br\/inicio\/na-linha-de-ze-ronaldo-e-tude-prefeito-de-camacari-levanta-faixa-em-apoio-a-bolsonaro\/' class='whatsapp-button whatsapp-share'>WhatsApp<\/a><div class='clear '><\/div><\/div>","protected":false},"excerpt":{"rendered":"<p>Aliado do presidente nacional do Democratas, ACM Neto, que tamb\u00e9m \u00e9 coordenador da campanha do presidenci\u00e1vel tucano Geraldo Alckmin, o prefeito da cidade de Cama\u00e7ari, Antonio Elinaldo (DEM), estendeu uma faixa do candidato a presidente pelo PSL, Jair Bolsonaro. \u201cPara presidente, vamos votar para derrotar o PT\u201d, ressaltou Elinaldo durante um ato de campanha do [&hellip;]<\/p>\n","protected":false},"author":1,"featured_media":10222,"comment_status":"open","ping_status":"open","sticky":false,"template":"","format":"standard","meta":{"om_disable_all_campaigns":false,"_exactmetrics_skip_tracking":false,"_exactmetrics_sitenote_active":false,"_exactmetrics_sitenote_note":"","_exactmetrics_sitenote_category":0,"footnotes":""},"categories":[19],"tags":[],"class_list":["post-10220","post","type-post","status-publish","format-standard","has-post-thumbnail","hentry","category-bahia"],"aioseo_notices":[],"_links":{"self":[{"href":"https:\/\/newsinfoco.com.br\/inicio\/wp-json\/wp\/v2\/posts\/10220","targetHints":{"allow":["GET"]}}],"collection":[{"href":"https:\/\/newsinfoco.com.br\/inicio\/wp-json\/wp\/v2\/posts"}],"about":[{"href":"https:\/\/newsinfoco.com.br\/inicio\/wp-json\/wp\/v2\/types\/post"}],"author":[{"embeddable":true,"href":"https:\/\/newsinfoco.com.br\/inicio\/wp-json\/wp\/v2\/users\/1"}],"replies":[{"embeddable":true,"href":"https:\/\/newsinfoco.com.br\/inicio\/wp-json\/wp\/v2\/comments?post=10220"}],"version-history":[{"count":0,"href":"https:\/\/newsinfoco.com.br\/inicio\/wp-json\/wp\/v2\/posts\/10220\/revisions"}],"wp:featuredmedia":[{"embeddable":true,"href":"https:\/\/newsinfoco.com.br\/inicio\/wp-json\/wp\/v2\/media\/10222"}],"wp:attachment":[{"href":"https:\/\/newsinfoco.com.br\/inicio\/wp-json\/wp\/v2\/media?parent=10220"}],"wp:term":[{"taxonomy":"category","embeddable":true,"href":"https:\/\/newsinfoco.com.br\/inicio\/wp-json\/wp\/v2\/categories?post=10220"},{"taxonomy":"post_tag","embeddable":true,"href":"https:\/\/newsinfoco.com.br\/inicio\/wp-json\/wp\/v2\/tags?post=10220"}],"curies":[{"name":"wp","href":"https:\/\/api.w.org\/{rel}","templated":true}]}}