{"id":10228,"date":"2018-10-04T17:56:03","date_gmt":"2018-10-04T20:56:03","guid":{"rendered":"http:\/\/newsinfoco.com.br\/?p=10228"},"modified":"2018-10-04T17:56:03","modified_gmt":"2018-10-04T20:56:03","slug":"comemorando-o-dia-das-criancas-guarda-municipal-realiza-programacao-especial-com-alunos-da-escola-marco-maciel","status":"publish","type":"post","link":"https:\/\/newsinfoco.com.br\/inicio\/comemorando-o-dia-das-criancas-guarda-municipal-realiza-programacao-especial-com-alunos-da-escola-marco-maciel\/","title":{"rendered":"Comemorando o Dia das Crian\u00e7as, Guarda Municipal realiza programa\u00e7\u00e3o especial com alunos da Escola Marco Maciel"},"content":{"rendered":"<p style=\"text-align: justify;\"><span style=\"color: #000000;\">Comemorando o Dia das Crian\u00e7as, a Guarda Municipal, por meio do Programa Ronda Escolar, realizou, durante todo o dia desta quarta-feira(03), na sede da institui\u00e7\u00e3o, uma programa\u00e7\u00e3o especial e divertida com alunos da Escola Municipal Marco Maciel. Entre as atividades, que foram promovidas em parceria com a Secretaria de Assist\u00eancia Social (SEMAS), houve demonstra\u00e7\u00f5es do trabalho da Guarda, pula-pula, jogos, brincadeiras e distribui\u00e7\u00e3o de brindes.<\/span><\/p>\n<p><img decoding=\"async\" src=\"https:\/\/www.alagoinhas.ba.gov.br\/wp-content\/uploads\/2018\/10\/423dcabb-f242-4af7-917f-56d5d8429535-1024x768.jpg\" \/><\/p>\n<p style=\"text-align: justify;\"><span style=\"color: #000000;\">Resultado de uma parceria entre a Secretaria Municipal de Educa\u00e7\u00e3o (SEDUC) e a Guarda Municipal, a Ronda Escolar, desde que foi criada em abril de 2017, tem realizado palestras nas escolas, ocasi\u00f5es em que s\u00e3o passadas orienta\u00e7\u00f5es sobre temas como bullying, cidadania, enfrentamento \u00e0s drogas e \u00e0 viol\u00eancia, esclarecimentos relativos ao trabalho dos agentes, al\u00e9m de garantir a tranquilidade dos alunos, professores e a prote\u00e7\u00e3o do patrim\u00f4nio p\u00fablico. O servi\u00e7o pode ser acionado a qualquer hora do dia, todos os dias da semana, pelo telefone 153.<\/span><\/p><div class=\"newsi-conteudo_19\" id=\"newsi-3369078033\"><a href=\"https:\/\/www.instagram.com\/prefeituraalagoinhas?igsh=YzgzdDJ1bWR3aWI4\" aria-label=\"SAVE_20251006_221555\"><img loading=\"lazy\" decoding=\"async\" src=\"https:\/\/newsinfoco.com.br\/inicio\/wp-content\/uploads\/2025\/10\/SAVE_20251006_221555-rotated.jpg\" alt=\"\"  srcset=\"https:\/\/newsinfoco.com.br\/inicio\/wp-content\/uploads\/2025\/10\/SAVE_20251006_221555-rotated.jpg 1140w, https:\/\/newsinfoco.com.br\/inicio\/wp-content\/uploads\/2025\/10\/SAVE_20251006_221555-300x52.jpg 300w, https:\/\/newsinfoco.com.br\/inicio\/wp-content\/uploads\/2025\/10\/SAVE_20251006_221555-1024x177.jpg 1024w, https:\/\/newsinfoco.com.br\/inicio\/wp-content\/uploads\/2025\/10\/SAVE_20251006_221555-768x133.jpg 768w, https:\/\/newsinfoco.com.br\/inicio\/wp-content\/uploads\/2025\/10\/SAVE_20251006_221555-600x104.jpg 600w, https:\/\/newsinfoco.com.br\/inicio\/wp-content\/uploads\/2025\/10\/SAVE_20251006_221555-696x120.jpg 696w, https:\/\/newsinfoco.com.br\/inicio\/wp-content\/uploads\/2025\/10\/SAVE_20251006_221555-1068x185.jpg 1068w\" sizes=\"(max-width: 1140px) 100vw, 1140px\" width=\"1140\" height=\"197\"   \/><\/a><\/div>\n<p><img decoding=\"async\" src=\"https:\/\/www.alagoinhas.ba.gov.br\/wp-content\/uploads\/2018\/10\/203aebff-d031-4372-a9c1-2a56b847eaec-1024x768.jpg\" \/><\/p>\n<p style=\"text-align: justify;\"><span style=\"color: #000000;\">\u201cA equipe da Ronda Escolar diariamente vai at\u00e9 as escolas, com palestras educativas, demonstra\u00e7\u00f5es de Ordem Unida, assim como est\u00e1 fora da escola para garantir a\u00a0 seguran\u00e7a, e \u00e0 disposi\u00e7\u00e3o 24h para todas as vezes em que os sensores que detectam amea\u00e7as \u00e0s unidades fora do hor\u00e1rio de funcionamento s\u00e3o acionados, mas hoje fizemos o inverso, trazendo os alunos para \u00a0a nossa base, junto com os pais, professores e equipes da SEMAS\u201d, afirma a comandante da Guarda, Renata Fortaleza.<\/span><\/p>\n<p>&nbsp;<\/p>\n<p><img decoding=\"async\" src=\"https:\/\/www.alagoinhas.ba.gov.br\/wp-content\/uploads\/2018\/10\/7dae1ea1-a446-4a65-b22f-e749b13220e6-1024x768.jpg\" \/><\/p>\n<p style=\"text-align: justify;\">\u201cA experi\u00eancia de trazer, pela primeira vez, a escola para a nossa casa, onde as crian\u00e7as puderam conhecer o nosso trabalho e ao mesmo tempo, curtir um dia diferente, foi muito boa e produtiva. Seguindo esse calend\u00e1rio de a\u00e7\u00f5es voltados para o m\u00eas da Crian\u00e7a, estaremos levando novamente, alunos da escola municipal para a sede do Corpo de Bombeiros, na pr\u00f3xima semana\u201d, completou a comandante.<\/p>\n<p><img decoding=\"async\" src=\"https:\/\/www.alagoinhas.ba.gov.br\/wp-content\/uploads\/2018\/10\/3cd62faa-622a-4a93-8ff0-80eddf9056fd-1024x768.jpg\" \/><\/p>\n<p style=\"text-align: justify;\"><span style=\"color: #000000;\">A professora e vice \u2013 diretora da Escola Marco Maciel, Juliana Neres, que acompanhou as turmas, destacou o comprometimento\u00a0 da Guarda Municipal no trabalho desenvolvido nas escolas do munic\u00edpio.\u201d Eu vejo a Guarda como uma importante parceira das nossas escolas. Na Marco Maciel, atendemos alunos de todas as idades, de diversos bairros como Cruzeiro dos Montes, Mangal\u00f4, e sempre que solicitamos ajuda, o atendimento \u00e9 r\u00e1pido e eficiente. A a\u00e7\u00e3o de hoje \u00e9 uma demonstra\u00e7\u00e3o do comprometimento da corpora\u00e7\u00e3o em desempenhar o seu papel da melhor forma poss\u00edvel na comunidade\u201d, afirmou a professora<\/span><\/p>\n<p><img decoding=\"async\" src=\"https:\/\/www.alagoinhas.ba.gov.br\/wp-content\/uploads\/2018\/10\/345b3510-169b-4dd7-8377-0b22b79b631d-1024x768.jpg\" \/><\/p>\n<p style=\"text-align: right;\">Fonte: SECOM SEMAS<\/p>\n<p>&nbsp;<\/p>\n<div align=\"right\"><\/div>\n<div class='share-to-whatsapp-wrapper'><div class='share-on-whsp'>Share on: <\/div><a data-text='Comemorando o Dia das Crian\u00e7as, Guarda Municipal realiza programa\u00e7\u00e3o especial com alunos da Escola Marco Maciel' data-link='https:\/\/newsinfoco.com.br\/inicio\/comemorando-o-dia-das-criancas-guarda-municipal-realiza-programacao-especial-com-alunos-da-escola-marco-maciel\/' class='whatsapp-button whatsapp-share'>WhatsApp<\/a><div class='clear '><\/div><\/div>","protected":false},"excerpt":{"rendered":"<p>Comemorando o Dia das Crian\u00e7as, a Guarda Municipal, por meio do Programa Ronda Escolar, realizou, durante todo o dia desta quarta-feira(03), na sede da institui\u00e7\u00e3o, uma programa\u00e7\u00e3o especial e divertida com alunos da Escola Municipal Marco Maciel. Entre as atividades, que foram promovidas em parceria com a Secretaria de Assist\u00eancia Social (SEMAS), houve demonstra\u00e7\u00f5es do [&hellip;]<\/p>\n","protected":false},"author":1,"featured_media":10229,"comment_status":"open","ping_status":"open","sticky":false,"template":"","format":"standard","meta":{"om_disable_all_campaigns":false,"_exactmetrics_skip_tracking":false,"_exactmetrics_sitenote_active":false,"_exactmetrics_sitenote_note":"","_exactmetrics_sitenote_category":0,"footnotes":""},"categories":[38,30],"tags":[53,54,120],"class_list":["post-10228","post","type-post","status-publish","format-standard","has-post-thumbnail","hentry","category-alagoinhas-e-regiao","category-destaque","tag-alagoinhas","tag-prefeitura","tag-secom-semas"],"aioseo_notices":[],"_links":{"self":[{"href":"https:\/\/newsinfoco.com.br\/inicio\/wp-json\/wp\/v2\/posts\/10228","targetHints":{"allow":["GET"]}}],"collection":[{"href":"https:\/\/newsinfoco.com.br\/inicio\/wp-json\/wp\/v2\/posts"}],"about":[{"href":"https:\/\/newsinfoco.com.br\/inicio\/wp-json\/wp\/v2\/types\/post"}],"author":[{"embeddable":true,"href":"https:\/\/newsinfoco.com.br\/inicio\/wp-json\/wp\/v2\/users\/1"}],"replies":[{"embeddable":true,"href":"https:\/\/newsinfoco.com.br\/inicio\/wp-json\/wp\/v2\/comments?post=10228"}],"version-history":[{"count":0,"href":"https:\/\/newsinfoco.com.br\/inicio\/wp-json\/wp\/v2\/posts\/10228\/revisions"}],"wp:featuredmedia":[{"embeddable":true,"href":"https:\/\/newsinfoco.com.br\/inicio\/wp-json\/wp\/v2\/media\/10229"}],"wp:attachment":[{"href":"https:\/\/newsinfoco.com.br\/inicio\/wp-json\/wp\/v2\/media?parent=10228"}],"wp:term":[{"taxonomy":"category","embeddable":true,"href":"https:\/\/newsinfoco.com.br\/inicio\/wp-json\/wp\/v2\/categories?post=10228"},{"taxonomy":"post_tag","embeddable":true,"href":"https:\/\/newsinfoco.com.br\/inicio\/wp-json\/wp\/v2\/tags?post=10228"}],"curies":[{"name":"wp","href":"https:\/\/api.w.org\/{rel}","templated":true}]}}