{"id":10237,"date":"2018-10-04T18:16:31","date_gmt":"2018-10-04T21:16:31","guid":{"rendered":"http:\/\/newsinfoco.com.br\/?p=10237"},"modified":"2018-10-04T18:16:31","modified_gmt":"2018-10-04T21:16:31","slug":"fortalecimento-da-atencao-basica-prefeitura-realiza-tres-grandes-entregas-da-saude-nesta-sexta-feira-5","status":"publish","type":"post","link":"https:\/\/newsinfoco.com.br\/inicio\/fortalecimento-da-atencao-basica-prefeitura-realiza-tres-grandes-entregas-da-saude-nesta-sexta-feira-5\/","title":{"rendered":"Fortalecimento da Aten\u00e7\u00e3o B\u00e1sica: Prefeitura realiza tr\u00eas grandes entregas da sa\u00fade nesta sexta-feira (5)"},"content":{"rendered":"<p style=\"text-align: justify;\"><span style=\"color: #000000;\">Com o intuito de fortalecer a cobertura em sa\u00fade no munic\u00edpio e de garantir atendimento de qualidade \u00e0 popula\u00e7\u00e3o, a Prefeitura, atrav\u00e9s da Secretaria de Sa\u00fade (SESAU), realiza, nesta sexta-feira (5), tr\u00eas grandes entregas \u00e0 comunidade.<\/span><\/p>\n<p style=\"text-align: justify;\"><span style=\"color: #000000;\">Em menos de 2 anos de gest\u00e3o, al\u00e9m das 220 mil consultas e procedimentos realizados, da inaugura\u00e7\u00e3o da academia da sa\u00fade, no Jardim Petrolar, da inaugura\u00e7\u00e3o do servi\u00e7o de endoscopia digestiva, na Policl\u00ednica, e de a\u00e7\u00f5es voltadas ao atendimento humanizado, a Administra\u00e7\u00e3o P\u00fablica poder\u00e1 contabilizar tamb\u00e9m, em investimentos no setor, a reinaugura\u00e7\u00e3o da Unidade de Sa\u00fade que foi requalificada com recursos pr\u00f3prios, no Estev\u00e3o, a amplia\u00e7\u00e3o da Unidade de Sa\u00fade de Narandiba, a implanta\u00e7\u00e3o do servi\u00e7o de ultrassonografia na Unidade de Reintegra\u00e7\u00e3o Funcional e a entrega de 2 ve\u00edculos \u00e0 Aten\u00e7\u00e3o B\u00e1sica do munic\u00edpio.<\/span><\/p><div class=\"newsi-conteudo_19\" id=\"newsi-288957684\"><a href=\"https:\/\/www.instagram.com\/prefeituraalagoinhas?igsh=YzgzdDJ1bWR3aWI4\" aria-label=\"SAVE_20251006_221555\"><img loading=\"lazy\" decoding=\"async\" src=\"https:\/\/newsinfoco.com.br\/inicio\/wp-content\/uploads\/2025\/10\/SAVE_20251006_221555-rotated.jpg\" alt=\"\"  srcset=\"https:\/\/newsinfoco.com.br\/inicio\/wp-content\/uploads\/2025\/10\/SAVE_20251006_221555-rotated.jpg 1140w, https:\/\/newsinfoco.com.br\/inicio\/wp-content\/uploads\/2025\/10\/SAVE_20251006_221555-300x52.jpg 300w, https:\/\/newsinfoco.com.br\/inicio\/wp-content\/uploads\/2025\/10\/SAVE_20251006_221555-1024x177.jpg 1024w, https:\/\/newsinfoco.com.br\/inicio\/wp-content\/uploads\/2025\/10\/SAVE_20251006_221555-768x133.jpg 768w, https:\/\/newsinfoco.com.br\/inicio\/wp-content\/uploads\/2025\/10\/SAVE_20251006_221555-600x104.jpg 600w, https:\/\/newsinfoco.com.br\/inicio\/wp-content\/uploads\/2025\/10\/SAVE_20251006_221555-696x120.jpg 696w, https:\/\/newsinfoco.com.br\/inicio\/wp-content\/uploads\/2025\/10\/SAVE_20251006_221555-1068x185.jpg 1068w\" sizes=\"(max-width: 1140px) 100vw, 1140px\" width=\"1140\" height=\"197\"   \/><\/a><\/div>\n<p style=\"text-align: justify;\"><span style=\"color: #000000;\">\u201cO que estamos fazendo \u00e9 fortalecer a Aten\u00e7\u00e3o B\u00e1sica, que \u00e9 responsabilidade do munic\u00edpio. Segundo dados do Minist\u00e9rio da Sa\u00fade, cerca de 80% das responsabilidades e necessidades de sa\u00fade dos usu\u00e1rios est\u00e3o na Aten\u00e7\u00e3o B\u00e1sica. Ent\u00e3o fizemos cadastros para a aquisi\u00e7\u00e3o fundo a fundo de equipamentos e materiais permanentes que ser\u00e3o disponibilizados \u00e0s unidades e temos desenvolvido propostas que garantam a efici\u00eancia dos servi\u00e7os oferecidos \u00e0 comunidade\u201d, pontuou o diretor de planejamento da sa\u00fade, Edlam de Souza Santos.<\/span><\/p>\n<p style=\"text-align: justify;\"><span style=\"color: #000000;\">Para o secret\u00e1rio de sa\u00fade Moacir Lira, s\u00e3o a\u00e7\u00f5es que, de forma conjunta, visam n\u00e3o apenas ampliar a oferta de servi\u00e7os e atendimentos no munic\u00edpio, mas garantir que o cidad\u00e3o seja bem acolhido em qualquer inst\u00e2ncia da sa\u00fade, tendo assegurados os seus direitos de assist\u00eancia e cuidado.<\/span><\/p>\n<p style=\"text-align: justify;\"><span style=\"color: #000000;\">\u201cOs desafios s\u00e3o muitos e n\u00f3s sabemos que as demandas s\u00e3o in\u00fameras, mas temos desenvolvido um trabalho com resultados efetivos para a popula\u00e7\u00e3o. N\u00e3o \u00e9 apenas inaugurar uma obra, trazer um procedimento, mas incorporar equipamentos, unir esfor\u00e7os e investir nas estruturas para trazer novas perspectivas para o diagn\u00f3stico de pacientes, potencializar a realiza\u00e7\u00e3o de exames, ampliar a preven\u00e7\u00e3o, desburocratizar processos, assegurar um atendimento humanizado para todo e qualquer cidad\u00e3o\u201d, destacou o gestor da pasta.<\/span><\/p>\n<p style=\"text-align: justify;\"><span style=\"color: #000000;\">As entregas da sa\u00fade previstas para esta sexta-feira come\u00e7am \u00e0s 8h, na Unidade de Sa\u00fade de Narandiba, e seguem at\u00e9 o fim da manh\u00e3. De acordo com a SESAU, ainda em 2018, a inten\u00e7\u00e3o \u00e9 inaugurar tamb\u00e9m a nova base do SAMU e a sede da Vigil\u00e2ncia em Sa\u00fade.<\/span><\/p>\n<p style=\"text-align: justify;\"><span style=\"color: #000000;\">Confira os hor\u00e1rios e locais das a\u00e7\u00f5es programadas para esta sexta-feira:<\/span><br \/>\n<span style=\"color: #000000;\"><strong>\u2013 8h:<\/strong>\u00a0<strong>Reinaugura\u00e7\u00e3o da Unidade de Sa\u00fade da Fam\u00edlia de Narandiba\u00a0<\/strong><\/span><br \/>\n<span style=\"color: #000000;\">Local da entrega: Narandiba, S\/N (Unidade de Sa\u00fade)<\/span><\/p>\n<p style=\"text-align: justify;\"><span style=\"color: #000000;\"><strong>\u2013 10h:<\/strong>\u00a0<strong>Implanta\u00e7\u00e3o do Servi\u00e7o de Ultrassonografia na Unidade de Reintegra\u00e7\u00e3o Funcional<\/strong><\/span><br \/>\n<span style=\"color: #000000;\">Local: Av. Juracy Magalh\u00e3es, 1004 \u2013 centro<\/span><\/p>\n<p style=\"text-align: justify;\"><span style=\"color: #000000;\"><strong>\u2013 11h30:<\/strong>\u00a0<strong>Entrega de 2 ve\u00edculos \u00e0 Aten\u00e7\u00e3o B\u00e1sica<\/strong><\/span><br \/>\n<span style=\"color: #000000;\">Local: Estacionamento da Prefeitura<\/span><\/p>\n<h6 style=\"text-align: right;\"><span style=\"color: #999999;\">Fonte: SECOM SESAU<\/span><\/h6>\n<div class='share-to-whatsapp-wrapper'><div class='share-on-whsp'>Share on: <\/div><a data-text='Fortalecimento da Aten\u00e7\u00e3o B\u00e1sica: Prefeitura realiza tr\u00eas grandes entregas da sa\u00fade nesta sexta-feira (5)' data-link='https:\/\/newsinfoco.com.br\/inicio\/fortalecimento-da-atencao-basica-prefeitura-realiza-tres-grandes-entregas-da-saude-nesta-sexta-feira-5\/' class='whatsapp-button whatsapp-share'>WhatsApp<\/a><div class='clear '><\/div><\/div>","protected":false},"excerpt":{"rendered":"<p>Com o intuito de fortalecer a cobertura em sa\u00fade no munic\u00edpio e de garantir atendimento de qualidade \u00e0 popula\u00e7\u00e3o, a Prefeitura, atrav\u00e9s da Secretaria de Sa\u00fade (SESAU), realiza, nesta sexta-feira (5), tr\u00eas grandes entregas \u00e0 comunidade. Em menos de 2 anos de gest\u00e3o, al\u00e9m das 220 mil consultas e procedimentos realizados, da inaugura\u00e7\u00e3o da academia [&hellip;]<\/p>\n","protected":false},"author":1,"featured_media":10177,"comment_status":"open","ping_status":"open","sticky":false,"template":"","format":"standard","meta":{"om_disable_all_campaigns":false,"_exactmetrics_skip_tracking":false,"_exactmetrics_sitenote_active":false,"_exactmetrics_sitenote_note":"","_exactmetrics_sitenote_category":0,"footnotes":""},"categories":[38,30],"tags":[53,54,101],"class_list":["post-10237","post","type-post","status-publish","format-standard","has-post-thumbnail","hentry","category-alagoinhas-e-regiao","category-destaque","tag-alagoinhas","tag-prefeitura","tag-secom-sesau"],"aioseo_notices":[],"_links":{"self":[{"href":"https:\/\/newsinfoco.com.br\/inicio\/wp-json\/wp\/v2\/posts\/10237","targetHints":{"allow":["GET"]}}],"collection":[{"href":"https:\/\/newsinfoco.com.br\/inicio\/wp-json\/wp\/v2\/posts"}],"about":[{"href":"https:\/\/newsinfoco.com.br\/inicio\/wp-json\/wp\/v2\/types\/post"}],"author":[{"embeddable":true,"href":"https:\/\/newsinfoco.com.br\/inicio\/wp-json\/wp\/v2\/users\/1"}],"replies":[{"embeddable":true,"href":"https:\/\/newsinfoco.com.br\/inicio\/wp-json\/wp\/v2\/comments?post=10237"}],"version-history":[{"count":0,"href":"https:\/\/newsinfoco.com.br\/inicio\/wp-json\/wp\/v2\/posts\/10237\/revisions"}],"wp:featuredmedia":[{"embeddable":true,"href":"https:\/\/newsinfoco.com.br\/inicio\/wp-json\/wp\/v2\/media\/10177"}],"wp:attachment":[{"href":"https:\/\/newsinfoco.com.br\/inicio\/wp-json\/wp\/v2\/media?parent=10237"}],"wp:term":[{"taxonomy":"category","embeddable":true,"href":"https:\/\/newsinfoco.com.br\/inicio\/wp-json\/wp\/v2\/categories?post=10237"},{"taxonomy":"post_tag","embeddable":true,"href":"https:\/\/newsinfoco.com.br\/inicio\/wp-json\/wp\/v2\/tags?post=10237"}],"curies":[{"name":"wp","href":"https:\/\/api.w.org\/{rel}","templated":true}]}}