{"id":10297,"date":"2018-10-08T17:48:36","date_gmt":"2018-10-08T20:48:36","guid":{"rendered":"http:\/\/newsinfoco.com.br\/?p=10297"},"modified":"2018-10-08T17:48:36","modified_gmt":"2018-10-08T20:48:36","slug":"moradores-do-baixao-ja-aproveitam-beneficios-do-novo-sistema-de-abastecimento-de-agua","status":"publish","type":"post","link":"https:\/\/newsinfoco.com.br\/inicio\/moradores-do-baixao-ja-aproveitam-beneficios-do-novo-sistema-de-abastecimento-de-agua\/","title":{"rendered":"Moradores do Baix\u00e3o j\u00e1 aproveitam benef\u00edcios do novo Sistema de Abastecimento de \u00c1gua"},"content":{"rendered":"<p style=\"text-align: justify;\"><span style=\"color: #000000;\">Em meio a uma variedade de plantas agora vistosas, Valdinara da Silva \u2014 ou simplesmente D\u00f4ra, como \u00e9 conhecida \u2014 n\u00e3o cont\u00e9m o sorriso quando v\u00ea a \u00e1gua cristalina saindo da torneira e caindo no balde. O barulho do l\u00edquido mais preciso que existe ao se chocar com o recipiente de alum\u00ednio \u00e9 m\u00fasica para seus ouvidos.<\/span><\/p>\n<p style=\"text-align: justify;\"><span style=\"color: #000000;\">A cena vista naquela casa situada \u00e0 beira de uma estradinha de terra ladeada por vegeta\u00e7\u00e3o \u00e9 um exemplo da mudan\u00e7a que, gra\u00e7as ao Servi\u00e7o Aut\u00f4nomo de \u00c1gua e Esgoto (SAAE) Alagoinhas, come\u00e7a a ocorrer com a implanta\u00e7\u00e3o do Sistema de Abastecimento de \u00c1gua do Baix\u00e3o, localidade do distrito Riacho da Guia, a cerca de 30 km da sede.<\/span><\/p><div class=\"newsi-conteudo_19\" id=\"newsi-859827703\"><a href=\"https:\/\/www.instagram.com\/prefeituraalagoinhas?igsh=YzgzdDJ1bWR3aWI4\" aria-label=\"SAVE_20251006_221555\"><img loading=\"lazy\" decoding=\"async\" src=\"https:\/\/newsinfoco.com.br\/inicio\/wp-content\/uploads\/2025\/10\/SAVE_20251006_221555-rotated.jpg\" alt=\"\"  srcset=\"https:\/\/newsinfoco.com.br\/inicio\/wp-content\/uploads\/2025\/10\/SAVE_20251006_221555-rotated.jpg 1140w, https:\/\/newsinfoco.com.br\/inicio\/wp-content\/uploads\/2025\/10\/SAVE_20251006_221555-300x52.jpg 300w, https:\/\/newsinfoco.com.br\/inicio\/wp-content\/uploads\/2025\/10\/SAVE_20251006_221555-1024x177.jpg 1024w, https:\/\/newsinfoco.com.br\/inicio\/wp-content\/uploads\/2025\/10\/SAVE_20251006_221555-768x133.jpg 768w, https:\/\/newsinfoco.com.br\/inicio\/wp-content\/uploads\/2025\/10\/SAVE_20251006_221555-600x104.jpg 600w, https:\/\/newsinfoco.com.br\/inicio\/wp-content\/uploads\/2025\/10\/SAVE_20251006_221555-696x120.jpg 696w, https:\/\/newsinfoco.com.br\/inicio\/wp-content\/uploads\/2025\/10\/SAVE_20251006_221555-1068x185.jpg 1068w\" sizes=\"(max-width: 1140px) 100vw, 1140px\" width=\"1140\" height=\"197\"   \/><\/a><\/div>\n<p style=\"text-align: justify;\"><span style=\"color: #000000;\">\u201cAntes era um terror\u2026 A gente caminhava de quinze a vinte minutos at\u00e9 o brejo pra pegar \u00e1gua pra lavar, pra tomar banho, ou tinha que ir ao riacho pegar \u00e1gua pra cozinhar e beber\u201d, conta a moradora. H\u00e1 oito anos morando ali, agora tem a chance de viver uma realidade melhor. \u201cAgora temos \u00e1gua limpa, n\u00e3o mais salobra\u201d.<\/span><\/p>\n<p style=\"text-align: justify;\">\n<p style=\"text-align: justify;\"><span style=\"color: #000000;\"><strong><em>Novo po\u00e7o<\/em><\/strong><\/span><\/p>\n<p style=\"text-align: justify;\"><span style=\"color: #000000;\">Ao tomar conhecimento da perfura\u00e7\u00e3o de um novo po\u00e7o por parte do Departamento Nacional de Obras Contra as Secas (DNOCS), a autarquia solicitou formalmente a responsabilidade da opera\u00e7\u00e3o do sistema. A iniciativa \u2014 de extrema import\u00e2ncia por possibilitar que em vez de se deslocar at\u00e9 o chafariz, os moradores recebam \u00e1gua devidamente tratada diretamente em suas resid\u00eancias \u2014 atesta o compromisso do SAAE para o bem-estar e a sa\u00fade da popula\u00e7\u00e3o. Caso contr\u00e1rio, moradores como D\u00f4ra continuariam dependentes do deslocamento e da coleta manual de \u00e1gua.<\/span><\/p>\n<p style=\"text-align: justify;\"><span style=\"color: #000000;\">Os benef\u00edcios da a\u00e7\u00e3o j\u00e1 est\u00e3o sendo usufru\u00eddos, conforme atesta dona Helena Mendes. Aos setenta e sete anos, dos quais cinquenta e seis foram passados numa propriedade do Baix\u00e3o, a quase octogen\u00e1ria relembra o que agora j\u00e1 \u00e9 passado. \u201cA \u00e1gua que a gente usava era sal puro, me fazia at\u00e9 mal\u201d, conta, logo em seguida comemorando a conquista. \u201cJ\u00e1 passei muita necessidade de \u00e1gua, a gente vem sofrendo n\u00e3o \u00e9 de hoje, mas agora estamos no c\u00e9u, finalmente \u00e1gua boa\u201d.<\/span><\/p>\n<p style=\"text-align: justify;\"><span style=\"color: #000000;\">Dona Helena cultiva at\u00e9 uma hortinha caseira. \u201cAntes nem adiantava plantar nada\u201d, revela, mostrando orgulhosa os vegetais bem desenvolvidos no fundo do terreno.<\/span><\/p>\n<p style=\"text-align: justify;\"><span style=\"color: #000000;\">E \u00e9 s\u00f3 o come\u00e7o. Atualmente, o sistema est\u00e1 em fase de testes, uma etapa padr\u00e3o que serve para identificar as eventuais necessidades de corre\u00e7\u00f5es e adapta\u00e7\u00f5es. Em um trabalho conjunto entre as diretorias T\u00e9cnica e Comercial ser\u00e3o realizadas ainda, respectivamente, extens\u00f5es de rede e cadastramento dos im\u00f3veis. Somente a partir de ent\u00e3o o consumo ser\u00e1 cobrado.<\/span><\/p>\n<p style=\"text-align: justify;\">\n<p style=\"text-align: justify;\"><span style=\"color: #000000;\"><strong><em>Hist\u00f3rico<\/em><\/strong><\/span><\/p>\n<p style=\"text-align: justify;\"><span style=\"color: #000000;\">Desde 2015, embora a autarquia continuasse a abastecer a localidade e a realizar os reparos t\u00e9cnicos quando necess\u00e1rio, a presta\u00e7\u00e3o do servi\u00e7o n\u00e3o estava sendo cobrado, devido \u00e0 reclama\u00e7\u00e3o generalizada sobre a qualidade da \u00e1gua proveniente de um outro po\u00e7o.<\/span><\/p>\n<p style=\"text-align: justify;\">\n<p style=\"text-align: justify;\"><span style=\"color: #000000;\"><em>Al\u00e9m do atendimento presencial no Posto de Atendimento (Rua Moreira Rego,9977, Centro), h\u00e1 o WhatsApp e o Call Center. Pelo aplicativo, basta enviar uma mensagem (75) 981804500; o retorno sempre \u00e9 instant\u00e2neo. Pelo Call Center, \u00e9 s\u00f3 ligar gratuitamente para 0800 702 7065.<\/em><\/span><\/p>\n<p style=\"text-align: justify;\"><span style=\"color: #000000;\"><strong>ASCOM<\/strong><\/span><br \/>\n<span style=\"color: #000000;\">Servi\u00e7o Aut\u00f4nomo de \u00c1gua e Esgoto \u2013 SAAE Alagoinhas<\/span><br \/>\n<span style=\"color: #000000;\">E-mail: ascom.saae@alagoinhas.ba.gov.br<\/span><br \/>\n<span style=\"color: #000000;\">Telefone: (75) 31826031<\/span><\/p>\n<p style=\"text-align: justify;\"><span style=\"color: #000000;\"><strong>Redes Sociais<\/strong><\/span><br \/>\n<span style=\"color: #000000;\">Facebook: www.facebook.com\/saaedealagoinhas<\/span><br \/>\n<span style=\"color: #000000;\">Instagram: www.instagram.com\/saaealagoinhas<\/span><br \/>\n<span style=\"color: #000000;\">Site: www.saae.alagoinhas.ba.gov.br<\/span><\/p>\n<h6 style=\"text-align: right;\" align=\"right\"><span style=\"color: #999999;\">Fonte: SECOM\u00a0<\/span><\/h6>\n<div class='share-to-whatsapp-wrapper'><div class='share-on-whsp'>Share on: <\/div><a data-text='Moradores do Baix\u00e3o j\u00e1 aproveitam benef\u00edcios do novo Sistema de Abastecimento de \u00c1gua' data-link='https:\/\/newsinfoco.com.br\/inicio\/moradores-do-baixao-ja-aproveitam-beneficios-do-novo-sistema-de-abastecimento-de-agua\/' class='whatsapp-button whatsapp-share'>WhatsApp<\/a><div class='clear '><\/div><\/div>","protected":false},"excerpt":{"rendered":"<p>Em meio a uma variedade de plantas agora vistosas, Valdinara da Silva \u2014 ou simplesmente D\u00f4ra, como \u00e9 conhecida \u2014 n\u00e3o cont\u00e9m o sorriso quando v\u00ea a \u00e1gua cristalina saindo da torneira e caindo no balde. O barulho do l\u00edquido mais preciso que existe ao se chocar com o recipiente de alum\u00ednio \u00e9 m\u00fasica para [&hellip;]<\/p>\n","protected":false},"author":1,"featured_media":10299,"comment_status":"open","ping_status":"open","sticky":false,"template":"","format":"standard","meta":{"om_disable_all_campaigns":false,"_exactmetrics_skip_tracking":false,"_exactmetrics_sitenote_active":false,"_exactmetrics_sitenote_note":"","_exactmetrics_sitenote_category":0,"footnotes":""},"categories":[38,30],"tags":[53,54,56],"class_list":["post-10297","post","type-post","status-publish","format-standard","has-post-thumbnail","hentry","category-alagoinhas-e-regiao","category-destaque","tag-alagoinhas","tag-prefeitura","tag-secom"],"aioseo_notices":[],"_links":{"self":[{"href":"https:\/\/newsinfoco.com.br\/inicio\/wp-json\/wp\/v2\/posts\/10297","targetHints":{"allow":["GET"]}}],"collection":[{"href":"https:\/\/newsinfoco.com.br\/inicio\/wp-json\/wp\/v2\/posts"}],"about":[{"href":"https:\/\/newsinfoco.com.br\/inicio\/wp-json\/wp\/v2\/types\/post"}],"author":[{"embeddable":true,"href":"https:\/\/newsinfoco.com.br\/inicio\/wp-json\/wp\/v2\/users\/1"}],"replies":[{"embeddable":true,"href":"https:\/\/newsinfoco.com.br\/inicio\/wp-json\/wp\/v2\/comments?post=10297"}],"version-history":[{"count":0,"href":"https:\/\/newsinfoco.com.br\/inicio\/wp-json\/wp\/v2\/posts\/10297\/revisions"}],"wp:featuredmedia":[{"embeddable":true,"href":"https:\/\/newsinfoco.com.br\/inicio\/wp-json\/wp\/v2\/media\/10299"}],"wp:attachment":[{"href":"https:\/\/newsinfoco.com.br\/inicio\/wp-json\/wp\/v2\/media?parent=10297"}],"wp:term":[{"taxonomy":"category","embeddable":true,"href":"https:\/\/newsinfoco.com.br\/inicio\/wp-json\/wp\/v2\/categories?post=10297"},{"taxonomy":"post_tag","embeddable":true,"href":"https:\/\/newsinfoco.com.br\/inicio\/wp-json\/wp\/v2\/tags?post=10297"}],"curies":[{"name":"wp","href":"https:\/\/api.w.org\/{rel}","templated":true}]}}