{"id":10302,"date":"2018-10-08T17:53:05","date_gmt":"2018-10-08T20:53:05","guid":{"rendered":"http:\/\/newsinfoco.com.br\/?p=10302"},"modified":"2018-10-08T17:53:05","modified_gmt":"2018-10-08T20:53:05","slug":"confira-as-atividades-dos-cras-para-esta-semana","status":"publish","type":"post","link":"https:\/\/newsinfoco.com.br\/inicio\/confira-as-atividades-dos-cras-para-esta-semana\/","title":{"rendered":"Confira as atividades dos CRAS para esta semana"},"content":{"rendered":"<p style=\"text-align: justify;\"><span style=\"color: #000000;\">A\u00a0 Secretaria Municipal de Assist\u00eancia Social (SEMAS) divulga a programa\u00e7\u00e3o de atividades com grupos do Centro de Refer\u00eancia de Assist\u00eancia Social (CRAS). Al\u00e9m de oficinas de futebol,\u00a0 dan\u00e7a e violinos, a grade prev\u00ea a realiza\u00e7\u00e3o de festas de comemora\u00e7\u00e3o do Dia das Crian\u00e7as.<\/span><\/p>\n<p style=\"text-align: justify;\"><span style=\"color: #000000;\"><strong>Cras de Boa Uni\u00e3o\u00a0<\/strong><\/span><\/p><div class=\"newsi-conteudo_19\" id=\"newsi-1120121855\"><a href=\"https:\/\/www.instagram.com\/prefeituraalagoinhas?igsh=YzgzdDJ1bWR3aWI4\" aria-label=\"SAVE_20251006_221555\"><img loading=\"lazy\" decoding=\"async\" src=\"https:\/\/newsinfoco.com.br\/inicio\/wp-content\/uploads\/2025\/10\/SAVE_20251006_221555-rotated.jpg\" alt=\"\"  srcset=\"https:\/\/newsinfoco.com.br\/inicio\/wp-content\/uploads\/2025\/10\/SAVE_20251006_221555-rotated.jpg 1140w, https:\/\/newsinfoco.com.br\/inicio\/wp-content\/uploads\/2025\/10\/SAVE_20251006_221555-300x52.jpg 300w, https:\/\/newsinfoco.com.br\/inicio\/wp-content\/uploads\/2025\/10\/SAVE_20251006_221555-1024x177.jpg 1024w, https:\/\/newsinfoco.com.br\/inicio\/wp-content\/uploads\/2025\/10\/SAVE_20251006_221555-768x133.jpg 768w, https:\/\/newsinfoco.com.br\/inicio\/wp-content\/uploads\/2025\/10\/SAVE_20251006_221555-600x104.jpg 600w, https:\/\/newsinfoco.com.br\/inicio\/wp-content\/uploads\/2025\/10\/SAVE_20251006_221555-696x120.jpg 696w, https:\/\/newsinfoco.com.br\/inicio\/wp-content\/uploads\/2025\/10\/SAVE_20251006_221555-1068x185.jpg 1068w\" sizes=\"(max-width: 1140px) 100vw, 1140px\" width=\"1140\" height=\"197\"   \/><\/a><\/div>\n<p style=\"text-align: justify;\"><span style=\"color: #000000;\">Dia 08\/10<\/span><\/p>\n<p style=\"text-align: justify;\"><span style=\"color: #000000;\">Manh\u00e3 e tarde<\/span><\/p>\n<p style=\"text-align: justify;\"><span style=\"color: #000000;\">Oficina de Futebol do SCFV para Adolescentes nos per\u00edodos<\/span><\/p>\n<p style=\"text-align: justify;\"><span style=\"color: #000000;\">Manh\u00e3 \u2013\u00a0Oficina de Gin\u00e1stica<\/span><\/p>\n<p style=\"text-align: justify;\"><span style=\"color: #000000;\">Tarde \u2013 SCFV \u2013 Grupo Intergeracional \u2013 Oficina de constru\u00e7\u00e3o de mandalas: a import\u00e2ncia da proje\u00e7\u00e3o das emo\u00e7\u00f5es.<\/span><\/p>\n<p style=\"text-align: justify;\"><span style=\"color: #000000;\">Dia 09\/10<\/span><\/p>\n<p style=\"text-align: justify;\"><span style=\"color: #000000;\">Manh\u00e3 e tarde<\/span><\/p>\n<p style=\"text-align: justify;\"><span style=\"color: #000000;\">Oficina de Dan\u00e7a do SCFV para Crian\u00e7as<\/span><\/p>\n<p style=\"text-align: justify;\"><span style=\"color: #000000;\">Tarde \u2013 Oficina de dan\u00e7a para Mulheres<\/span><\/p>\n<p style=\"text-align: justify;\"><span style=\"color: #000000;\">Dia 10\/10<\/span><\/p>\n<p style=\"text-align: justify;\"><span style=\"color: #000000;\">Manh\u00e3- Oficina de Violinos \u2013 SCFV na Comunidade do Oiteiro<\/span><\/p>\n<p style=\"text-align: justify;\"><span style=\"color: #000000;\">Tarde \u2013 Oficina de Violinos \u2013 SCFV no CRAS<\/span><\/p>\n<p style=\"text-align: justify;\"><span style=\"color: #000000;\">Dia 11\/10<\/span><\/p>\n<p style=\"text-align: justify;\"><span style=\"color: #000000;\">Manh\u00e3 e tarde<\/span><\/p>\n<p style=\"text-align: justify;\"><span style=\"color: #000000;\">SCFV \u2013 Grupo de Adolescentes \u2013 Oficina de Constru\u00e7\u00e3o de mandalas: refletindo sobre as emo\u00e7\u00f5es.<\/span><\/p>\n<p style=\"text-align: justify;\"><span style=\"color: #000000;\">Dia 12\/10 \u2013 Feriado Nacional.<\/span><\/p>\n<p style=\"text-align: justify;\"><span style=\"color: #000000;\"><strong>Cras de Nova Bras\u00edlia<\/strong><\/span><\/p>\n<p style=\"text-align: justify;\"><span style=\"color: #000000;\">08\/10 \u2013 Manh\u00e3 e tarde<\/span><\/p>\n<p style=\"text-align: justify;\"><span style=\"color: #000000;\">Atendimentos socioassistenciais e o Servi\u00e7o de Conviv\u00eancia e Fortalecimento de V\u00ednculos (SCFV) com o grupo de adolescentes<\/span><\/p>\n<p style=\"text-align: justify;\"><span style=\"color: #000000;\">In\u00edcio de mais duas oficinas vinculadas ao SCFV: Oficina de Capoeira na Baixa da Candeia e a Oficina de Gin\u00e1stica pela tarde no CRAS de Nova Bras\u00edlia<\/span><\/p>\n<p style=\"text-align: justify;\"><span style=\"color: #000000;\">09\/10 \u2013 Manh\u00e3 e tarde<\/span><\/p>\n<p style=\"text-align: justify;\"><span style=\"color: #000000;\">Oficina de Violinos no CRAS<\/span><\/p>\n<p style=\"text-align: justify;\"><span style=\"color: #000000;\">Oficina de Violinos<\/span><\/p>\n<p style=\"text-align: justify;\"><span style=\"color: #000000;\">Encontro com o Grupo de Idosas\/os \u2013 SCFV<\/span><\/p>\n<p style=\"text-align: justify;\"><span style=\"color: #000000;\">Oficina de Futebol na Comunidade da Baixa da Candeia<\/span><\/p>\n<p style=\"text-align: justify;\"><span style=\"color: #000000;\">Servi\u00e7o de Prote\u00e7\u00e3o Social \u00e0 Domic\u00edlio;Visitas domiciliares \u00e0s Pessoas com Defici\u00eancia e visitas da rede<\/span><\/p>\n<p style=\"text-align: justify;\"><span style=\"color: #000000;\">10\/10 \u2013 Manh\u00e3<\/span><\/p>\n<p style=\"text-align: justify;\"><span style=\"color: #000000;\">Evento Festivo em comemora\u00e7\u00e3o ao Dia das Crian\u00e7as na Comunidade da Baixa da Candeia com as Fam\u00edlias acompanhadas pelo CRAS de Nova Bras\u00edlia.<\/span><\/p>\n<p style=\"text-align: justify;\"><span style=\"color: #000000;\">Tarde \u2013 Oficina de Gin\u00e1stica na Comunidade da Baixa da Candeia com o grupo de Mulheres e Idosas.<\/span><\/p>\n<p style=\"text-align: justify;\"><span style=\"color: #000000;\">11\/10 \u2013\u00a0 Manh\u00e3 \u2013 Evento Festivo em Comemora\u00e7\u00e3o ao Dia das Crian\u00e7as na Comunidade do Mangal\u00f4<\/span><\/p>\n<p style=\"text-align: justify;\"><span style=\"color: #000000;\"><strong>CRAS Riacho da Guia<\/strong><\/span><\/p>\n<p style=\"text-align: justify;\"><span style=\"color: #000000;\">Dia 08\/10 \u2013 Manh\u00e3 \u2013 \u00a0SCFV \u2013 Grupo de Crian\u00e7as \u2013 Recrea\u00e7\u00e3o. Brincadeiras dos nossos av\u00f3s<\/span><\/p>\n<p style=\"text-align: justify;\"><span style=\"color: #000000;\">Tarde \u2013 SCFV \u2013 Oficina Violinos M\u00e1gicos e Canto Coral.<\/span><\/p>\n<p style=\"text-align: justify;\"><span style=\"color: #000000;\">Oficina de Gin\u00e1stica.<\/span><\/p>\n<p style=\"text-align: justify;\"><span style=\"color: #000000;\">09\/10 \u2013 Tarde<\/span><\/p>\n<p style=\"text-align: justify;\"><span style=\"color: #000000;\">SCFV \u2013 \u00a0Grupo de Mulheres \u2013 Roda de Conversa com o Conselho do Idoso. Comemorando 15 anos do Estatuto do Idoso. Oficina de Capoeira (comunidades Quizambu e Concei\u00e7\u00e3o)<\/span><\/p>\n<p style=\"text-align: justify;\"><span style=\"color: #000000;\">10\/10 \u2013 Tarde<\/span><\/p>\n<p style=\"text-align: justify;\"><span style=\"color: #000000;\">SCFV \u2013 P\u00fablico Misto \u2013 Palestra AEPETI: Erradica\u00e7\u00e3o do Trabalho Infantil<\/span><\/p>\n<p style=\"text-align: justify;\"><span style=\"color: #000000;\">Garantia de Direitos e Formas de Den\u00fancia<\/span><\/p>\n<p style=\"text-align: justify;\"><span style=\"color: #000000;\">Manh\u00e3 e Tarde: SCFV \u2013 Oficina de Futebol<\/span><\/p>\n<p style=\"text-align: justify;\"><span style=\"color: #000000;\">11\/10 \u2013 Manh\u00e3 e Tarde<\/span><\/p>\n<p style=\"text-align: justify;\"><span style=\"color: #000000;\">SCFV \u2013 Grupo de Adolescentes \u2013 Exibi\u00e7\u00e3o da Cartilha do Idoso.<\/span><\/p>\n<p style=\"text-align: justify;\"><span style=\"color: #000000;\">SCFV \u2013 Oficina de Dan\u00e7a Infantil e Idosos.<\/span><\/p>\n<p style=\"text-align: justify;\"><span style=\"color: #000000;\">Oficina de Dan\u00e7a Adultos (comunidade Concei\u00e7\u00e3o).<\/span><\/p>\n<p style=\"text-align: justify;\"><span style=\"color: #000000;\">Tarde- SCFV \u2013 Grupo de Crian\u00e7as \u2013 Recrea\u00e7\u00e3o.<\/span><\/p>\n<p style=\"text-align: justify;\"><span style=\"color: #000000;\">Brincadeiras dos nossos av\u00f3s<\/span><\/p>\n<p style=\"text-align: justify;\"><span style=\"color: #000000;\"><strong>Cras Pra\u00e7a do C\u00e9u\u00a0<\/strong><\/span><\/p>\n<p style=\"text-align: justify;\"><span style=\"color: #000000;\">Dia 08\/10 \u2013 Manh\u00e3<\/span><br \/>\n<span style=\"color: #000000;\">Visita Domiciliar<\/span><br \/>\n<span style=\"color: #000000;\">Oficina de Violinos M\u00e1gicos<\/span><\/p>\n<p style=\"text-align: justify;\"><span style=\"color: #000000;\">Tarde: Visita Domiciliar<\/span><br \/>\n<span style=\"color: #000000;\">Oficina de Dan\u00e7a Idosa<\/span><br \/>\n<span style=\"color: #000000;\">Grupo de Mulheres: Quem desejamos ser?, um olhar sobre o processo de envelhecimento.<\/span><\/p>\n<p style=\"text-align: justify;\"><span style=\"color: #000000;\">Dia 09\/10 Manh\u00e3 \u2013 Sala de espera: Acolhida com os t\u00e9cnicos<\/span><br \/>\n<span style=\"color: #000000;\">Tarde \u2013 Grupo de Mulheres: Quem desejamos ser?, um olhar sobre o processo de envelhecimento.<\/span><\/p>\n<p style=\"text-align: justify;\"><span style=\"color: #000000;\">Dia 10\/10 \u2013 Manh\u00e3: Projeto Beleza na Pra\u00e7a (Senac)<\/span><\/p>\n<p style=\"text-align: justify;\"><span style=\"color: #000000;\">Tarde: Oficina de Violinos M\u00e1gicos<\/span><br \/>\n<span style=\"color: #000000;\">Oficina de Dan\u00e7a Crian\u00e7a<\/span><br \/>\n<span style=\"color: #000000;\">Oficina de Ginastica<\/span><br \/>\n<span style=\"color: #000000;\">Reuni\u00e3o com os t\u00e9cnicos<\/span><br \/>\n<span style=\"color: #000000;\">Dia 11\/10 \u2013 Manh\u00e3 e Tarde: Grupo de Adolescente: Jogo do Espelho: sentir-se idoso<\/span><\/p>\n<p style=\"text-align: justify;\"><span style=\"color: #000000;\">Organiza\u00e7\u00e3o para Festa do Dia das Crian\u00e7as<\/span><\/p>\n<p style=\"text-align: justify;\"><span style=\"color: #000000;\">Tarde: Grupo de Idosas: Atividade f\u00edsica e funcionalidade do idoso.<\/span><br \/>\n<span style=\"color: #000000;\">Organiza\u00e7\u00e3o da Festa Dia da Crian\u00e7a<\/span><\/p>\n<p style=\"text-align: justify;\"><span style=\"color: #000000;\">12\/10: Festa do Dia da Crian\u00e7a<\/span><\/p>\n<h6 style=\"text-align: right;\"><span style=\"color: #999999;\">Fonte: SECOM SEMAS<\/span><\/h6>\n<div class='share-to-whatsapp-wrapper'><div class='share-on-whsp'>Share on: <\/div><a data-text='Confira as atividades dos CRAS para esta semana' data-link='https:\/\/newsinfoco.com.br\/inicio\/confira-as-atividades-dos-cras-para-esta-semana\/' class='whatsapp-button whatsapp-share'>WhatsApp<\/a><div class='clear '><\/div><\/div>","protected":false},"excerpt":{"rendered":"<p>A\u00a0 Secretaria Municipal de Assist\u00eancia Social (SEMAS) divulga a programa\u00e7\u00e3o de atividades com grupos do Centro de Refer\u00eancia de Assist\u00eancia Social (CRAS). Al\u00e9m de oficinas de futebol,\u00a0 dan\u00e7a e violinos, a grade prev\u00ea a realiza\u00e7\u00e3o de festas de comemora\u00e7\u00e3o do Dia das Crian\u00e7as. Cras de Boa Uni\u00e3o\u00a0 Dia 08\/10 Manh\u00e3 e tarde Oficina de Futebol [&hellip;]<\/p>\n","protected":false},"author":1,"featured_media":10303,"comment_status":"open","ping_status":"open","sticky":false,"template":"","format":"standard","meta":{"om_disable_all_campaigns":false,"_exactmetrics_skip_tracking":false,"_exactmetrics_sitenote_active":false,"_exactmetrics_sitenote_note":"","_exactmetrics_sitenote_category":0,"footnotes":""},"categories":[38,30],"tags":[53,54,120],"class_list":["post-10302","post","type-post","status-publish","format-standard","has-post-thumbnail","hentry","category-alagoinhas-e-regiao","category-destaque","tag-alagoinhas","tag-prefeitura","tag-secom-semas"],"aioseo_notices":[],"_links":{"self":[{"href":"https:\/\/newsinfoco.com.br\/inicio\/wp-json\/wp\/v2\/posts\/10302","targetHints":{"allow":["GET"]}}],"collection":[{"href":"https:\/\/newsinfoco.com.br\/inicio\/wp-json\/wp\/v2\/posts"}],"about":[{"href":"https:\/\/newsinfoco.com.br\/inicio\/wp-json\/wp\/v2\/types\/post"}],"author":[{"embeddable":true,"href":"https:\/\/newsinfoco.com.br\/inicio\/wp-json\/wp\/v2\/users\/1"}],"replies":[{"embeddable":true,"href":"https:\/\/newsinfoco.com.br\/inicio\/wp-json\/wp\/v2\/comments?post=10302"}],"version-history":[{"count":0,"href":"https:\/\/newsinfoco.com.br\/inicio\/wp-json\/wp\/v2\/posts\/10302\/revisions"}],"wp:featuredmedia":[{"embeddable":true,"href":"https:\/\/newsinfoco.com.br\/inicio\/wp-json\/wp\/v2\/media\/10303"}],"wp:attachment":[{"href":"https:\/\/newsinfoco.com.br\/inicio\/wp-json\/wp\/v2\/media?parent=10302"}],"wp:term":[{"taxonomy":"category","embeddable":true,"href":"https:\/\/newsinfoco.com.br\/inicio\/wp-json\/wp\/v2\/categories?post=10302"},{"taxonomy":"post_tag","embeddable":true,"href":"https:\/\/newsinfoco.com.br\/inicio\/wp-json\/wp\/v2\/tags?post=10302"}],"curies":[{"name":"wp","href":"https:\/\/api.w.org\/{rel}","templated":true}]}}