{"id":10309,"date":"2018-10-08T18:59:56","date_gmt":"2018-10-08T21:59:56","guid":{"rendered":"http:\/\/newsinfoco.com.br\/?p=10309"},"modified":"2018-10-08T20:02:26","modified_gmt":"2018-10-08T23:02:26","slug":"paulo-cezar-radiovaldo-costa-e-geraldo-melo-nao-conseguem-se-eleger-e-alagoinhas-ficara-sem-representante-na-alba-a-partir-de-2019","status":"publish","type":"post","link":"https:\/\/newsinfoco.com.br\/inicio\/paulo-cezar-radiovaldo-costa-e-geraldo-melo-nao-conseguem-se-eleger-e-alagoinhas-ficara-sem-representante-na-alba-a-partir-de-2019\/","title":{"rendered":"Paulo Cezar, Radiovaldo Costa e Geraldo Melo n\u00e3o conseguem se eleger e Alagoinhas ficar\u00e1 sem representante na ALBA a partir de 2019"},"content":{"rendered":"<p style=\"text-align: justify;\">Alagoinhas que contava com um representante na Assembleia Legislativa da Bahia(ALBA), Joseildo Ramos(PT), que tentou uma vaga para a C\u00e2mara Federal este ano, a partir de janeiro de 2019 ficar\u00e1 sem representa\u00e7\u00e3o na Casa.<\/p>\n<p style=\"text-align: justify;\">Isso porque os &#8220;candidatos da terra&#8221; n\u00e3o conseguiram vota\u00e7\u00e3o suficiente para conquistarem uma cadeira na ALBA. O ex-vereador Radiovaldo Costa(PT) conquistou 37.027 votos na Bahia, s\u00f3 em Alagoinhas e Aramari foram mais de 16 mil votos, por\u00e9m n\u00e3o conseguiu uma vaga.<\/p><div class=\"newsi-conteudo_19\" id=\"newsi-3143089495\"><a href=\"https:\/\/www.instagram.com\/prefeituraalagoinhas?igsh=YzgzdDJ1bWR3aWI4\" aria-label=\"SAVE_20251006_221555\"><img loading=\"lazy\" decoding=\"async\" src=\"https:\/\/newsinfoco.com.br\/inicio\/wp-content\/uploads\/2025\/10\/SAVE_20251006_221555-rotated.jpg\" alt=\"\"  srcset=\"https:\/\/newsinfoco.com.br\/inicio\/wp-content\/uploads\/2025\/10\/SAVE_20251006_221555-rotated.jpg 1140w, https:\/\/newsinfoco.com.br\/inicio\/wp-content\/uploads\/2025\/10\/SAVE_20251006_221555-300x52.jpg 300w, https:\/\/newsinfoco.com.br\/inicio\/wp-content\/uploads\/2025\/10\/SAVE_20251006_221555-1024x177.jpg 1024w, https:\/\/newsinfoco.com.br\/inicio\/wp-content\/uploads\/2025\/10\/SAVE_20251006_221555-768x133.jpg 768w, https:\/\/newsinfoco.com.br\/inicio\/wp-content\/uploads\/2025\/10\/SAVE_20251006_221555-600x104.jpg 600w, https:\/\/newsinfoco.com.br\/inicio\/wp-content\/uploads\/2025\/10\/SAVE_20251006_221555-696x120.jpg 696w, https:\/\/newsinfoco.com.br\/inicio\/wp-content\/uploads\/2025\/10\/SAVE_20251006_221555-1068x185.jpg 1068w\" sizes=\"(max-width: 1140px) 100vw, 1140px\" width=\"1140\" height=\"197\"   \/><\/a><\/div>\n<p style=\"text-align: justify;\">Em seguida veio o ex-prefeito Paulo Cezar, que apesar de conquistar pouco mais de 20.000 votos nas duas cidade que pertencem a zona 163, n\u00e3o conseguiu ampliar sua vota\u00e7\u00e3o em outros munic\u00edpios e terminou obtendo 26.734 votos em todo o estado, n\u00famero tamb\u00e9m insuficiente para conquistar uma cadeira na Assembleia.<\/p>\n<p style=\"text-align: justify;\">Por \u00faltimo veio Geraldo Melo(PSDB), ex-secret\u00e1rio municipal e homem de confian\u00e7a do prefeito Joaquim Neto(DEM) que conquistou 14.351 votos, obtendo em Alagoinhas e Aramari pouco mais de 4.000 votos. Deste modo tamb\u00e9m n\u00e3o conseguiu se eleger.<\/p>\n<h6 style=\"text-align: right;\"><span style=\"color: #999999;\">Por Caio Pimenta para o News Infoco<\/span><\/h6>\n<p>&nbsp;<\/p>\n<div class='share-to-whatsapp-wrapper'><div class='share-on-whsp'>Share on: <\/div><a data-text='Paulo Cezar, Radiovaldo Costa e Geraldo Melo n\u00e3o conseguem se eleger e Alagoinhas ficar\u00e1 sem representante na ALBA a partir de 2019' data-link='https:\/\/newsinfoco.com.br\/inicio\/paulo-cezar-radiovaldo-costa-e-geraldo-melo-nao-conseguem-se-eleger-e-alagoinhas-ficara-sem-representante-na-alba-a-partir-de-2019\/' class='whatsapp-button whatsapp-share'>WhatsApp<\/a><div class='clear '><\/div><\/div>","protected":false},"excerpt":{"rendered":"<p>Alagoinhas que contava com um representante na Assembleia Legislativa da Bahia(ALBA), Joseildo Ramos(PT), que tentou uma vaga para a C\u00e2mara Federal este ano, a partir de janeiro de 2019 ficar\u00e1 sem representa\u00e7\u00e3o na Casa. Isso porque os &#8220;candidatos da terra&#8221; n\u00e3o conseguiram vota\u00e7\u00e3o suficiente para conquistarem uma cadeira na ALBA. O ex-vereador Radiovaldo Costa(PT) conquistou [&hellip;]<\/p>\n","protected":false},"author":1,"featured_media":10310,"comment_status":"open","ping_status":"open","sticky":false,"template":"","format":"standard","meta":{"om_disable_all_campaigns":false,"_exactmetrics_skip_tracking":false,"_exactmetrics_sitenote_active":false,"_exactmetrics_sitenote_note":"","_exactmetrics_sitenote_category":0,"footnotes":""},"categories":[38,30],"tags":[],"class_list":["post-10309","post","type-post","status-publish","format-standard","has-post-thumbnail","hentry","category-alagoinhas-e-regiao","category-destaque"],"aioseo_notices":[],"_links":{"self":[{"href":"https:\/\/newsinfoco.com.br\/inicio\/wp-json\/wp\/v2\/posts\/10309","targetHints":{"allow":["GET"]}}],"collection":[{"href":"https:\/\/newsinfoco.com.br\/inicio\/wp-json\/wp\/v2\/posts"}],"about":[{"href":"https:\/\/newsinfoco.com.br\/inicio\/wp-json\/wp\/v2\/types\/post"}],"author":[{"embeddable":true,"href":"https:\/\/newsinfoco.com.br\/inicio\/wp-json\/wp\/v2\/users\/1"}],"replies":[{"embeddable":true,"href":"https:\/\/newsinfoco.com.br\/inicio\/wp-json\/wp\/v2\/comments?post=10309"}],"version-history":[{"count":0,"href":"https:\/\/newsinfoco.com.br\/inicio\/wp-json\/wp\/v2\/posts\/10309\/revisions"}],"wp:featuredmedia":[{"embeddable":true,"href":"https:\/\/newsinfoco.com.br\/inicio\/wp-json\/wp\/v2\/media\/10310"}],"wp:attachment":[{"href":"https:\/\/newsinfoco.com.br\/inicio\/wp-json\/wp\/v2\/media?parent=10309"}],"wp:term":[{"taxonomy":"category","embeddable":true,"href":"https:\/\/newsinfoco.com.br\/inicio\/wp-json\/wp\/v2\/categories?post=10309"},{"taxonomy":"post_tag","embeddable":true,"href":"https:\/\/newsinfoco.com.br\/inicio\/wp-json\/wp\/v2\/tags?post=10309"}],"curies":[{"name":"wp","href":"https:\/\/api.w.org\/{rel}","templated":true}]}}