{"id":10322,"date":"2018-10-09T08:37:49","date_gmt":"2018-10-09T11:37:49","guid":{"rendered":"http:\/\/newsinfoco.com.br\/?p=10322"},"modified":"2018-10-09T08:37:49","modified_gmt":"2018-10-09T11:37:49","slug":"pt-vai-cobrar-do-tse-reuniao-de-conselho-contra-fake-news-diz-coluna","status":"publish","type":"post","link":"https:\/\/newsinfoco.com.br\/inicio\/pt-vai-cobrar-do-tse-reuniao-de-conselho-contra-fake-news-diz-coluna\/","title":{"rendered":"PT vai cobrar do TSE reuni\u00e3o de conselho contra fake news, diz coluna"},"content":{"rendered":"<p style=\"text-align: justify;\">Em desvantagem no 2.\u00ba turno, o PT abrir\u00e1 nova frente de embate contra o TSE, desta vez, por conta das fake news. De acordo com a Coluna do Estad\u00e3o, a campanha de Fernando Haddad vai cobrar oficialmente a Corte Eleitoral pela inatividade da comiss\u00e3o criada para combater a propaga\u00e7\u00e3o de not\u00edcias falsas.<\/p>\n<p style=\"text-align: justify;\">A primeira reuni\u00e3o do colegiado nesta elei\u00e7\u00e3o s\u00f3 vai ocorrer amanh\u00e3. A avalia\u00e7\u00e3o do PT \u00e9 de que a dissemina\u00e7\u00e3o de mentiras na web garantiu vantagem de votos a Bolsonaro no 1.\u00ba turno.<\/p><div class=\"newsi-conteudo_19\" id=\"newsi-562096197\"><a href=\"https:\/\/www.instagram.com\/prefeituraalagoinhas?igsh=YzgzdDJ1bWR3aWI4\" aria-label=\"SAVE_20251006_221555\"><img loading=\"lazy\" decoding=\"async\" src=\"https:\/\/newsinfoco.com.br\/inicio\/wp-content\/uploads\/2025\/10\/SAVE_20251006_221555-rotated.jpg\" alt=\"\"  srcset=\"https:\/\/newsinfoco.com.br\/inicio\/wp-content\/uploads\/2025\/10\/SAVE_20251006_221555-rotated.jpg 1140w, https:\/\/newsinfoco.com.br\/inicio\/wp-content\/uploads\/2025\/10\/SAVE_20251006_221555-300x52.jpg 300w, https:\/\/newsinfoco.com.br\/inicio\/wp-content\/uploads\/2025\/10\/SAVE_20251006_221555-1024x177.jpg 1024w, https:\/\/newsinfoco.com.br\/inicio\/wp-content\/uploads\/2025\/10\/SAVE_20251006_221555-768x133.jpg 768w, https:\/\/newsinfoco.com.br\/inicio\/wp-content\/uploads\/2025\/10\/SAVE_20251006_221555-600x104.jpg 600w, https:\/\/newsinfoco.com.br\/inicio\/wp-content\/uploads\/2025\/10\/SAVE_20251006_221555-696x120.jpg 696w, https:\/\/newsinfoco.com.br\/inicio\/wp-content\/uploads\/2025\/10\/SAVE_20251006_221555-1068x185.jpg 1068w\" sizes=\"(max-width: 1140px) 100vw, 1140px\" width=\"1140\" height=\"197\"   \/><\/a><\/div>\n<p style=\"text-align: justify;\">Ontem, Haddad anunciou que vai propor ao seu oponente pacto contra fake news. De acordo com o advogado do PT na \u00e1rea eleitoral, Eug\u00eanio Arag\u00e3o, o partido vai ingressar no TSE com pedido administrativo para que o Conselho Consultivo sobre Internet e Elei\u00e7\u00f5es, criado para discutir as fake news, funcione \u201ccom mais efici\u00eancia\u201d.<\/p>\n<p style=\"text-align: justify;\">Apesar de reclamar da inatividade do tribunal hoje, em junho o PT se recusou a assinar termo de compromisso proposto por Luiz Fux contra fake news.<\/p>\n<h6 style=\"text-align: right;\"><span style=\"color: #999999;\">Estad\u00e3o<\/span><\/h6>\n<div class='share-to-whatsapp-wrapper'><div class='share-on-whsp'>Share on: <\/div><a data-text='PT vai cobrar do TSE reuni\u00e3o de conselho contra fake news, diz coluna' data-link='https:\/\/newsinfoco.com.br\/inicio\/pt-vai-cobrar-do-tse-reuniao-de-conselho-contra-fake-news-diz-coluna\/' class='whatsapp-button whatsapp-share'>WhatsApp<\/a><div class='clear '><\/div><\/div>","protected":false},"excerpt":{"rendered":"<p>Em desvantagem no 2.\u00ba turno, o PT abrir\u00e1 nova frente de embate contra o TSE, desta vez, por conta das fake news. De acordo com a Coluna do Estad\u00e3o, a campanha de Fernando Haddad vai cobrar oficialmente a Corte Eleitoral pela inatividade da comiss\u00e3o criada para combater a propaga\u00e7\u00e3o de not\u00edcias falsas. A primeira reuni\u00e3o [&hellip;]<\/p>\n","protected":false},"author":1,"featured_media":10323,"comment_status":"open","ping_status":"open","sticky":false,"template":"","format":"standard","meta":{"om_disable_all_campaigns":false,"_exactmetrics_skip_tracking":false,"_exactmetrics_sitenote_active":false,"_exactmetrics_sitenote_note":"","_exactmetrics_sitenote_category":0,"footnotes":""},"categories":[21],"tags":[],"class_list":["post-10322","post","type-post","status-publish","format-standard","has-post-thumbnail","hentry","category-brasil"],"aioseo_notices":[],"_links":{"self":[{"href":"https:\/\/newsinfoco.com.br\/inicio\/wp-json\/wp\/v2\/posts\/10322","targetHints":{"allow":["GET"]}}],"collection":[{"href":"https:\/\/newsinfoco.com.br\/inicio\/wp-json\/wp\/v2\/posts"}],"about":[{"href":"https:\/\/newsinfoco.com.br\/inicio\/wp-json\/wp\/v2\/types\/post"}],"author":[{"embeddable":true,"href":"https:\/\/newsinfoco.com.br\/inicio\/wp-json\/wp\/v2\/users\/1"}],"replies":[{"embeddable":true,"href":"https:\/\/newsinfoco.com.br\/inicio\/wp-json\/wp\/v2\/comments?post=10322"}],"version-history":[{"count":0,"href":"https:\/\/newsinfoco.com.br\/inicio\/wp-json\/wp\/v2\/posts\/10322\/revisions"}],"wp:featuredmedia":[{"embeddable":true,"href":"https:\/\/newsinfoco.com.br\/inicio\/wp-json\/wp\/v2\/media\/10323"}],"wp:attachment":[{"href":"https:\/\/newsinfoco.com.br\/inicio\/wp-json\/wp\/v2\/media?parent=10322"}],"wp:term":[{"taxonomy":"category","embeddable":true,"href":"https:\/\/newsinfoco.com.br\/inicio\/wp-json\/wp\/v2\/categories?post=10322"},{"taxonomy":"post_tag","embeddable":true,"href":"https:\/\/newsinfoco.com.br\/inicio\/wp-json\/wp\/v2\/tags?post=10322"}],"curies":[{"name":"wp","href":"https:\/\/api.w.org\/{rel}","templated":true}]}}