{"id":10328,"date":"2018-10-09T08:46:11","date_gmt":"2018-10-09T11:46:11","guid":{"rendered":"http:\/\/newsinfoco.com.br\/?p=10328"},"modified":"2018-10-09T08:46:11","modified_gmt":"2018-10-09T11:46:11","slug":"bolsonaro-e-haddad-descartam-convocar-nova-constituinte","status":"publish","type":"post","link":"https:\/\/newsinfoco.com.br\/inicio\/bolsonaro-e-haddad-descartam-convocar-nova-constituinte\/","title":{"rendered":"Bolsonaro e Haddad descartam convocar nova Constituinte"},"content":{"rendered":"<p style=\"text-align: justify;\">No primeiro dia de campanha ap\u00f3s a defini\u00e7\u00e3o do primeiro turno, Jair Bolsonaro (PSL) e Fernando Haddad (PT) descartaram nesta segunda-feira, 8, a possibilidade de, se eleitos, convocarem uma nova Constituinte. Os presidenci\u00e1veis participaram de entrevistas no Jornal Nacional, da TV Globo.<\/p>\n<p style=\"text-align: justify;\">Ao falar sobre o assunto, o petista recuou da proposta que consta do programa de governo que ele pr\u00f3prio coordenou. Bolsonaro, por sua vez, desautorizou o vice em sua chapa, o general da reserva Hamilton Mour\u00e3o, que chegou a defender a elabora\u00e7\u00e3o de uma nova Constitui\u00e7\u00e3o por \u201cnot\u00e1veis\u201d, sem a necessidade de \u201celeitos pelo povo\u201d.<\/p><div class=\"newsi-conteudo_19\" id=\"newsi-3124710099\"><a href=\"https:\/\/www.instagram.com\/prefeituraalagoinhas?igsh=YzgzdDJ1bWR3aWI4\" aria-label=\"SAVE_20251006_221555\"><img loading=\"lazy\" decoding=\"async\" src=\"https:\/\/newsinfoco.com.br\/inicio\/wp-content\/uploads\/2025\/10\/SAVE_20251006_221555-rotated.jpg\" alt=\"\"  srcset=\"https:\/\/newsinfoco.com.br\/inicio\/wp-content\/uploads\/2025\/10\/SAVE_20251006_221555-rotated.jpg 1140w, https:\/\/newsinfoco.com.br\/inicio\/wp-content\/uploads\/2025\/10\/SAVE_20251006_221555-300x52.jpg 300w, https:\/\/newsinfoco.com.br\/inicio\/wp-content\/uploads\/2025\/10\/SAVE_20251006_221555-1024x177.jpg 1024w, https:\/\/newsinfoco.com.br\/inicio\/wp-content\/uploads\/2025\/10\/SAVE_20251006_221555-768x133.jpg 768w, https:\/\/newsinfoco.com.br\/inicio\/wp-content\/uploads\/2025\/10\/SAVE_20251006_221555-600x104.jpg 600w, https:\/\/newsinfoco.com.br\/inicio\/wp-content\/uploads\/2025\/10\/SAVE_20251006_221555-696x120.jpg 696w, https:\/\/newsinfoco.com.br\/inicio\/wp-content\/uploads\/2025\/10\/SAVE_20251006_221555-1068x185.jpg 1068w\" sizes=\"(max-width: 1140px) 100vw, 1140px\" width=\"1140\" height=\"197\"   \/><\/a><\/div>\n<p style=\"text-align: justify;\">No caso de Haddad, o programa de governo do PT defende que o Brasil precisa de um novo processo constituinte \u201cpara a refunda\u00e7\u00e3o democr\u00e1tica e o desenvolvimento do Pa\u00eds\u201d. \u201cNosso governo participar\u00e1 logo ap\u00f3s a posse da elabora\u00e7\u00e3o de um amplo roteiro de debates sobre os grandes temas nacionais e sobre o formato da Constituinte\u201d, diz um trecho do documento.<\/p>\n<p style=\"text-align: justify;\">O petista, por\u00e9m, afirmou no telejornal que a inten\u00e7\u00e3o agora \u00e9 que as reformas sejam feitas por meio de emendas \u00e0 Constitui\u00e7\u00e3o. \u201cN\u00f3s revimos o nosso posicionamento\u201d, afirmou. \u201cVamos fazer as reformas por emenda constitucional. Em primeiro lugar, a reforma tribut\u00e1ria, que prev\u00ea a isen\u00e7\u00e3o de quem ganha at\u00e9 cinco sal\u00e1rios m\u00ednimos. Em segundo, a reforma banc\u00e1ria.\u201d<\/p>\n<p style=\"text-align: justify;\">A pol\u00eamica proposta de convoca\u00e7\u00e3o de uma Assembleia Nacional Constituinte \u00e9 uma das ideias presentes no programa petista que ser\u00e3o alteradas ou retiradas da plataforma em troca de ades\u00f5es no segundo turno \u2013 passa, inclusive, pelas negocia\u00e7\u00f5es com Ciro Gomes, do PDT.<\/p>\n<p style=\"text-align: justify;\">O assunto foi tratado por Bolsonaro quando ele foi questionado sobre a frase do seu vice. \u201cQuando se fala em Constituinte, n\u00e3o podemos admitir isso, at\u00e9 porque n\u00e3o temos autoridade para tal. Vamos ser escravos de nossa Constitui\u00e7\u00e3o\u201d, afirmou.<\/p>\n<p style=\"text-align: justify;\">\u201cN\u00f3s precisamos, sim, ter um governo com autoridade e sem autoritarismo. Por isso, nos submetemos ao sufr\u00e1gio popular.\u201d Bolsonaro disse que se limitaria a defender mudan\u00e7as \u201cpontuais\u201d na Constitui\u00e7\u00e3o, como a redu\u00e7\u00e3o da maioridade penal, uma de suas bandeiras de campanha.<\/p>\n<p style=\"text-align: justify;\">Na entrevista, ele afirmou que Mour\u00e3o deu uma \u201ccanelada\u201d e n\u00e3o tem \u201ctato\u201d pol\u00edtico. O presidenci\u00e1vel ressaltou que seu candidato a vice precisa se adaptar \u00e0 \u201crealidade\u201d brasileira.<\/p>\n<h6 style=\"text-align: right;\"><span style=\"color: #999999;\">Estad\u00e3o<\/span><\/h6>\n<div class='share-to-whatsapp-wrapper'><div class='share-on-whsp'>Share on: <\/div><a data-text='Bolsonaro e Haddad descartam convocar nova Constituinte' data-link='https:\/\/newsinfoco.com.br\/inicio\/bolsonaro-e-haddad-descartam-convocar-nova-constituinte\/' class='whatsapp-button whatsapp-share'>WhatsApp<\/a><div class='clear '><\/div><\/div>","protected":false},"excerpt":{"rendered":"<p>No primeiro dia de campanha ap\u00f3s a defini\u00e7\u00e3o do primeiro turno, Jair Bolsonaro (PSL) e Fernando Haddad (PT) descartaram nesta segunda-feira, 8, a possibilidade de, se eleitos, convocarem uma nova Constituinte. Os presidenci\u00e1veis participaram de entrevistas no Jornal Nacional, da TV Globo. Ao falar sobre o assunto, o petista recuou da proposta que consta do [&hellip;]<\/p>\n","protected":false},"author":1,"featured_media":10329,"comment_status":"open","ping_status":"open","sticky":false,"template":"","format":"standard","meta":{"om_disable_all_campaigns":false,"_exactmetrics_skip_tracking":false,"_exactmetrics_sitenote_active":false,"_exactmetrics_sitenote_note":"","_exactmetrics_sitenote_category":0,"footnotes":""},"categories":[21],"tags":[],"class_list":["post-10328","post","type-post","status-publish","format-standard","has-post-thumbnail","hentry","category-brasil"],"aioseo_notices":[],"_links":{"self":[{"href":"https:\/\/newsinfoco.com.br\/inicio\/wp-json\/wp\/v2\/posts\/10328","targetHints":{"allow":["GET"]}}],"collection":[{"href":"https:\/\/newsinfoco.com.br\/inicio\/wp-json\/wp\/v2\/posts"}],"about":[{"href":"https:\/\/newsinfoco.com.br\/inicio\/wp-json\/wp\/v2\/types\/post"}],"author":[{"embeddable":true,"href":"https:\/\/newsinfoco.com.br\/inicio\/wp-json\/wp\/v2\/users\/1"}],"replies":[{"embeddable":true,"href":"https:\/\/newsinfoco.com.br\/inicio\/wp-json\/wp\/v2\/comments?post=10328"}],"version-history":[{"count":0,"href":"https:\/\/newsinfoco.com.br\/inicio\/wp-json\/wp\/v2\/posts\/10328\/revisions"}],"wp:featuredmedia":[{"embeddable":true,"href":"https:\/\/newsinfoco.com.br\/inicio\/wp-json\/wp\/v2\/media\/10329"}],"wp:attachment":[{"href":"https:\/\/newsinfoco.com.br\/inicio\/wp-json\/wp\/v2\/media?parent=10328"}],"wp:term":[{"taxonomy":"category","embeddable":true,"href":"https:\/\/newsinfoco.com.br\/inicio\/wp-json\/wp\/v2\/categories?post=10328"},{"taxonomy":"post_tag","embeddable":true,"href":"https:\/\/newsinfoco.com.br\/inicio\/wp-json\/wp\/v2\/tags?post=10328"}],"curies":[{"name":"wp","href":"https:\/\/api.w.org\/{rel}","templated":true}]}}