{"id":10331,"date":"2018-10-09T18:40:12","date_gmt":"2018-10-09T21:40:12","guid":{"rendered":"http:\/\/newsinfoco.com.br\/?p=10331"},"modified":"2018-10-09T18:47:21","modified_gmt":"2018-10-09T21:47:21","slug":"alagoinhas-jaldice-nunes-e-exonerada-pelo-prefeito-joaquim-neto","status":"publish","type":"post","link":"https:\/\/newsinfoco.com.br\/inicio\/alagoinhas-jaldice-nunes-e-exonerada-pelo-prefeito-joaquim-neto\/","title":{"rendered":"Alagoinhas: Jaldice Nunes \u00e9 exonerada pelo prefeito Joaquim Neto"},"content":{"rendered":"<p style=\"text-align: justify;\">A subsecretaria da secretaria municipal de desenvolvimento econ\u00f4mico de Alagoinhas, Jaldice Nunes, acaba de ser exonerada pelo prefeito Joaquim Neto(DEM).<\/p>\n<p style=\"text-align: justify;\">A exonera\u00e7\u00e3o ocorre dois dias ap\u00f3s as elei\u00e7\u00f5es que escancararam a falta de fidelidade de cargos comissionados \u00e0 indica\u00e7\u00e3o do prefeito para o cargo de deputado estadual, no caso o ex-secret\u00e1rio municipal de comunica\u00e7\u00e3o Geraldo Melo(PSDB).<\/p><div class=\"newsi-conteudo_19\" id=\"newsi-1078630394\"><a href=\"https:\/\/www.instagram.com\/prefeituraalagoinhas?igsh=YzgzdDJ1bWR3aWI4\" aria-label=\"SAVE_20251006_221555\"><img loading=\"lazy\" decoding=\"async\" src=\"https:\/\/newsinfoco.com.br\/inicio\/wp-content\/uploads\/2025\/10\/SAVE_20251006_221555-rotated.jpg\" alt=\"\"  srcset=\"https:\/\/newsinfoco.com.br\/inicio\/wp-content\/uploads\/2025\/10\/SAVE_20251006_221555-rotated.jpg 1140w, https:\/\/newsinfoco.com.br\/inicio\/wp-content\/uploads\/2025\/10\/SAVE_20251006_221555-300x52.jpg 300w, https:\/\/newsinfoco.com.br\/inicio\/wp-content\/uploads\/2025\/10\/SAVE_20251006_221555-1024x177.jpg 1024w, https:\/\/newsinfoco.com.br\/inicio\/wp-content\/uploads\/2025\/10\/SAVE_20251006_221555-768x133.jpg 768w, https:\/\/newsinfoco.com.br\/inicio\/wp-content\/uploads\/2025\/10\/SAVE_20251006_221555-600x104.jpg 600w, https:\/\/newsinfoco.com.br\/inicio\/wp-content\/uploads\/2025\/10\/SAVE_20251006_221555-696x120.jpg 696w, https:\/\/newsinfoco.com.br\/inicio\/wp-content\/uploads\/2025\/10\/SAVE_20251006_221555-1068x185.jpg 1068w\" sizes=\"(max-width: 1140px) 100vw, 1140px\" width=\"1140\" height=\"197\"   \/><\/a><\/div>\n<p style=\"text-align: justify;\">O cargo de subsecret\u00e1ria \u00e9 tido como um cargo de extrema import\u00e2ncia e na hierarquia administrativa est\u00e1 abaixo apenas do secret\u00e1rio.\u00a0 Com a exonera\u00e7\u00e3o, Jaldice perde al\u00e9m da posi\u00e7\u00e3o de destaque no governo municipal, um sal\u00e1rio mensal de R$8.750,00.<\/p>\n<p style=\"text-align: justify;\">A exonera\u00e7\u00e3o de Jadilce, segundo algumas pessoas pr\u00f3ximas ao prefeito Joaquim Neto, \u00e9 tida como um pren\u00fancio do rompimento pol\u00edtico entre ele e o deputado federal Paulo Azi, l\u00edder do grupo pol\u00edtico local do qual Jaldice Nunes faz parte.<\/p>\n<p style=\"text-align: justify;\">A se concretizar este rompimento, uma enxurrada de exonera\u00e7\u00f5es deve se suceder nos pr\u00f3ximos dias.<\/p>\n<p style=\"text-align: justify;\">O site News Infoco tentou contato com o prefeito Joaquim Neto, mas at\u00e9 o momento n\u00e3o obtivemos retorno.<\/p>\n<h6 style=\"text-align: right;\"><span style=\"color: #999999;\">Por Caio Pimenta para o News Infoco<\/span><\/h6>\n<p style=\"text-align: justify;\">\n<div class='share-to-whatsapp-wrapper'><div class='share-on-whsp'>Share on: <\/div><a data-text='Alagoinhas: Jaldice Nunes \u00e9 exonerada pelo prefeito Joaquim Neto' data-link='https:\/\/newsinfoco.com.br\/inicio\/alagoinhas-jaldice-nunes-e-exonerada-pelo-prefeito-joaquim-neto\/' class='whatsapp-button whatsapp-share'>WhatsApp<\/a><div class='clear '><\/div><\/div>","protected":false},"excerpt":{"rendered":"<p>A subsecretaria da secretaria municipal de desenvolvimento econ\u00f4mico de Alagoinhas, Jaldice Nunes, acaba de ser exonerada pelo prefeito Joaquim Neto(DEM). A exonera\u00e7\u00e3o ocorre dois dias ap\u00f3s as elei\u00e7\u00f5es que escancararam a falta de fidelidade de cargos comissionados \u00e0 indica\u00e7\u00e3o do prefeito para o cargo de deputado estadual, no caso o ex-secret\u00e1rio municipal de comunica\u00e7\u00e3o Geraldo [&hellip;]<\/p>\n","protected":false},"author":1,"featured_media":10332,"comment_status":"open","ping_status":"open","sticky":false,"template":"","format":"standard","meta":{"om_disable_all_campaigns":false,"_exactmetrics_skip_tracking":false,"_exactmetrics_sitenote_active":false,"_exactmetrics_sitenote_note":"","_exactmetrics_sitenote_category":0,"footnotes":""},"categories":[38,30],"tags":[],"class_list":["post-10331","post","type-post","status-publish","format-standard","has-post-thumbnail","hentry","category-alagoinhas-e-regiao","category-destaque"],"aioseo_notices":[],"_links":{"self":[{"href":"https:\/\/newsinfoco.com.br\/inicio\/wp-json\/wp\/v2\/posts\/10331","targetHints":{"allow":["GET"]}}],"collection":[{"href":"https:\/\/newsinfoco.com.br\/inicio\/wp-json\/wp\/v2\/posts"}],"about":[{"href":"https:\/\/newsinfoco.com.br\/inicio\/wp-json\/wp\/v2\/types\/post"}],"author":[{"embeddable":true,"href":"https:\/\/newsinfoco.com.br\/inicio\/wp-json\/wp\/v2\/users\/1"}],"replies":[{"embeddable":true,"href":"https:\/\/newsinfoco.com.br\/inicio\/wp-json\/wp\/v2\/comments?post=10331"}],"version-history":[{"count":0,"href":"https:\/\/newsinfoco.com.br\/inicio\/wp-json\/wp\/v2\/posts\/10331\/revisions"}],"wp:featuredmedia":[{"embeddable":true,"href":"https:\/\/newsinfoco.com.br\/inicio\/wp-json\/wp\/v2\/media\/10332"}],"wp:attachment":[{"href":"https:\/\/newsinfoco.com.br\/inicio\/wp-json\/wp\/v2\/media?parent=10331"}],"wp:term":[{"taxonomy":"category","embeddable":true,"href":"https:\/\/newsinfoco.com.br\/inicio\/wp-json\/wp\/v2\/categories?post=10331"},{"taxonomy":"post_tag","embeddable":true,"href":"https:\/\/newsinfoco.com.br\/inicio\/wp-json\/wp\/v2\/tags?post=10331"}],"curies":[{"name":"wp","href":"https:\/\/api.w.org\/{rel}","templated":true}]}}