{"id":10339,"date":"2018-10-09T19:47:59","date_gmt":"2018-10-09T22:47:59","guid":{"rendered":"http:\/\/newsinfoco.com.br\/?p=10339"},"modified":"2018-10-09T19:47:59","modified_gmt":"2018-10-09T22:47:59","slug":"psdb-baiano-vai-apoiar-bolsonaro-anuncia-presidente-do-partido","status":"publish","type":"post","link":"https:\/\/newsinfoco.com.br\/inicio\/psdb-baiano-vai-apoiar-bolsonaro-anuncia-presidente-do-partido\/","title":{"rendered":"PSDB baiano vai apoiar Bolsonaro, anuncia presidente do partido"},"content":{"rendered":"<p style=\"text-align: justify;\">O PSDB baiano apoiar\u00e1 Jair Bolsonaro (PSL) no segundo turno presidencial, informou o deputado federal tucano Jo\u00e3o Gualberto, presidente estadual do partido, ap\u00f3s a executiva nacional da legenda liberar os diret\u00f3rios para decidir sobre o assunto.<\/p>\n<p style=\"text-align: justify;\">\u201cConversei com todos, quase todos. N\u00f3s n\u00e3o vamos apoiar a corrup\u00e7\u00e3o do PT, recess\u00e3o de tr\u00eas anos. J\u00e1 sabemos como \u00e9 o governo deles. Vamos apostar em um nome que deposite alguma esperan\u00e7a\u201d, argumentou Gualberto.<\/p><div class=\"newsi-conteudo_19\" id=\"newsi-2610370289\"><a href=\"https:\/\/www.instagram.com\/prefeituraalagoinhas?igsh=YzgzdDJ1bWR3aWI4\" aria-label=\"SAVE_20251006_221555\"><img loading=\"lazy\" decoding=\"async\" src=\"https:\/\/newsinfoco.com.br\/inicio\/wp-content\/uploads\/2025\/10\/SAVE_20251006_221555-rotated.jpg\" alt=\"\"  srcset=\"https:\/\/newsinfoco.com.br\/inicio\/wp-content\/uploads\/2025\/10\/SAVE_20251006_221555-rotated.jpg 1140w, https:\/\/newsinfoco.com.br\/inicio\/wp-content\/uploads\/2025\/10\/SAVE_20251006_221555-300x52.jpg 300w, https:\/\/newsinfoco.com.br\/inicio\/wp-content\/uploads\/2025\/10\/SAVE_20251006_221555-1024x177.jpg 1024w, https:\/\/newsinfoco.com.br\/inicio\/wp-content\/uploads\/2025\/10\/SAVE_20251006_221555-768x133.jpg 768w, https:\/\/newsinfoco.com.br\/inicio\/wp-content\/uploads\/2025\/10\/SAVE_20251006_221555-600x104.jpg 600w, https:\/\/newsinfoco.com.br\/inicio\/wp-content\/uploads\/2025\/10\/SAVE_20251006_221555-696x120.jpg 696w, https:\/\/newsinfoco.com.br\/inicio\/wp-content\/uploads\/2025\/10\/SAVE_20251006_221555-1068x185.jpg 1068w\" sizes=\"(max-width: 1140px) 100vw, 1140px\" width=\"1140\" height=\"197\"   \/><\/a><\/div>\n<p style=\"text-align: justify;\">O parlamentar alegou que a neutralidade seria imposs\u00edvel no atual cen\u00e1rio. \u201cN\u00e3o tem como dizer que n\u00e3o vai apoiar nem um nem outro\u201d, disse.<\/p>\n<p style=\"text-align: justify;\">O tucano tamb\u00e9m rebateu o presidente do PT baiano, Everaldo Anuncia\u00e7\u00e3o, que apontou como \u201cinsignificante\u201d, do ponto de vista eleitoral, o apoio do PSDB da Bahia ao capit\u00e3o reformado do Ex\u00e9rcito.<\/p>\n<p style=\"text-align: justify;\">\u201cInsignificante \u00e9 ele. Respeito algumas pessoas do PT, mas n\u00e3o ele. Acho que ele devia respeitar as diferen\u00e7as. Talvez disse isso porque sabia que a gente jamais apoiaria o PT\u201d, declarou.<\/p>\n<p style=\"text-align: justify;\">Gualberto tamb\u00e9m disse que uma eventual vit\u00f3ria de Haddad seria a maior amea\u00e7a \u00e0 democracia. \u201cQuem est\u00e1 comprometido com a democracia jamais vai apoiar o PT, que j\u00e1 disse que vai censurar a imprensa e quer uma nova Constitui\u00e7\u00e3o\u201d, afirmou.<\/p>\n<p style=\"text-align: justify;\">O deputado ainda duvidou que herdeiros pol\u00edticos de M\u00e1rio Covas fiquem ao lado de Haddad no segundo turno, como apontou Everaldo. \u201cA pessoa mais ligada a M\u00e1rio Covas \u00e9 Bruno [prefeito de S\u00e3o Paulo], seu neto, que n\u00e3o apoia o PT\u201d, argumentou.<\/p>\n<div class='share-to-whatsapp-wrapper'><div class='share-on-whsp'>Share on: <\/div><a data-text='PSDB baiano vai apoiar Bolsonaro, anuncia presidente do partido' data-link='https:\/\/newsinfoco.com.br\/inicio\/psdb-baiano-vai-apoiar-bolsonaro-anuncia-presidente-do-partido\/' class='whatsapp-button whatsapp-share'>WhatsApp<\/a><div class='clear '><\/div><\/div>","protected":false},"excerpt":{"rendered":"<p>O PSDB baiano apoiar\u00e1 Jair Bolsonaro (PSL) no segundo turno presidencial, informou o deputado federal tucano Jo\u00e3o Gualberto, presidente estadual do partido, ap\u00f3s a executiva nacional da legenda liberar os diret\u00f3rios para decidir sobre o assunto. \u201cConversei com todos, quase todos. N\u00f3s n\u00e3o vamos apoiar a corrup\u00e7\u00e3o do PT, recess\u00e3o de tr\u00eas anos. J\u00e1 sabemos [&hellip;]<\/p>\n","protected":false},"author":1,"featured_media":10340,"comment_status":"open","ping_status":"open","sticky":false,"template":"","format":"standard","meta":{"om_disable_all_campaigns":false,"_exactmetrics_skip_tracking":false,"_exactmetrics_sitenote_active":false,"_exactmetrics_sitenote_note":"","_exactmetrics_sitenote_category":0,"footnotes":""},"categories":[19],"tags":[],"class_list":["post-10339","post","type-post","status-publish","format-standard","has-post-thumbnail","hentry","category-bahia"],"aioseo_notices":[],"_links":{"self":[{"href":"https:\/\/newsinfoco.com.br\/inicio\/wp-json\/wp\/v2\/posts\/10339","targetHints":{"allow":["GET"]}}],"collection":[{"href":"https:\/\/newsinfoco.com.br\/inicio\/wp-json\/wp\/v2\/posts"}],"about":[{"href":"https:\/\/newsinfoco.com.br\/inicio\/wp-json\/wp\/v2\/types\/post"}],"author":[{"embeddable":true,"href":"https:\/\/newsinfoco.com.br\/inicio\/wp-json\/wp\/v2\/users\/1"}],"replies":[{"embeddable":true,"href":"https:\/\/newsinfoco.com.br\/inicio\/wp-json\/wp\/v2\/comments?post=10339"}],"version-history":[{"count":0,"href":"https:\/\/newsinfoco.com.br\/inicio\/wp-json\/wp\/v2\/posts\/10339\/revisions"}],"wp:featuredmedia":[{"embeddable":true,"href":"https:\/\/newsinfoco.com.br\/inicio\/wp-json\/wp\/v2\/media\/10340"}],"wp:attachment":[{"href":"https:\/\/newsinfoco.com.br\/inicio\/wp-json\/wp\/v2\/media?parent=10339"}],"wp:term":[{"taxonomy":"category","embeddable":true,"href":"https:\/\/newsinfoco.com.br\/inicio\/wp-json\/wp\/v2\/categories?post=10339"},{"taxonomy":"post_tag","embeddable":true,"href":"https:\/\/newsinfoco.com.br\/inicio\/wp-json\/wp\/v2\/tags?post=10339"}],"curies":[{"name":"wp","href":"https:\/\/api.w.org\/{rel}","templated":true}]}}