{"id":10342,"date":"2018-10-09T19:52:58","date_gmt":"2018-10-09T22:52:58","guid":{"rendered":"http:\/\/newsinfoco.com.br\/?p=10342"},"modified":"2018-10-09T19:52:58","modified_gmt":"2018-10-09T22:52:58","slug":"ze-neto-avalia-situacao-da-oposicao-na-al-ba-desorganizada-perdeu-liderancas-e-se-traiu","status":"publish","type":"post","link":"https:\/\/newsinfoco.com.br\/inicio\/ze-neto-avalia-situacao-da-oposicao-na-al-ba-desorganizada-perdeu-liderancas-e-se-traiu\/","title":{"rendered":"Z\u00e9 Neto avalia situa\u00e7\u00e3o da oposi\u00e7\u00e3o na AL-BA: &#8216;Desorganizada, perdeu lideran\u00e7as e se traiu&#8217;"},"content":{"rendered":"<p style=\"text-align: justify;\">Eleito deputado federal no mesmo pleito que manteve o PT com a maior bancada da Assembleia Legislativa da Bahia (AL-BA), o deputado estadual Z\u00e9 Neto (PT) avaliou a situa\u00e7\u00e3o da oposi\u00e7\u00e3o, que reduziu o n\u00famero de cadeiras na Casa, ap\u00f3s o processo eleitoral.<\/p>\n<p style=\"text-align: justify;\">\u201cO pior para a oposi\u00e7\u00e3o n\u00e3o foi o resultado [das urnas]. Perder \u00e9 natural. O problema maior \u00e9 como eles ficaram. A oposi\u00e7\u00e3o ficou desorganizada, perdeu lideran\u00e7as e est\u00e1 se traindo. O ambiente deles est\u00e1 muito ruim\u201d, descreveu Z\u00e9 Neto. Partidos da base oposicionista, como o PSC, PSDB e DEM protagonizaram momentos de tens\u00e3o durante o processo eleitoral.<\/p><div class=\"newsi-conteudo_19\" id=\"newsi-628470875\"><a href=\"https:\/\/www.instagram.com\/prefeituraalagoinhas?igsh=YzgzdDJ1bWR3aWI4\" aria-label=\"SAVE_20251006_221555\"><img loading=\"lazy\" decoding=\"async\" src=\"https:\/\/newsinfoco.com.br\/inicio\/wp-content\/uploads\/2025\/10\/SAVE_20251006_221555-rotated.jpg\" alt=\"\"  srcset=\"https:\/\/newsinfoco.com.br\/inicio\/wp-content\/uploads\/2025\/10\/SAVE_20251006_221555-rotated.jpg 1140w, https:\/\/newsinfoco.com.br\/inicio\/wp-content\/uploads\/2025\/10\/SAVE_20251006_221555-300x52.jpg 300w, https:\/\/newsinfoco.com.br\/inicio\/wp-content\/uploads\/2025\/10\/SAVE_20251006_221555-1024x177.jpg 1024w, https:\/\/newsinfoco.com.br\/inicio\/wp-content\/uploads\/2025\/10\/SAVE_20251006_221555-768x133.jpg 768w, https:\/\/newsinfoco.com.br\/inicio\/wp-content\/uploads\/2025\/10\/SAVE_20251006_221555-600x104.jpg 600w, https:\/\/newsinfoco.com.br\/inicio\/wp-content\/uploads\/2025\/10\/SAVE_20251006_221555-696x120.jpg 696w, https:\/\/newsinfoco.com.br\/inicio\/wp-content\/uploads\/2025\/10\/SAVE_20251006_221555-1068x185.jpg 1068w\" sizes=\"(max-width: 1140px) 100vw, 1140px\" width=\"1140\" height=\"197\"   \/><\/a><\/div>\n<p style=\"text-align: justify;\">\u201cA minoria est\u00e1 menor. A atitude de Jos\u00e9 Ronaldo, candidato ao governo, de pular do barco do PSDB no meio da caminhada criou entre os partidos uma desorganiza\u00e7\u00e3o. Eu sou solid\u00e1rio ao PSDB, pois o que vimos na elei\u00e7\u00e3o foi desrespeito do comando do DEM\u201d, completou em refer\u00eancia ao recente apoio que Jos\u00e9 Ronaldo deu a Jair Bolsonaro (PSL), abandonado a base de Geraldo Alckmin (PSDB).<\/p>\n<p style=\"text-align: justify;\">De acordo com um membro da mesa diretora o clima da AL-BA ainda \u00e9 de ressecada ap\u00f3s as elei\u00e7\u00f5es. Por essa raz\u00e3o, os trabalhos s\u00f3 devem ser retomados na pr\u00f3xima semana. Al\u00e9m de perder 4 cadeiras, a oposi\u00e7\u00e3o viu seu l\u00edder, o deputado Luciano Ribeiro (DEM), perder a elei\u00e7\u00e3o.<\/p>\n<p style=\"text-align: right;\"><span style=\"color: #999999;\">Por Lucas Arraz para o Bahianoticias<\/span><\/p>\n<div class='share-to-whatsapp-wrapper'><div class='share-on-whsp'>Share on: <\/div><a data-text='Z\u00e9 Neto avalia situa\u00e7\u00e3o da oposi\u00e7\u00e3o na AL-BA: 'Desorganizada, perdeu lideran\u00e7as e se traiu'' data-link='https:\/\/newsinfoco.com.br\/inicio\/ze-neto-avalia-situacao-da-oposicao-na-al-ba-desorganizada-perdeu-liderancas-e-se-traiu\/' class='whatsapp-button whatsapp-share'>WhatsApp<\/a><div class='clear '><\/div><\/div>","protected":false},"excerpt":{"rendered":"<p>Eleito deputado federal no mesmo pleito que manteve o PT com a maior bancada da Assembleia Legislativa da Bahia (AL-BA), o deputado estadual Z\u00e9 Neto (PT) avaliou a situa\u00e7\u00e3o da oposi\u00e7\u00e3o, que reduziu o n\u00famero de cadeiras na Casa, ap\u00f3s o processo eleitoral. \u201cO pior para a oposi\u00e7\u00e3o n\u00e3o foi o resultado [das urnas]. Perder [&hellip;]<\/p>\n","protected":false},"author":1,"featured_media":10343,"comment_status":"open","ping_status":"open","sticky":false,"template":"","format":"standard","meta":{"om_disable_all_campaigns":false,"_exactmetrics_skip_tracking":false,"_exactmetrics_sitenote_active":false,"_exactmetrics_sitenote_note":"","_exactmetrics_sitenote_category":0,"footnotes":""},"categories":[19],"tags":[],"class_list":["post-10342","post","type-post","status-publish","format-standard","has-post-thumbnail","hentry","category-bahia"],"aioseo_notices":[],"_links":{"self":[{"href":"https:\/\/newsinfoco.com.br\/inicio\/wp-json\/wp\/v2\/posts\/10342","targetHints":{"allow":["GET"]}}],"collection":[{"href":"https:\/\/newsinfoco.com.br\/inicio\/wp-json\/wp\/v2\/posts"}],"about":[{"href":"https:\/\/newsinfoco.com.br\/inicio\/wp-json\/wp\/v2\/types\/post"}],"author":[{"embeddable":true,"href":"https:\/\/newsinfoco.com.br\/inicio\/wp-json\/wp\/v2\/users\/1"}],"replies":[{"embeddable":true,"href":"https:\/\/newsinfoco.com.br\/inicio\/wp-json\/wp\/v2\/comments?post=10342"}],"version-history":[{"count":0,"href":"https:\/\/newsinfoco.com.br\/inicio\/wp-json\/wp\/v2\/posts\/10342\/revisions"}],"wp:featuredmedia":[{"embeddable":true,"href":"https:\/\/newsinfoco.com.br\/inicio\/wp-json\/wp\/v2\/media\/10343"}],"wp:attachment":[{"href":"https:\/\/newsinfoco.com.br\/inicio\/wp-json\/wp\/v2\/media?parent=10342"}],"wp:term":[{"taxonomy":"category","embeddable":true,"href":"https:\/\/newsinfoco.com.br\/inicio\/wp-json\/wp\/v2\/categories?post=10342"},{"taxonomy":"post_tag","embeddable":true,"href":"https:\/\/newsinfoco.com.br\/inicio\/wp-json\/wp\/v2\/tags?post=10342"}],"curies":[{"name":"wp","href":"https:\/\/api.w.org\/{rel}","templated":true}]}}