{"id":10345,"date":"2018-10-09T19:56:06","date_gmt":"2018-10-09T22:56:06","guid":{"rendered":"http:\/\/newsinfoco.com.br\/?p=10345"},"modified":"2018-10-09T19:56:06","modified_gmt":"2018-10-09T22:56:06","slug":"rui-encontra-com-haddad-e-prega-uniao-brasil-sem-odio-e-sem-preconceitos","status":"publish","type":"post","link":"https:\/\/newsinfoco.com.br\/inicio\/rui-encontra-com-haddad-e-prega-uniao-brasil-sem-odio-e-sem-preconceitos\/","title":{"rendered":"Rui encontra com Haddad e prega uni\u00e3o: \u2018Brasil sem \u00f3dio e sem preconceitos\u2019"},"content":{"rendered":"<p style=\"text-align: justify;\">O governador reeleito da Bahia, Rui Costa (PT), esteve com o candidato \u00e0 presid\u00eancia, Fernando Haddad, em S\u00e3o Paulo, na tarde desta ter\u00e7a-feira (9) para definir o rumo da campanha para o segundo turno do advers\u00e1rio de Jair Bolsonaro (PSL).<\/p>\n<p style=\"text-align: justify;\">Junto com outros governadores como Camilo Santana (CE), Wellington Dias (PI), Fl\u00e1vio Dino (MA) e Fernando Pimentel (MG), al\u00e9m do ex-governador e senador eleito pela Bahia, Jaques Wagner, Rui pregou a uni\u00e3o da coliga\u00e7\u00e3o.<\/p><div class=\"newsi-conteudo_19\" id=\"newsi-2366314313\"><a href=\"https:\/\/www.instagram.com\/prefeituraalagoinhas?igsh=YzgzdDJ1bWR3aWI4\" aria-label=\"SAVE_20251006_221555\"><img loading=\"lazy\" decoding=\"async\" src=\"https:\/\/newsinfoco.com.br\/inicio\/wp-content\/uploads\/2025\/10\/SAVE_20251006_221555-rotated.jpg\" alt=\"\"  srcset=\"https:\/\/newsinfoco.com.br\/inicio\/wp-content\/uploads\/2025\/10\/SAVE_20251006_221555-rotated.jpg 1140w, https:\/\/newsinfoco.com.br\/inicio\/wp-content\/uploads\/2025\/10\/SAVE_20251006_221555-300x52.jpg 300w, https:\/\/newsinfoco.com.br\/inicio\/wp-content\/uploads\/2025\/10\/SAVE_20251006_221555-1024x177.jpg 1024w, https:\/\/newsinfoco.com.br\/inicio\/wp-content\/uploads\/2025\/10\/SAVE_20251006_221555-768x133.jpg 768w, https:\/\/newsinfoco.com.br\/inicio\/wp-content\/uploads\/2025\/10\/SAVE_20251006_221555-600x104.jpg 600w, https:\/\/newsinfoco.com.br\/inicio\/wp-content\/uploads\/2025\/10\/SAVE_20251006_221555-696x120.jpg 696w, https:\/\/newsinfoco.com.br\/inicio\/wp-content\/uploads\/2025\/10\/SAVE_20251006_221555-1068x185.jpg 1068w\" sizes=\"(max-width: 1140px) 100vw, 1140px\" width=\"1140\" height=\"197\"   \/><\/a><\/div>\n<p style=\"text-align: justify;\">\u201cQueremos um Brasil sem \u00f3dio e sem preconceitos. Um Brasil unido em torno da fam\u00edlia e da gera\u00e7\u00e3o de empregos. A vit\u00f3ria de Haddad n\u00e3o \u00e9 do PT. \u00c9 a vit\u00f3ria de todas as regi\u00f5es, dos pais e m\u00e3es de fam\u00edlia que desejam um Brasil que respeito o pensamento contr\u00e1rio e valorize a democracia\u201d, afirmou.<\/p>\n<p style=\"text-align: right;\">\n<div class='share-to-whatsapp-wrapper'><div class='share-on-whsp'>Share on: <\/div><a data-text='Rui encontra com Haddad e prega uni\u00e3o: \u2018Brasil sem \u00f3dio e sem preconceitos\u2019' data-link='https:\/\/newsinfoco.com.br\/inicio\/rui-encontra-com-haddad-e-prega-uniao-brasil-sem-odio-e-sem-preconceitos\/' class='whatsapp-button whatsapp-share'>WhatsApp<\/a><div class='clear '><\/div><\/div>","protected":false},"excerpt":{"rendered":"<p>O governador reeleito da Bahia, Rui Costa (PT), esteve com o candidato \u00e0 presid\u00eancia, Fernando Haddad, em S\u00e3o Paulo, na tarde desta ter\u00e7a-feira (9) para definir o rumo da campanha para o segundo turno do advers\u00e1rio de Jair Bolsonaro (PSL). Junto com outros governadores como Camilo Santana (CE), Wellington Dias (PI), Fl\u00e1vio Dino (MA) e [&hellip;]<\/p>\n","protected":false},"author":1,"featured_media":10346,"comment_status":"open","ping_status":"open","sticky":false,"template":"","format":"standard","meta":{"om_disable_all_campaigns":false,"_exactmetrics_skip_tracking":false,"_exactmetrics_sitenote_active":false,"_exactmetrics_sitenote_note":"","_exactmetrics_sitenote_category":0,"footnotes":""},"categories":[19],"tags":[],"class_list":["post-10345","post","type-post","status-publish","format-standard","has-post-thumbnail","hentry","category-bahia"],"aioseo_notices":[],"_links":{"self":[{"href":"https:\/\/newsinfoco.com.br\/inicio\/wp-json\/wp\/v2\/posts\/10345","targetHints":{"allow":["GET"]}}],"collection":[{"href":"https:\/\/newsinfoco.com.br\/inicio\/wp-json\/wp\/v2\/posts"}],"about":[{"href":"https:\/\/newsinfoco.com.br\/inicio\/wp-json\/wp\/v2\/types\/post"}],"author":[{"embeddable":true,"href":"https:\/\/newsinfoco.com.br\/inicio\/wp-json\/wp\/v2\/users\/1"}],"replies":[{"embeddable":true,"href":"https:\/\/newsinfoco.com.br\/inicio\/wp-json\/wp\/v2\/comments?post=10345"}],"version-history":[{"count":0,"href":"https:\/\/newsinfoco.com.br\/inicio\/wp-json\/wp\/v2\/posts\/10345\/revisions"}],"wp:featuredmedia":[{"embeddable":true,"href":"https:\/\/newsinfoco.com.br\/inicio\/wp-json\/wp\/v2\/media\/10346"}],"wp:attachment":[{"href":"https:\/\/newsinfoco.com.br\/inicio\/wp-json\/wp\/v2\/media?parent=10345"}],"wp:term":[{"taxonomy":"category","embeddable":true,"href":"https:\/\/newsinfoco.com.br\/inicio\/wp-json\/wp\/v2\/categories?post=10345"},{"taxonomy":"post_tag","embeddable":true,"href":"https:\/\/newsinfoco.com.br\/inicio\/wp-json\/wp\/v2\/tags?post=10345"}],"curies":[{"name":"wp","href":"https:\/\/api.w.org\/{rel}","templated":true}]}}