{"id":10348,"date":"2018-10-09T20:31:30","date_gmt":"2018-10-09T23:31:30","guid":{"rendered":"http:\/\/newsinfoco.com.br\/?p=10348"},"modified":"2018-10-09T20:31:30","modified_gmt":"2018-10-09T23:31:30","slug":"deputado-paulo-azi-anuncia-rompimento-com-o-prefeito-joaquim-neto","status":"publish","type":"post","link":"https:\/\/newsinfoco.com.br\/inicio\/deputado-paulo-azi-anuncia-rompimento-com-o-prefeito-joaquim-neto\/","title":{"rendered":"Deputado Paulo Azi anuncia rompimento com o prefeito Joaquim Neto"},"content":{"rendered":"<p style=\"text-align: justify;\">O que era um prenuncio acaba de se confirmar. De acordo com a jornalista Nadia Freire, do site Sua Cidade em Revista, o deputado federal Paulo Azi acaba de confirmar o rompimento com o governo Joaquim Neto durante interven\u00e7\u00e3o na r\u00e1dio Alagoinhas Hoje, do jornalista Maurilio Fontes.<\/p>\n<p style=\"text-align: justify;\">Mais cedo, o site News Infoco divulgou a exonera\u00e7\u00e3o da subsecretaria Jaldice Nunes, figura chave no grupo pol\u00edtico do deputado Paulo Azi.<\/p><div class=\"newsi-conteudo_19\" id=\"newsi-1328783951\"><a href=\"https:\/\/www.instagram.com\/prefeituraalagoinhas?igsh=YzgzdDJ1bWR3aWI4\" aria-label=\"SAVE_20251006_221555\"><img loading=\"lazy\" decoding=\"async\" src=\"https:\/\/newsinfoco.com.br\/inicio\/wp-content\/uploads\/2025\/10\/SAVE_20251006_221555-rotated.jpg\" alt=\"\"  srcset=\"https:\/\/newsinfoco.com.br\/inicio\/wp-content\/uploads\/2025\/10\/SAVE_20251006_221555-rotated.jpg 1140w, https:\/\/newsinfoco.com.br\/inicio\/wp-content\/uploads\/2025\/10\/SAVE_20251006_221555-300x52.jpg 300w, https:\/\/newsinfoco.com.br\/inicio\/wp-content\/uploads\/2025\/10\/SAVE_20251006_221555-1024x177.jpg 1024w, https:\/\/newsinfoco.com.br\/inicio\/wp-content\/uploads\/2025\/10\/SAVE_20251006_221555-768x133.jpg 768w, https:\/\/newsinfoco.com.br\/inicio\/wp-content\/uploads\/2025\/10\/SAVE_20251006_221555-600x104.jpg 600w, https:\/\/newsinfoco.com.br\/inicio\/wp-content\/uploads\/2025\/10\/SAVE_20251006_221555-696x120.jpg 696w, https:\/\/newsinfoco.com.br\/inicio\/wp-content\/uploads\/2025\/10\/SAVE_20251006_221555-1068x185.jpg 1068w\" sizes=\"(max-width: 1140px) 100vw, 1140px\" width=\"1140\" height=\"197\"   \/><\/a><\/div>\n<p style=\"text-align: justify;\">Com o rompimento, quatro secret\u00e1rios municipais deixar\u00e3o o governo, s\u00e3o eles: Fabricio Faro(Educa\u00e7\u00e3o), Jean Ander(Administra\u00e7\u00e3o), Harnoldo Azi(Servi\u00e7os P\u00fablicos) e Marco Antunes(Governo). As exonera\u00e7\u00f5es devem sair nos pr\u00f3ximos dias.<\/p>\n<p style=\"text-align: justify;\">Tamb\u00e9m \u00e9 esperado que outros nomes ocupantes de cargos de diretoria e coordena\u00e7\u00e3o na prefeitura municipal sejam exonerados, entre eles o filho de Jadilce Nunes, Luan Nunes, que ocupa o cargo de coordenador de transporte escolar na secretaria de educa\u00e7\u00e3o.<\/p>\n<p style=\"text-align: justify;\">O rompimento pol\u00edtico entre Paulo Azi e Joaquim Neto j\u00e1 era ventilado ap\u00f3s desentendimentos entre os dois. Paulo Azi n\u00e3o gostou da baixa vota\u00e7\u00e3o obtida em Alagoinhas e nos bastidores creditou ao prefeito Joaquim Neto seu baixo desempenho.<\/p>\n<p style=\"text-align: justify;\">Por outro lado Joaquim Neto acusa o grupo politico de Paulo Azi de promover reuni\u00f5es para fomentar apoio ao deputado eleito Aderbal Caldas, em detrimento do nome escolhido por ele, Geraldo Melo(PSDB) que tamb\u00e9m teve baixa vota\u00e7\u00e3o na cidade.<\/p>\n<h6 style=\"text-align: right;\"><span style=\"color: #999999;\">Por Caio Pimenta para o News Infoco<\/span><\/h6>\n<div class='share-to-whatsapp-wrapper'><div class='share-on-whsp'>Share on: <\/div><a data-text='Deputado Paulo Azi anuncia rompimento com o prefeito Joaquim Neto' data-link='https:\/\/newsinfoco.com.br\/inicio\/deputado-paulo-azi-anuncia-rompimento-com-o-prefeito-joaquim-neto\/' class='whatsapp-button whatsapp-share'>WhatsApp<\/a><div class='clear '><\/div><\/div>","protected":false},"excerpt":{"rendered":"<p>O que era um prenuncio acaba de se confirmar. De acordo com a jornalista Nadia Freire, do site Sua Cidade em Revista, o deputado federal Paulo Azi acaba de confirmar o rompimento com o governo Joaquim Neto durante interven\u00e7\u00e3o na r\u00e1dio Alagoinhas Hoje, do jornalista Maurilio Fontes. Mais cedo, o site News Infoco divulgou a [&hellip;]<\/p>\n","protected":false},"author":1,"featured_media":7091,"comment_status":"open","ping_status":"open","sticky":false,"template":"","format":"standard","meta":{"om_disable_all_campaigns":false,"_exactmetrics_skip_tracking":false,"_exactmetrics_sitenote_active":false,"_exactmetrics_sitenote_note":"","_exactmetrics_sitenote_category":0,"footnotes":""},"categories":[38,30],"tags":[],"class_list":["post-10348","post","type-post","status-publish","format-standard","has-post-thumbnail","hentry","category-alagoinhas-e-regiao","category-destaque"],"aioseo_notices":[],"_links":{"self":[{"href":"https:\/\/newsinfoco.com.br\/inicio\/wp-json\/wp\/v2\/posts\/10348","targetHints":{"allow":["GET"]}}],"collection":[{"href":"https:\/\/newsinfoco.com.br\/inicio\/wp-json\/wp\/v2\/posts"}],"about":[{"href":"https:\/\/newsinfoco.com.br\/inicio\/wp-json\/wp\/v2\/types\/post"}],"author":[{"embeddable":true,"href":"https:\/\/newsinfoco.com.br\/inicio\/wp-json\/wp\/v2\/users\/1"}],"replies":[{"embeddable":true,"href":"https:\/\/newsinfoco.com.br\/inicio\/wp-json\/wp\/v2\/comments?post=10348"}],"version-history":[{"count":0,"href":"https:\/\/newsinfoco.com.br\/inicio\/wp-json\/wp\/v2\/posts\/10348\/revisions"}],"wp:featuredmedia":[{"embeddable":true,"href":"https:\/\/newsinfoco.com.br\/inicio\/wp-json\/wp\/v2\/media\/7091"}],"wp:attachment":[{"href":"https:\/\/newsinfoco.com.br\/inicio\/wp-json\/wp\/v2\/media?parent=10348"}],"wp:term":[{"taxonomy":"category","embeddable":true,"href":"https:\/\/newsinfoco.com.br\/inicio\/wp-json\/wp\/v2\/categories?post=10348"},{"taxonomy":"post_tag","embeddable":true,"href":"https:\/\/newsinfoco.com.br\/inicio\/wp-json\/wp\/v2\/tags?post=10348"}],"curies":[{"name":"wp","href":"https:\/\/api.w.org\/{rel}","templated":true}]}}