{"id":10350,"date":"2018-10-09T22:08:09","date_gmt":"2018-10-10T01:08:09","guid":{"rendered":"http:\/\/newsinfoco.com.br\/?p=10350"},"modified":"2018-10-09T22:08:09","modified_gmt":"2018-10-10T01:08:09","slug":"dia-das-criancas-guarda-municipal-proporciona-um-dia-divertido-no-corpo-de-bombeiros","status":"publish","type":"post","link":"https:\/\/newsinfoco.com.br\/inicio\/dia-das-criancas-guarda-municipal-proporciona-um-dia-divertido-no-corpo-de-bombeiros\/","title":{"rendered":"Dia das Crian\u00e7as: Guarda Municipal proporciona um dia divertido no Corpo de Bombeiros"},"content":{"rendered":"<p><img decoding=\"async\" src=\"https:\/\/www.alagoinhas.ba.gov.br\/wp-content\/uploads\/2018\/10\/015e00e9-a7c2-49dc-9647-6484920b6bcf-1024x576.jpg\" \/><\/p>\n<p style=\"text-align: justify;\">Seguindo o calend\u00e1rio de atividades alusivas ao Dia das Crian\u00e7as, na manh\u00e3 desta segunda-feira(08), a Guarda Municipal, por meio do Programa Ronda Escolar, proporcionou aos alunos da escola Municipal Heraldo Tinoco, uma experiencia marcante ao lev\u00e1-los para uma visita ao \u201cQuartel General\u201d\u00a0 do Segundo Subgrupamento do Corpo de Bombeiros Militar. Na oportunidade, as crian\u00e7as conheceram o trabalho dos bombeiros e participaram de\u00a0\u00a0atividades l\u00fadicas, competi\u00e7\u00f5es com premia\u00e7\u00f5es aos vencedores, vestiram uniformes, aprenderam a utilizar extintores de inc\u00eandio e a mangueira em um eventual inc\u00eandio e viram de perto o funcionamento do carro tanque.<\/p>\n<p><img decoding=\"async\" src=\"https:\/\/www.alagoinhas.ba.gov.br\/wp-content\/uploads\/2018\/10\/1a5a2d37-6c24-4cd8-9586-6c80f6dba599-1024x768.jpg\" \/><\/p>\n<p style=\"text-align: justify;\">Para a comandante da Guarda Civil, Renata Fortaleza, o momento, al\u00e9m de ter proporcionado satisfa\u00e7\u00e3o para todos que participaram, foi de grande\u00a0contribui\u00e7\u00e3o para fortalecimento da parceria entre a Guarda Municipal e a corpora\u00e7\u00e3o.\u201d S\u00e3o momentos\u00a0 de alegria e aprendizado como estes que fazem com que todos que est\u00e3o \u00e0 servi\u00e7o\u00a0 da comunidade ganhem mais motiva\u00e7\u00e3o para a realiza\u00e7\u00e3o de um trabalho de excel\u00eancia, al\u00e9m de incentivar as novas gera\u00e7\u00f5es a seguirem carreiras t\u00e3o importantes para a comunidade\u201d, afirmou a comandante.<\/p><div class=\"newsi-conteudo_19\" id=\"newsi-3136513500\"><a href=\"https:\/\/www.instagram.com\/prefeituraalagoinhas?igsh=YzgzdDJ1bWR3aWI4\" aria-label=\"SAVE_20251006_221555\"><img loading=\"lazy\" decoding=\"async\" src=\"https:\/\/newsinfoco.com.br\/inicio\/wp-content\/uploads\/2025\/10\/SAVE_20251006_221555-rotated.jpg\" alt=\"\"  srcset=\"https:\/\/newsinfoco.com.br\/inicio\/wp-content\/uploads\/2025\/10\/SAVE_20251006_221555-rotated.jpg 1140w, https:\/\/newsinfoco.com.br\/inicio\/wp-content\/uploads\/2025\/10\/SAVE_20251006_221555-300x52.jpg 300w, https:\/\/newsinfoco.com.br\/inicio\/wp-content\/uploads\/2025\/10\/SAVE_20251006_221555-1024x177.jpg 1024w, https:\/\/newsinfoco.com.br\/inicio\/wp-content\/uploads\/2025\/10\/SAVE_20251006_221555-768x133.jpg 768w, https:\/\/newsinfoco.com.br\/inicio\/wp-content\/uploads\/2025\/10\/SAVE_20251006_221555-600x104.jpg 600w, https:\/\/newsinfoco.com.br\/inicio\/wp-content\/uploads\/2025\/10\/SAVE_20251006_221555-696x120.jpg 696w, https:\/\/newsinfoco.com.br\/inicio\/wp-content\/uploads\/2025\/10\/SAVE_20251006_221555-1068x185.jpg 1068w\" sizes=\"(max-width: 1140px) 100vw, 1140px\" width=\"1140\" height=\"197\"   \/><\/a><\/div>\n<p><img decoding=\"async\" src=\"https:\/\/www.alagoinhas.ba.gov.br\/wp-content\/uploads\/2018\/10\/92d8ef0b-3535-41c6-aaf2-5e8ee3488426-1024x768.jpg\" \/><\/p>\n<h6 style=\"text-align: right;\"><span style=\"color: #999999;\">Fonte: SECOM\u00a0<\/span><\/h6>\n<div class='share-to-whatsapp-wrapper'><div class='share-on-whsp'>Share on: <\/div><a data-text='Dia das Crian\u00e7as: Guarda Municipal proporciona um dia divertido no Corpo de Bombeiros' data-link='https:\/\/newsinfoco.com.br\/inicio\/dia-das-criancas-guarda-municipal-proporciona-um-dia-divertido-no-corpo-de-bombeiros\/' class='whatsapp-button whatsapp-share'>WhatsApp<\/a><div class='clear '><\/div><\/div>","protected":false},"excerpt":{"rendered":"<p>Seguindo o calend\u00e1rio de atividades alusivas ao Dia das Crian\u00e7as, na manh\u00e3 desta segunda-feira(08), a Guarda Municipal, por meio do Programa Ronda Escolar, proporcionou aos alunos da escola Municipal Heraldo Tinoco, uma experiencia marcante ao lev\u00e1-los para uma visita ao \u201cQuartel General\u201d\u00a0 do Segundo Subgrupamento do Corpo de Bombeiros Militar. Na oportunidade, as crian\u00e7as conheceram [&hellip;]<\/p>\n","protected":false},"author":1,"featured_media":10351,"comment_status":"open","ping_status":"open","sticky":false,"template":"","format":"standard","meta":{"om_disable_all_campaigns":false,"_exactmetrics_skip_tracking":false,"_exactmetrics_sitenote_active":false,"_exactmetrics_sitenote_note":"","_exactmetrics_sitenote_category":0,"footnotes":""},"categories":[38,30],"tags":[53,54,56],"class_list":["post-10350","post","type-post","status-publish","format-standard","has-post-thumbnail","hentry","category-alagoinhas-e-regiao","category-destaque","tag-alagoinhas","tag-prefeitura","tag-secom"],"aioseo_notices":[],"_links":{"self":[{"href":"https:\/\/newsinfoco.com.br\/inicio\/wp-json\/wp\/v2\/posts\/10350","targetHints":{"allow":["GET"]}}],"collection":[{"href":"https:\/\/newsinfoco.com.br\/inicio\/wp-json\/wp\/v2\/posts"}],"about":[{"href":"https:\/\/newsinfoco.com.br\/inicio\/wp-json\/wp\/v2\/types\/post"}],"author":[{"embeddable":true,"href":"https:\/\/newsinfoco.com.br\/inicio\/wp-json\/wp\/v2\/users\/1"}],"replies":[{"embeddable":true,"href":"https:\/\/newsinfoco.com.br\/inicio\/wp-json\/wp\/v2\/comments?post=10350"}],"version-history":[{"count":0,"href":"https:\/\/newsinfoco.com.br\/inicio\/wp-json\/wp\/v2\/posts\/10350\/revisions"}],"wp:featuredmedia":[{"embeddable":true,"href":"https:\/\/newsinfoco.com.br\/inicio\/wp-json\/wp\/v2\/media\/10351"}],"wp:attachment":[{"href":"https:\/\/newsinfoco.com.br\/inicio\/wp-json\/wp\/v2\/media?parent=10350"}],"wp:term":[{"taxonomy":"category","embeddable":true,"href":"https:\/\/newsinfoco.com.br\/inicio\/wp-json\/wp\/v2\/categories?post=10350"},{"taxonomy":"post_tag","embeddable":true,"href":"https:\/\/newsinfoco.com.br\/inicio\/wp-json\/wp\/v2\/tags?post=10350"}],"curies":[{"name":"wp","href":"https:\/\/api.w.org\/{rel}","templated":true}]}}