{"id":10359,"date":"2018-10-09T22:22:55","date_gmt":"2018-10-10T01:22:55","guid":{"rendered":"http:\/\/newsinfoco.com.br\/?p=10359"},"modified":"2018-10-09T22:22:55","modified_gmt":"2018-10-10T01:22:55","slug":"promocao-a-saude-prefeitura-realiza-1o-dia-de-intervencao-do-programa-mova-se-para-funcionarios-publicos-municipais","status":"publish","type":"post","link":"https:\/\/newsinfoco.com.br\/inicio\/promocao-a-saude-prefeitura-realiza-1o-dia-de-intervencao-do-programa-mova-se-para-funcionarios-publicos-municipais\/","title":{"rendered":"Promo\u00e7\u00e3o \u00e0 sa\u00fade: Prefeitura realiza 1\u00ba dia de interven\u00e7\u00e3o do Programa \u201cMova-se\u201d para funcion\u00e1rios p\u00fablicos municipais"},"content":{"rendered":"<p style=\"text-align: justify;\"><span style=\"color: #000000;\">A manh\u00e3 desta ter\u00e7a-feira (9) come\u00e7ou com alongamento entre os profissionais da Secretaria Municipal de Infraestrutura (SECIN) lotados na Usina de Asfalto. \u00c9 que a Prefeitura, atrav\u00e9s da Secretaria de Cultura, Esporte e Turismo (SECET) iniciou, esta semana, as interven\u00e7\u00f5es do programa \u201cMova-se\u201d, que contempla, em 1 dos 5 eixos tem\u00e1ticos, os servidores p\u00fablicos municipais.<\/span><\/p>\n<p style=\"text-align: justify;\"><span style=\"color: #000000;\">O intuito \u00e9 desenvolver din\u00e2micas e atividades junto aos profissionais do setor p\u00fablico para fomentar, dentro e fora da esfera, a\u00e7\u00f5es de promo\u00e7\u00e3o \u00e0 sa\u00fade em Alagoinhas. O trabalho com servidores \u2013 segundo o idealizador do programa \u2013 \u00e9 apenas um dos segmentos de atua\u00e7\u00e3o da proposta, que engloba participantes de todas as faixas et\u00e1rias para incentivar a popula\u00e7\u00e3o a adotar um estilo de vida ativo e saud\u00e1vel.<\/span><\/p><div class=\"newsi-conteudo_19\" id=\"newsi-2468780312\"><a href=\"https:\/\/www.instagram.com\/prefeituraalagoinhas?igsh=YzgzdDJ1bWR3aWI4\" aria-label=\"SAVE_20251006_221555\"><img loading=\"lazy\" decoding=\"async\" src=\"https:\/\/newsinfoco.com.br\/inicio\/wp-content\/uploads\/2025\/10\/SAVE_20251006_221555-rotated.jpg\" alt=\"\"  srcset=\"https:\/\/newsinfoco.com.br\/inicio\/wp-content\/uploads\/2025\/10\/SAVE_20251006_221555-rotated.jpg 1140w, https:\/\/newsinfoco.com.br\/inicio\/wp-content\/uploads\/2025\/10\/SAVE_20251006_221555-300x52.jpg 300w, https:\/\/newsinfoco.com.br\/inicio\/wp-content\/uploads\/2025\/10\/SAVE_20251006_221555-1024x177.jpg 1024w, https:\/\/newsinfoco.com.br\/inicio\/wp-content\/uploads\/2025\/10\/SAVE_20251006_221555-768x133.jpg 768w, https:\/\/newsinfoco.com.br\/inicio\/wp-content\/uploads\/2025\/10\/SAVE_20251006_221555-600x104.jpg 600w, https:\/\/newsinfoco.com.br\/inicio\/wp-content\/uploads\/2025\/10\/SAVE_20251006_221555-696x120.jpg 696w, https:\/\/newsinfoco.com.br\/inicio\/wp-content\/uploads\/2025\/10\/SAVE_20251006_221555-1068x185.jpg 1068w\" sizes=\"(max-width: 1140px) 100vw, 1140px\" width=\"1140\" height=\"197\"   \/><\/a><\/div>\n<p style=\"text-align: justify;\"><span style=\"color: #000000;\">\u201c\u00c9 um trabalho que visa democratizar o acesso ao esporte e ao lazer. O que o \u00b4Mova-se\u00b4 busca \u00e9 impactar positivamente na melhoria da sa\u00fade da popula\u00e7\u00e3o. No plano de atividades, est\u00e3o a\u00e7\u00f5es com crian\u00e7as, idosos institucionalizados, idosos n\u00e3o-institucionalizados, pessoas com necessidades especiais, servidores da prefeitura. Precisamos promover atividades coletivas com olhar individualizado\u201d, ressaltou Luiz Claudio, coordenador geral da iniciativa.<\/span><\/p>\n<p><img decoding=\"async\" src=\"https:\/\/www.alagoinhas.ba.gov.br\/wp-content\/uploads\/2018\/10\/WhatsApp-Image-2018-10-09-at-08.51.52-1-1024x768.jpeg\" \/><\/p>\n<p style=\"text-align: justify;\"><span style=\"color: #000000;\">A primeira turma de servidores a \u201cabra\u00e7ar\u201d a proposta veio da SECIN e, ap\u00f3s a aplica\u00e7\u00e3o de formul\u00e1rios para identificar o interesse dos profissionais em participar do programa, a avalia\u00e7\u00e3o da primeira interven\u00e7\u00e3o foi positiva.<\/span><\/p>\n<p style=\"text-align: justify;\"><span style=\"color: #000000;\">\u201cFoi t\u00e3o maravilhoso. Quando Luiz Claudio nos entregou os formul\u00e1rios e aplicamos os question\u00e1rios, sentimos certa resist\u00eancia. A princ\u00edpio, apenas 13, dos 26 servidores que preencheram a ficha, manifestaram interesse na atividade. Ent\u00e3o comecei a estudar melhor o projeto e chamei o idealizador para fazer uma apresenta\u00e7\u00e3o. Hoje foi a primeira vez que fizemos o alongamento e foi maravilhoso! Temos profissionais que trabalham em campo, de \u00e1reas diversas, e a gente sente o quanto esse tipo de atividade pode nos trazer novas perspectivas\u201d, comentou Cristiane Rocha, assistente social da secretaria de infraestrutura.<\/span><\/p>\n<p style=\"text-align: justify;\"><span style=\"color: #000000;\">Ao todo, as a\u00e7\u00f5es do \u201cMova-se\u201d s\u00e3o divididas em 5 eixos principais: Esporte e Lazer Especial (PROELE), Mais Vida aos Anos para idosos institucionalizados (PROMVIA), Movimenta Alagoinhas (PROMOVA), Mais Vida aos Anos para idosos n\u00e3o-institucionalizados e Esporte e Sa\u00fade para uma Vida Saud\u00e1vel e Cidad\u00e3 (PROEVISC).<\/span><\/p>\n<p><img decoding=\"async\" src=\"https:\/\/www.alagoinhas.ba.gov.br\/wp-content\/uploads\/2018\/10\/WhatsApp-Image-2018-10-09-at-08.51.52-2-1024x768.jpeg\" \/><\/p>\n<p style=\"text-align: justify;\"><span style=\"color: #000000;\">O alongamento com profissionais da SECIN dever\u00e1 acontecer sempre \u00e0s ter\u00e7as-feiras, antes do in\u00edcio do expediente, e a previs\u00e3o \u00e9 de que a iniciativa se estenda tamb\u00e9m a servidores de outras secretarias.<\/span><\/p>\n<p style=\"text-align: justify;\"><span style=\"color: #000000;\">A SECET informou que as atividades com idosos e crian\u00e7as tamb\u00e9m j\u00e1 foram iniciadas e devem seguir o calend\u00e1rio de a\u00e7\u00f5es do programa. O coordenador geral, Luiz Claudio, comunicou tamb\u00e9m que a iniciativa conta com o apoio de alunos da Universidade do Estado da Bahia (UNEB) campus Alagoinhas, que contribuir\u00e3o como monitores das a\u00e7\u00f5es desenvolvidas junto \u00e0 secretaria.<\/span><\/p>\n<p><img decoding=\"async\" src=\"https:\/\/www.alagoinhas.ba.gov.br\/wp-content\/uploads\/2018\/10\/WhatsApp-Image-2018-10-09-at-08.51.52-1024x768.jpeg\" \/><\/p>\n<h6 style=\"text-align: right;\"><span style=\"color: #999999;\">Fonte SECOM SECIN<\/span><\/h6>\n<div class='share-to-whatsapp-wrapper'><div class='share-on-whsp'>Share on: <\/div><a data-text='Promo\u00e7\u00e3o \u00e0 sa\u00fade: Prefeitura realiza 1\u00ba dia de interven\u00e7\u00e3o do Programa \u201cMova-se\u201d para funcion\u00e1rios p\u00fablicos municipais' data-link='https:\/\/newsinfoco.com.br\/inicio\/promocao-a-saude-prefeitura-realiza-1o-dia-de-intervencao-do-programa-mova-se-para-funcionarios-publicos-municipais\/' class='whatsapp-button whatsapp-share'>WhatsApp<\/a><div class='clear '><\/div><\/div>","protected":false},"excerpt":{"rendered":"<p>A manh\u00e3 desta ter\u00e7a-feira (9) come\u00e7ou com alongamento entre os profissionais da Secretaria Municipal de Infraestrutura (SECIN) lotados na Usina de Asfalto. \u00c9 que a Prefeitura, atrav\u00e9s da Secretaria de Cultura, Esporte e Turismo (SECET) iniciou, esta semana, as interven\u00e7\u00f5es do programa \u201cMova-se\u201d, que contempla, em 1 dos 5 eixos tem\u00e1ticos, os servidores p\u00fablicos municipais. [&hellip;]<\/p>\n","protected":false},"author":1,"featured_media":10360,"comment_status":"open","ping_status":"open","sticky":false,"template":"","format":"standard","meta":{"om_disable_all_campaigns":false,"_exactmetrics_skip_tracking":false,"_exactmetrics_sitenote_active":false,"_exactmetrics_sitenote_note":"","_exactmetrics_sitenote_category":0,"footnotes":""},"categories":[38,30],"tags":[53,54,137],"class_list":["post-10359","post","type-post","status-publish","format-standard","has-post-thumbnail","hentry","category-alagoinhas-e-regiao","category-destaque","tag-alagoinhas","tag-prefeitura","tag-secom-secin"],"aioseo_notices":[],"_links":{"self":[{"href":"https:\/\/newsinfoco.com.br\/inicio\/wp-json\/wp\/v2\/posts\/10359","targetHints":{"allow":["GET"]}}],"collection":[{"href":"https:\/\/newsinfoco.com.br\/inicio\/wp-json\/wp\/v2\/posts"}],"about":[{"href":"https:\/\/newsinfoco.com.br\/inicio\/wp-json\/wp\/v2\/types\/post"}],"author":[{"embeddable":true,"href":"https:\/\/newsinfoco.com.br\/inicio\/wp-json\/wp\/v2\/users\/1"}],"replies":[{"embeddable":true,"href":"https:\/\/newsinfoco.com.br\/inicio\/wp-json\/wp\/v2\/comments?post=10359"}],"version-history":[{"count":0,"href":"https:\/\/newsinfoco.com.br\/inicio\/wp-json\/wp\/v2\/posts\/10359\/revisions"}],"wp:featuredmedia":[{"embeddable":true,"href":"https:\/\/newsinfoco.com.br\/inicio\/wp-json\/wp\/v2\/media\/10360"}],"wp:attachment":[{"href":"https:\/\/newsinfoco.com.br\/inicio\/wp-json\/wp\/v2\/media?parent=10359"}],"wp:term":[{"taxonomy":"category","embeddable":true,"href":"https:\/\/newsinfoco.com.br\/inicio\/wp-json\/wp\/v2\/categories?post=10359"},{"taxonomy":"post_tag","embeddable":true,"href":"https:\/\/newsinfoco.com.br\/inicio\/wp-json\/wp\/v2\/tags?post=10359"}],"curies":[{"name":"wp","href":"https:\/\/api.w.org\/{rel}","templated":true}]}}