{"id":10363,"date":"2018-10-09T22:34:25","date_gmt":"2018-10-10T01:34:25","guid":{"rendered":"http:\/\/newsinfoco.com.br\/?p=10363"},"modified":"2018-10-09T22:34:25","modified_gmt":"2018-10-10T01:34:25","slug":"democratizando-o-acesso-ao-esporte-e-ao-lazer-atraves-do-programa-mova-se-prefeitura-inicia-trabalho-com-criancas-da-rede-municipal","status":"publish","type":"post","link":"https:\/\/newsinfoco.com.br\/inicio\/democratizando-o-acesso-ao-esporte-e-ao-lazer-atraves-do-programa-mova-se-prefeitura-inicia-trabalho-com-criancas-da-rede-municipal\/","title":{"rendered":"Democratizando o acesso ao esporte e ao lazer: atrav\u00e9s do programa \u201cMova-se\u201d, Prefeitura inicia trabalho com crian\u00e7as da rede municipal"},"content":{"rendered":"<p style=\"text-align: justify;\"><span style=\"color: #000000;\">Ap\u00f3s iniciar atividades com eixos de idosos, no \u00faltimo m\u00eas, e de come\u00e7ar as primeiras a\u00e7\u00f5es do trabalho com servidores municipais, esta semana, a Prefeitura, atrav\u00e9s do programa \u201cMova-se\u201d, desenvolvido pela Secretaria de Cultura, Esporte e Turismo (SECET), promoveu hoje (9) mais uma a\u00e7\u00e3o. Desta vez, a proposta foi voltada ao p\u00fablico infantil.<\/span><\/p>\n<p style=\"text-align: justify;\"><span style=\"color: #000000;\">\u201cRecebemos alunos da Escola Amando Alves de Azevedo e iniciamos as atividades do eixo 5, que est\u00e1 sendo realizado em parceria com a Secretaria de Educa\u00e7\u00e3o. O projeto visa contemplar, como um todo, de crian\u00e7as a idosos, com atividades distribu\u00eddas em 5 eixos tem\u00e1ticos de acordo com o p\u00fablico a que se direcionam. O objetivo principal \u00e9 democratizar o acesso ao esporte e ao lazer, trazendo melhorias para a popula\u00e7\u00e3o no que tange \u00e0 promo\u00e7\u00e3o da sa\u00fade\u201d, pontuou Luiz Claudio, idealizador e coordenador geral da iniciativa.<\/span><\/p><div class=\"newsi-conteudo_19\" id=\"newsi-2006025846\"><a href=\"https:\/\/www.instagram.com\/prefeituraalagoinhas?igsh=YzgzdDJ1bWR3aWI4\" aria-label=\"SAVE_20251006_221555\"><img loading=\"lazy\" decoding=\"async\" src=\"https:\/\/newsinfoco.com.br\/inicio\/wp-content\/uploads\/2025\/10\/SAVE_20251006_221555-rotated.jpg\" alt=\"\"  srcset=\"https:\/\/newsinfoco.com.br\/inicio\/wp-content\/uploads\/2025\/10\/SAVE_20251006_221555-rotated.jpg 1140w, https:\/\/newsinfoco.com.br\/inicio\/wp-content\/uploads\/2025\/10\/SAVE_20251006_221555-300x52.jpg 300w, https:\/\/newsinfoco.com.br\/inicio\/wp-content\/uploads\/2025\/10\/SAVE_20251006_221555-1024x177.jpg 1024w, https:\/\/newsinfoco.com.br\/inicio\/wp-content\/uploads\/2025\/10\/SAVE_20251006_221555-768x133.jpg 768w, https:\/\/newsinfoco.com.br\/inicio\/wp-content\/uploads\/2025\/10\/SAVE_20251006_221555-600x104.jpg 600w, https:\/\/newsinfoco.com.br\/inicio\/wp-content\/uploads\/2025\/10\/SAVE_20251006_221555-696x120.jpg 696w, https:\/\/newsinfoco.com.br\/inicio\/wp-content\/uploads\/2025\/10\/SAVE_20251006_221555-1068x185.jpg 1068w\" sizes=\"(max-width: 1140px) 100vw, 1140px\" width=\"1140\" height=\"197\"   \/><\/a><\/div>\n<p><img decoding=\"async\" src=\"https:\/\/www.alagoinhas.ba.gov.br\/wp-content\/uploads\/2018\/10\/WhatsApp-Image-2018-10-09-at-11.16.58-1024x768.jpeg\" \/><\/p>\n<p>As din\u00e2micas, intera\u00e7\u00f5es, atividades com bola e o alongamento propostos pelo \u201cMova-se\u201d, na manh\u00e3 desta ter\u00e7a-feira (9), foram s\u00f3 o in\u00edcio, de acordo com o idealizador do projeto, das a\u00e7\u00f5es que acontecer\u00e3o continuamente com crian\u00e7as da rede municipal.<\/p>\n<p><img decoding=\"async\" src=\"https:\/\/www.alagoinhas.ba.gov.br\/wp-content\/uploads\/2018\/10\/WhatsApp-Image-2018-10-09-at-11.16.59-1024x768.jpeg\" \/><\/p>\n<p style=\"text-align: justify;\">Para o secret\u00e1rio de educa\u00e7\u00e3o, Fabr\u00edcio Faro, a medida n\u00e3o apenas incentiva os alunos a novas pr\u00e1ticas, como contribui para o desenvolvimento pleno do indiv\u00edduo, fomentando a criatividade e a ludicidade no ato educativo. \u201cO est\u00edmulo, seja ele atrav\u00e9s do esporte, da din\u00e2mica em grupo, da intera\u00e7\u00e3o no jogo apresentado ou da experi\u00eancia torna o aluno capaz de responder melhor \u00e0s situa\u00e7\u00f5es, contribuindo para que ele desenvolva as capacidades cognitivas e a autonomia. S\u00e3o a\u00e7\u00f5es importantes e a Secretaria de Educa\u00e7\u00e3o fica feliz em apoiar e contribuir com o programa\u201d, afirmou.<\/p>\n<p style=\"text-align: justify;\">Luiz Claudio agradeceu ao secret\u00e1rio Fabr\u00edcio Faro, \u00e0s gestoras e professoras das escolas municipais, aos professores e monitores da UNEB, que contribuem de modo efetivo para o desenvolvimento das a\u00e7\u00f5es do \u201cMova-se\u201d, e aos pares da diretoria de esportes da SECET pela colabora\u00e7\u00e3o.<\/p>\n<p><img decoding=\"async\" src=\"https:\/\/www.alagoinhas.ba.gov.br\/wp-content\/uploads\/2018\/10\/WhatsApp-Image-2018-10-09-at-11.17.03-1024x768.jpeg\" \/><\/p>\n<p style=\"text-align: justify;\">As a\u00e7\u00f5es do \u201cMova-se\u201d s\u00e3o divididas em 5 segmentos: Esporte e Lazer Especial (PROELE), Mais Vida aos Anos para idosos institucionalizados (PROMVIA), Movimenta Alagoinhas (PROMOVA), Mais Vida aos Anos para idosos n\u00e3o-institucionalizados e Esporte e Sa\u00fade para uma Vida Saud\u00e1vel e Cidad\u00e3 (PROEVISC).<\/p>\n<p style=\"text-align: justify;\">A previs\u00e3o \u00e9 de que as atividades sejam cont\u00ednuas e contemplem indiv\u00edduos de todas as faixas et\u00e1rias no munic\u00edpio.<\/p>\n<p><img decoding=\"async\" src=\"https:\/\/www.alagoinhas.ba.gov.br\/wp-content\/uploads\/2018\/10\/WhatsApp-Image-2018-10-09-at-11.17.16-1024x768.jpeg\" \/><\/p>\n<h6 style=\"text-align: right;\"><span style=\"color: #999999;\">Fonte: SECOM SECET<\/span><\/h6>\n<div class='share-to-whatsapp-wrapper'><div class='share-on-whsp'>Share on: <\/div><a data-text='Democratizando o acesso ao esporte e ao lazer: atrav\u00e9s do programa \u201cMova-se\u201d, Prefeitura inicia trabalho com crian\u00e7as da rede municipal' data-link='https:\/\/newsinfoco.com.br\/inicio\/democratizando-o-acesso-ao-esporte-e-ao-lazer-atraves-do-programa-mova-se-prefeitura-inicia-trabalho-com-criancas-da-rede-municipal\/' class='whatsapp-button whatsapp-share'>WhatsApp<\/a><div class='clear '><\/div><\/div>","protected":false},"excerpt":{"rendered":"<p>Ap\u00f3s iniciar atividades com eixos de idosos, no \u00faltimo m\u00eas, e de come\u00e7ar as primeiras a\u00e7\u00f5es do trabalho com servidores municipais, esta semana, a Prefeitura, atrav\u00e9s do programa \u201cMova-se\u201d, desenvolvido pela Secretaria de Cultura, Esporte e Turismo (SECET), promoveu hoje (9) mais uma a\u00e7\u00e3o. Desta vez, a proposta foi voltada ao p\u00fablico infantil. \u201cRecebemos alunos [&hellip;]<\/p>\n","protected":false},"author":1,"featured_media":10364,"comment_status":"open","ping_status":"open","sticky":false,"template":"","format":"standard","meta":{"om_disable_all_campaigns":false,"_exactmetrics_skip_tracking":false,"_exactmetrics_sitenote_active":false,"_exactmetrics_sitenote_note":"","_exactmetrics_sitenote_category":0,"footnotes":""},"categories":[38,30],"tags":[53,54,121],"class_list":["post-10363","post","type-post","status-publish","format-standard","has-post-thumbnail","hentry","category-alagoinhas-e-regiao","category-destaque","tag-alagoinhas","tag-prefeitura","tag-secom-secet"],"aioseo_notices":[],"_links":{"self":[{"href":"https:\/\/newsinfoco.com.br\/inicio\/wp-json\/wp\/v2\/posts\/10363","targetHints":{"allow":["GET"]}}],"collection":[{"href":"https:\/\/newsinfoco.com.br\/inicio\/wp-json\/wp\/v2\/posts"}],"about":[{"href":"https:\/\/newsinfoco.com.br\/inicio\/wp-json\/wp\/v2\/types\/post"}],"author":[{"embeddable":true,"href":"https:\/\/newsinfoco.com.br\/inicio\/wp-json\/wp\/v2\/users\/1"}],"replies":[{"embeddable":true,"href":"https:\/\/newsinfoco.com.br\/inicio\/wp-json\/wp\/v2\/comments?post=10363"}],"version-history":[{"count":0,"href":"https:\/\/newsinfoco.com.br\/inicio\/wp-json\/wp\/v2\/posts\/10363\/revisions"}],"wp:featuredmedia":[{"embeddable":true,"href":"https:\/\/newsinfoco.com.br\/inicio\/wp-json\/wp\/v2\/media\/10364"}],"wp:attachment":[{"href":"https:\/\/newsinfoco.com.br\/inicio\/wp-json\/wp\/v2\/media?parent=10363"}],"wp:term":[{"taxonomy":"category","embeddable":true,"href":"https:\/\/newsinfoco.com.br\/inicio\/wp-json\/wp\/v2\/categories?post=10363"},{"taxonomy":"post_tag","embeddable":true,"href":"https:\/\/newsinfoco.com.br\/inicio\/wp-json\/wp\/v2\/tags?post=10363"}],"curies":[{"name":"wp","href":"https:\/\/api.w.org\/{rel}","templated":true}]}}