{"id":10366,"date":"2018-10-09T22:37:27","date_gmt":"2018-10-10T01:37:27","guid":{"rendered":"http:\/\/newsinfoco.com.br\/?p=10366"},"modified":"2018-10-09T22:37:27","modified_gmt":"2018-10-10T01:37:27","slug":"prefeitura-realiza-2a-edicao-da-ouvidoria-kids-nesta-quinta-feira-11","status":"publish","type":"post","link":"https:\/\/newsinfoco.com.br\/inicio\/prefeitura-realiza-2a-edicao-da-ouvidoria-kids-nesta-quinta-feira-11\/","title":{"rendered":"Prefeitura realiza 2\u00aa edi\u00e7\u00e3o da Ouvidoria Kids nesta quinta-feira (11)"},"content":{"rendered":"<p style=\"text-align: justify;\"><span style=\"color: #000000;\">Em mais uma a\u00e7\u00e3o para o m\u00eas das crian\u00e7as, a Prefeitura realiza, nesta quinta-feira (11), a Ouvidoria Kids, voltada especialmente ao p\u00fablico infantil. \u00c9 a 2\u00aa vez que a iniciativa acontece no munic\u00edpio e foco este ano, de acordo com os organizadores, \u00e9 promover a ludicidade e o aprendizado atrav\u00e9s de atividades, brincadeiras e din\u00e2micas oferecidas gratuitamente no estacionamento da prefeitura municipal.<\/span><\/p>\n<p style=\"text-align: justify;\"><span style=\"color: #000000;\">\u201cAl\u00e9m das atividades voltadas \u00e0s crian\u00e7as, dos brinquedos, doces e atendimentos com pediatra, ofertados na Ouvidoria Kids, teremos tamb\u00e9m palestras e vamos promover uma visita\u00e7\u00e3o para que elas possam conhecer o gabinete do prefeito, tirar as d\u00favidas, ver de perto o papel que os profissionais da secretaria de governo desempenham. Precisamos fazer com que as crian\u00e7as tenham, desde cedo, consci\u00eancia da import\u00e2ncia de uma gest\u00e3o p\u00fablica de qualidade\u201d, pontuou David Ribeiro, ouvidor do munic\u00edpio.<\/span><\/p><div class=\"newsi-conteudo_19\" id=\"newsi-1954129958\"><a href=\"https:\/\/www.instagram.com\/prefeituraalagoinhas?igsh=YzgzdDJ1bWR3aWI4\" aria-label=\"SAVE_20251006_221555\"><img loading=\"lazy\" decoding=\"async\" src=\"https:\/\/newsinfoco.com.br\/inicio\/wp-content\/uploads\/2025\/10\/SAVE_20251006_221555-rotated.jpg\" alt=\"\"  srcset=\"https:\/\/newsinfoco.com.br\/inicio\/wp-content\/uploads\/2025\/10\/SAVE_20251006_221555-rotated.jpg 1140w, https:\/\/newsinfoco.com.br\/inicio\/wp-content\/uploads\/2025\/10\/SAVE_20251006_221555-300x52.jpg 300w, https:\/\/newsinfoco.com.br\/inicio\/wp-content\/uploads\/2025\/10\/SAVE_20251006_221555-1024x177.jpg 1024w, https:\/\/newsinfoco.com.br\/inicio\/wp-content\/uploads\/2025\/10\/SAVE_20251006_221555-768x133.jpg 768w, https:\/\/newsinfoco.com.br\/inicio\/wp-content\/uploads\/2025\/10\/SAVE_20251006_221555-600x104.jpg 600w, https:\/\/newsinfoco.com.br\/inicio\/wp-content\/uploads\/2025\/10\/SAVE_20251006_221555-696x120.jpg 696w, https:\/\/newsinfoco.com.br\/inicio\/wp-content\/uploads\/2025\/10\/SAVE_20251006_221555-1068x185.jpg 1068w\" sizes=\"(max-width: 1140px) 100vw, 1140px\" width=\"1140\" height=\"197\"   \/><\/a><\/div>\n<p style=\"text-align: justify;\"><span style=\"color: #000000;\">A a\u00e7\u00e3o, que ser\u00e1 realizada das 8h \u00e0s 12h, contar\u00e1 com parque infantil, brinquedoteca, escova\u00e7\u00e3o e estandes das secretarias, que estar\u00e3o dispon\u00edveis para registrar manifesta\u00e7\u00f5es da popula\u00e7\u00e3o.<\/span><\/p>\n<p style=\"text-align: justify;\"><span style=\"color: #000000;\">Segundo o ouvidor municipal, al\u00e9m de um espa\u00e7o de cuidado, lazer, aprendizado, entretenimento e divers\u00e3o, \u00e9 tamb\u00e9m um momento de festa e alegria que envolve a comunidade para tornar mais prazerosa e significativa a experi\u00eancia da crian\u00e7a na aproxima\u00e7\u00e3o com a gest\u00e3o e as pastas do munic\u00edpio.<\/span><\/p>\n<p style=\"text-align: justify;\"><span style=\"color: #000000;\">\u201cComo despertar o interesse da crian\u00e7a sobre assuntos que competem \u00e0 Administra\u00e7\u00e3o Municipal? Como estimular o desenvolvimento e mostrar a ela o papel e os desafios di\u00e1rios da gest\u00e3o? \u00c9 atrav\u00e9s dos jogos, do l\u00fadico, das brincadeiras, que pretendemos fazer esse primeiro contato e mostrar que a busca por solu\u00e7\u00f5es come\u00e7a desde cedo, quando o aluno se torna capaz de responder \u00e0s situa\u00e7\u00f5es, de buscar significados e de procurar formas de agir\u201d, ressaltou Ribeiro.<\/span><\/p>\n<p style=\"text-align: justify;\"><span style=\"color: #000000;\">A Ouvidoria destacou que, embora seja voltada para o p\u00fablico infantil, os pais est\u00e3o convidados para a a\u00e7\u00e3o. Todos os atendimentos s\u00e3o gratuitos e o poder p\u00fablico conta com parceiros da iniciativa privada para a realiza\u00e7\u00e3o.<\/span><\/p>\n<p><img decoding=\"async\" src=\"https:\/\/www.alagoinhas.ba.gov.br\/wp-content\/uploads\/2018\/10\/43527262_1932927133470865_1477970363349467136_n.jpg\" \/><\/p>\n<p style=\"text-align: right;\">Fonte : SECOM<\/p>\n<div class='share-to-whatsapp-wrapper'><div class='share-on-whsp'>Share on: <\/div><a data-text='Prefeitura realiza 2\u00aa edi\u00e7\u00e3o da Ouvidoria Kids nesta quinta-feira (11)' data-link='https:\/\/newsinfoco.com.br\/inicio\/prefeitura-realiza-2a-edicao-da-ouvidoria-kids-nesta-quinta-feira-11\/' class='whatsapp-button whatsapp-share'>WhatsApp<\/a><div class='clear '><\/div><\/div>","protected":false},"excerpt":{"rendered":"<p>Em mais uma a\u00e7\u00e3o para o m\u00eas das crian\u00e7as, a Prefeitura realiza, nesta quinta-feira (11), a Ouvidoria Kids, voltada especialmente ao p\u00fablico infantil. \u00c9 a 2\u00aa vez que a iniciativa acontece no munic\u00edpio e foco este ano, de acordo com os organizadores, \u00e9 promover a ludicidade e o aprendizado atrav\u00e9s de atividades, brincadeiras e din\u00e2micas [&hellip;]<\/p>\n","protected":false},"author":1,"featured_media":10367,"comment_status":"open","ping_status":"open","sticky":false,"template":"","format":"standard","meta":{"om_disable_all_campaigns":false,"_exactmetrics_skip_tracking":false,"_exactmetrics_sitenote_active":false,"_exactmetrics_sitenote_note":"","_exactmetrics_sitenote_category":0,"footnotes":""},"categories":[38,30],"tags":[53,54,56],"class_list":["post-10366","post","type-post","status-publish","format-standard","has-post-thumbnail","hentry","category-alagoinhas-e-regiao","category-destaque","tag-alagoinhas","tag-prefeitura","tag-secom"],"aioseo_notices":[],"_links":{"self":[{"href":"https:\/\/newsinfoco.com.br\/inicio\/wp-json\/wp\/v2\/posts\/10366","targetHints":{"allow":["GET"]}}],"collection":[{"href":"https:\/\/newsinfoco.com.br\/inicio\/wp-json\/wp\/v2\/posts"}],"about":[{"href":"https:\/\/newsinfoco.com.br\/inicio\/wp-json\/wp\/v2\/types\/post"}],"author":[{"embeddable":true,"href":"https:\/\/newsinfoco.com.br\/inicio\/wp-json\/wp\/v2\/users\/1"}],"replies":[{"embeddable":true,"href":"https:\/\/newsinfoco.com.br\/inicio\/wp-json\/wp\/v2\/comments?post=10366"}],"version-history":[{"count":0,"href":"https:\/\/newsinfoco.com.br\/inicio\/wp-json\/wp\/v2\/posts\/10366\/revisions"}],"wp:featuredmedia":[{"embeddable":true,"href":"https:\/\/newsinfoco.com.br\/inicio\/wp-json\/wp\/v2\/media\/10367"}],"wp:attachment":[{"href":"https:\/\/newsinfoco.com.br\/inicio\/wp-json\/wp\/v2\/media?parent=10366"}],"wp:term":[{"taxonomy":"category","embeddable":true,"href":"https:\/\/newsinfoco.com.br\/inicio\/wp-json\/wp\/v2\/categories?post=10366"},{"taxonomy":"post_tag","embeddable":true,"href":"https:\/\/newsinfoco.com.br\/inicio\/wp-json\/wp\/v2\/tags?post=10366"}],"curies":[{"name":"wp","href":"https:\/\/api.w.org\/{rel}","templated":true}]}}