{"id":10369,"date":"2018-10-09T22:40:26","date_gmt":"2018-10-10T01:40:26","guid":{"rendered":"http:\/\/newsinfoco.com.br\/?p=10369"},"modified":"2018-10-09T22:40:26","modified_gmt":"2018-10-10T01:40:26","slug":"qualificacao-profissional-prefeitura-divulga-agenda-de-atividades-da-sedea-para-o-mes-de-outubro","status":"publish","type":"post","link":"https:\/\/newsinfoco.com.br\/inicio\/qualificacao-profissional-prefeitura-divulga-agenda-de-atividades-da-sedea-para-o-mes-de-outubro\/","title":{"rendered":"Qualifica\u00e7\u00e3o profissional: Prefeitura divulga agenda de atividades da SEDEA para o m\u00eas de outubro"},"content":{"rendered":"<p style=\"text-align: justify;\"><span style=\"color: #000000;\">A Prefeitura, atrav\u00e9s da Secretaria Municipal de Desenvolvimento e Meio Ambiente (SEDEA), tem promovido oficinas, atividades e palestras gratuitas \u00e0 popula\u00e7\u00e3o como forma de proporcionar o desenvolvimento de novas habilidades e de fomentar o surgimento de iniciativas empreendedoras na cidade.<\/span><\/p>\n<p style=\"text-align: justify;\"><span style=\"color: #000000;\">O intuito \u00e9 investir na qualifica\u00e7\u00e3o profissional enquanto caminho poss\u00edvel para possibilitar o desenvolvimento de atividades que levem \u00e0 gera\u00e7\u00e3o de emprego e renda no \u00e2mbito municipal.<\/span><\/p><div class=\"newsi-conteudo_19\" id=\"newsi-1422854996\"><a href=\"https:\/\/www.instagram.com\/prefeituraalagoinhas?igsh=YzgzdDJ1bWR3aWI4\" aria-label=\"SAVE_20251006_221555\"><img loading=\"lazy\" decoding=\"async\" src=\"https:\/\/newsinfoco.com.br\/inicio\/wp-content\/uploads\/2025\/10\/SAVE_20251006_221555-rotated.jpg\" alt=\"\"  srcset=\"https:\/\/newsinfoco.com.br\/inicio\/wp-content\/uploads\/2025\/10\/SAVE_20251006_221555-rotated.jpg 1140w, https:\/\/newsinfoco.com.br\/inicio\/wp-content\/uploads\/2025\/10\/SAVE_20251006_221555-300x52.jpg 300w, https:\/\/newsinfoco.com.br\/inicio\/wp-content\/uploads\/2025\/10\/SAVE_20251006_221555-1024x177.jpg 1024w, https:\/\/newsinfoco.com.br\/inicio\/wp-content\/uploads\/2025\/10\/SAVE_20251006_221555-768x133.jpg 768w, https:\/\/newsinfoco.com.br\/inicio\/wp-content\/uploads\/2025\/10\/SAVE_20251006_221555-600x104.jpg 600w, https:\/\/newsinfoco.com.br\/inicio\/wp-content\/uploads\/2025\/10\/SAVE_20251006_221555-696x120.jpg 696w, https:\/\/newsinfoco.com.br\/inicio\/wp-content\/uploads\/2025\/10\/SAVE_20251006_221555-1068x185.jpg 1068w\" sizes=\"(max-width: 1140px) 100vw, 1140px\" width=\"1140\" height=\"197\"   \/><\/a><\/div>\n<p style=\"text-align: justify;\"><span style=\"color: #000000;\">Todas as atividades s\u00e3o gratuitas e fazem parte do programa PREPARE-SE que, entre abril de 2017 e julho de 2018, contemplou 1.548 pessoas com certificado de qualifica\u00e7\u00e3o profissional. Para participar, \u00e9 necess\u00e1rio ser maior de 16 anos e apresentar documento de identidade e comprovante de resid\u00eancia.<\/span><\/p>\n<p style=\"text-align: justify;\"><span style=\"color: #000000;\">As inscri\u00e7\u00f5es devem ser feitas na sede da secretaria, que fica na Avenida Soror Joana Ang\u00e9lica, acima do pr\u00e9dio da L\u00e2mpada, no centro de Alagoinhas.<\/span><\/p>\n<p style=\"text-align: justify;\"><span style=\"color: #000000;\">Confira as atividades previstas para o m\u00eas de outubro:<\/span><\/p>\n<p><img decoding=\"async\" src=\"https:\/\/www.alagoinhas.ba.gov.br\/wp-content\/uploads\/2018\/10\/WhatsApp-Image-2018-10-09-at-12.22.08-1024x1024.jpeg\" \/><\/p>\n<h6 style=\"text-align: right;\"><span style=\"color: #999999;\">Fonte: SECOM SEDEA<\/span><\/h6>\n<div class='share-to-whatsapp-wrapper'><div class='share-on-whsp'>Share on: <\/div><a data-text='Qualifica\u00e7\u00e3o profissional: Prefeitura divulga agenda de atividades da SEDEA para o m\u00eas de outubro' data-link='https:\/\/newsinfoco.com.br\/inicio\/qualificacao-profissional-prefeitura-divulga-agenda-de-atividades-da-sedea-para-o-mes-de-outubro\/' class='whatsapp-button whatsapp-share'>WhatsApp<\/a><div class='clear '><\/div><\/div>","protected":false},"excerpt":{"rendered":"<p>A Prefeitura, atrav\u00e9s da Secretaria Municipal de Desenvolvimento e Meio Ambiente (SEDEA), tem promovido oficinas, atividades e palestras gratuitas \u00e0 popula\u00e7\u00e3o como forma de proporcionar o desenvolvimento de novas habilidades e de fomentar o surgimento de iniciativas empreendedoras na cidade. O intuito \u00e9 investir na qualifica\u00e7\u00e3o profissional enquanto caminho poss\u00edvel para possibilitar o desenvolvimento de [&hellip;]<\/p>\n","protected":false},"author":1,"featured_media":10370,"comment_status":"open","ping_status":"open","sticky":false,"template":"","format":"standard","meta":{"om_disable_all_campaigns":false,"_exactmetrics_skip_tracking":false,"_exactmetrics_sitenote_active":false,"_exactmetrics_sitenote_note":"","_exactmetrics_sitenote_category":0,"footnotes":""},"categories":[38,30],"tags":[53,54,130],"class_list":["post-10369","post","type-post","status-publish","format-standard","has-post-thumbnail","hentry","category-alagoinhas-e-regiao","category-destaque","tag-alagoinhas","tag-prefeitura","tag-secom-sedea"],"aioseo_notices":[],"_links":{"self":[{"href":"https:\/\/newsinfoco.com.br\/inicio\/wp-json\/wp\/v2\/posts\/10369","targetHints":{"allow":["GET"]}}],"collection":[{"href":"https:\/\/newsinfoco.com.br\/inicio\/wp-json\/wp\/v2\/posts"}],"about":[{"href":"https:\/\/newsinfoco.com.br\/inicio\/wp-json\/wp\/v2\/types\/post"}],"author":[{"embeddable":true,"href":"https:\/\/newsinfoco.com.br\/inicio\/wp-json\/wp\/v2\/users\/1"}],"replies":[{"embeddable":true,"href":"https:\/\/newsinfoco.com.br\/inicio\/wp-json\/wp\/v2\/comments?post=10369"}],"version-history":[{"count":0,"href":"https:\/\/newsinfoco.com.br\/inicio\/wp-json\/wp\/v2\/posts\/10369\/revisions"}],"wp:featuredmedia":[{"embeddable":true,"href":"https:\/\/newsinfoco.com.br\/inicio\/wp-json\/wp\/v2\/media\/10370"}],"wp:attachment":[{"href":"https:\/\/newsinfoco.com.br\/inicio\/wp-json\/wp\/v2\/media?parent=10369"}],"wp:term":[{"taxonomy":"category","embeddable":true,"href":"https:\/\/newsinfoco.com.br\/inicio\/wp-json\/wp\/v2\/categories?post=10369"},{"taxonomy":"post_tag","embeddable":true,"href":"https:\/\/newsinfoco.com.br\/inicio\/wp-json\/wp\/v2\/tags?post=10369"}],"curies":[{"name":"wp","href":"https:\/\/api.w.org\/{rel}","templated":true}]}}