{"id":10372,"date":"2018-10-09T22:44:25","date_gmt":"2018-10-10T01:44:25","guid":{"rendered":"http:\/\/newsinfoco.com.br\/?p=10372"},"modified":"2018-10-09T22:44:25","modified_gmt":"2018-10-10T01:44:25","slug":"autoestima-e-fortalecimento-de-vinculos-cras-de-alagoinhas-destacam-acoes-voltadas-para-as-mulheres","status":"publish","type":"post","link":"https:\/\/newsinfoco.com.br\/inicio\/autoestima-e-fortalecimento-de-vinculos-cras-de-alagoinhas-destacam-acoes-voltadas-para-as-mulheres\/","title":{"rendered":"Autoestima e fortalecimento de v\u00ednculos: Cras de Alagoinhas destacam a\u00e7\u00f5es voltadas para as mulheres"},"content":{"rendered":"<p><img decoding=\"async\" src=\"https:\/\/www.alagoinhas.ba.gov.br\/wp-content\/uploads\/2018\/10\/469b0294-97ab-4554-83e1-4e13979e6aa8-1024x575.jpg\" \/><\/p>\n<p style=\"text-align: justify;\"><span style=\"color: #000000;\">De segunda \u00e0 sexta-feira, a Secretaria de Assist\u00eancia Social (SEMAS) , por meio do Servi\u00e7o de Conviv\u00eancia e Fortalecimento de V\u00ednculos (SCFV), referenciados ao CRAS de Boa Uni\u00e3o, Nova Bras\u00edlia, Riacho da Guia e Pra\u00e7a do C\u00e9u, realiza um extensa programa\u00e7\u00e3o de atividades com grupos de idosas, adolescentes, mulheres e crian\u00e7as, priorizando o atendimento por psic\u00f3logas e assistentes sociais aos usu\u00e1rios das \u00e1reas de maior vulnerabilidade e risco social do munic\u00edpio. Principal porta de entrada do Sistema \u00danico de Assist\u00eancia Social (Suas), al\u00e9m de ofertar servi\u00e7os e a\u00e7\u00f5es de prote\u00e7\u00e3o b\u00e1sica, os CRAS promovem palestras educativas, rodas de conversa, atividades l\u00fadicas e oficinas de capacita\u00e7\u00e3o.<\/span><\/p>\n<p><img decoding=\"async\" src=\"https:\/\/www.alagoinhas.ba.gov.br\/wp-content\/uploads\/2018\/10\/f69e5149-e4a1-4005-8f32-9807f3e6af8d-1024x575.jpg\" \/><\/p>\n<p style=\"text-align: justify;\">E como parte da programa\u00e7\u00e3o semanal, nesta segunda-feira (08), foram promovidas diversas a\u00e7\u00f5es voltadas ao grupo de mulheres. Em comemora\u00e7\u00e3o aos 15 anos do Estatuto do Idoso, no CRAS Riacho da Guia, o grupo participou de uma palestra em parceria com o Conselho do Idoso, no CRAS Boa Uni\u00e3o, foi oferecida uma oficina de mandalas, e no grupo de Mulheres do CRAS da Pra\u00e7a do C\u00e9u, foi abordado o processo de envelhecimento na perspectiva do eixo Cidadania e o Direito da Pessoa Idosa, na qual foi realizada uma oficina com massa de modelar. O recurso foi utilizado para representar o processo de envelhecimento e provocar reflex\u00f5es sobre o tema.<\/p><div class=\"newsi-conteudo_19\" id=\"newsi-2265907184\"><a href=\"https:\/\/www.instagram.com\/prefeituraalagoinhas?igsh=YzgzdDJ1bWR3aWI4\" aria-label=\"SAVE_20251006_221555\"><img loading=\"lazy\" decoding=\"async\" src=\"https:\/\/newsinfoco.com.br\/inicio\/wp-content\/uploads\/2025\/10\/SAVE_20251006_221555-rotated.jpg\" alt=\"\"  srcset=\"https:\/\/newsinfoco.com.br\/inicio\/wp-content\/uploads\/2025\/10\/SAVE_20251006_221555-rotated.jpg 1140w, https:\/\/newsinfoco.com.br\/inicio\/wp-content\/uploads\/2025\/10\/SAVE_20251006_221555-300x52.jpg 300w, https:\/\/newsinfoco.com.br\/inicio\/wp-content\/uploads\/2025\/10\/SAVE_20251006_221555-1024x177.jpg 1024w, https:\/\/newsinfoco.com.br\/inicio\/wp-content\/uploads\/2025\/10\/SAVE_20251006_221555-768x133.jpg 768w, https:\/\/newsinfoco.com.br\/inicio\/wp-content\/uploads\/2025\/10\/SAVE_20251006_221555-600x104.jpg 600w, https:\/\/newsinfoco.com.br\/inicio\/wp-content\/uploads\/2025\/10\/SAVE_20251006_221555-696x120.jpg 696w, https:\/\/newsinfoco.com.br\/inicio\/wp-content\/uploads\/2025\/10\/SAVE_20251006_221555-1068x185.jpg 1068w\" sizes=\"(max-width: 1140px) 100vw, 1140px\" width=\"1140\" height=\"197\"   \/><\/a><\/div>\n<p>&nbsp;<\/p>\n<p><img decoding=\"async\" src=\"https:\/\/www.alagoinhas.ba.gov.br\/wp-content\/uploads\/2018\/10\/554f9364-8eb7-43ea-8bc8-7de569c1c0a0-1024x768.jpg\" \/><\/p>\n<p style=\"text-align: justify;\"><span style=\"color: #000000;\">Para a coordenadora do Cras de Boa Uni\u00e3o , L\u00edzia Ara\u00fajo, \u00a0estes s\u00e3o momentos importantes para as mulheres, nos quais s\u00e3o trabalhadas a autoestima, sociabiliza\u00e7\u00e3o e tamb\u00e9m a autonomia financeira, \u201cAo \u00a0lidar com pessoas, a grande quest\u00e3o n\u00e3o \u00e9 \u201co que fazer\u201d, mas \u201ccomo fazer\u201d. E no Cras Boa Uni\u00e3o, fazemos tudo com amor,\u00a0 carinho e dedica\u00e7\u00e3o. Somos refer\u00eancia para as pessoas da comunidade. L\u00e1 elas se sentem em casa, afinal l\u00e1 \u00e9 a casa das fam\u00edlias\u201d explica L\u00edzia.\u201dAs mesmas se sentem acolhidas e por isto trabalhamos em cima das rela\u00e7\u00f5es que s\u00e3o estabelecidas, uma conflu\u00eancia de diversas emo\u00e7\u00f5es, desejos, modelos anteriores de rela\u00e7\u00e3o, condi\u00e7\u00f5es ambientais e outras vari\u00e1veis est\u00e3o juntas\u201d, enfatiza a coordenadora.<\/span><\/p>\n<h6 style=\"text-align: right;\"><span style=\"color: #999999;\">Fonte: SECOM\u00a0<\/span><\/h6>\n<div class='share-to-whatsapp-wrapper'><div class='share-on-whsp'>Share on: <\/div><a data-text='Autoestima e fortalecimento de v\u00ednculos: Cras de Alagoinhas destacam a\u00e7\u00f5es voltadas para as mulheres' data-link='https:\/\/newsinfoco.com.br\/inicio\/autoestima-e-fortalecimento-de-vinculos-cras-de-alagoinhas-destacam-acoes-voltadas-para-as-mulheres\/' class='whatsapp-button whatsapp-share'>WhatsApp<\/a><div class='clear '><\/div><\/div>","protected":false},"excerpt":{"rendered":"<p>De segunda \u00e0 sexta-feira, a Secretaria de Assist\u00eancia Social (SEMAS) , por meio do Servi\u00e7o de Conviv\u00eancia e Fortalecimento de V\u00ednculos (SCFV), referenciados ao CRAS de Boa Uni\u00e3o, Nova Bras\u00edlia, Riacho da Guia e Pra\u00e7a do C\u00e9u, realiza um extensa programa\u00e7\u00e3o de atividades com grupos de idosas, adolescentes, mulheres e crian\u00e7as, priorizando o atendimento por [&hellip;]<\/p>\n","protected":false},"author":1,"featured_media":10373,"comment_status":"open","ping_status":"open","sticky":false,"template":"","format":"standard","meta":{"om_disable_all_campaigns":false,"_exactmetrics_skip_tracking":false,"_exactmetrics_sitenote_active":false,"_exactmetrics_sitenote_note":"","_exactmetrics_sitenote_category":0,"footnotes":""},"categories":[38,30],"tags":[53,159],"class_list":["post-10372","post","type-post","status-publish","format-standard","has-post-thumbnail","hentry","category-alagoinhas-e-regiao","category-destaque","tag-alagoinhas","tag-prefeitura-secom"],"aioseo_notices":[],"_links":{"self":[{"href":"https:\/\/newsinfoco.com.br\/inicio\/wp-json\/wp\/v2\/posts\/10372","targetHints":{"allow":["GET"]}}],"collection":[{"href":"https:\/\/newsinfoco.com.br\/inicio\/wp-json\/wp\/v2\/posts"}],"about":[{"href":"https:\/\/newsinfoco.com.br\/inicio\/wp-json\/wp\/v2\/types\/post"}],"author":[{"embeddable":true,"href":"https:\/\/newsinfoco.com.br\/inicio\/wp-json\/wp\/v2\/users\/1"}],"replies":[{"embeddable":true,"href":"https:\/\/newsinfoco.com.br\/inicio\/wp-json\/wp\/v2\/comments?post=10372"}],"version-history":[{"count":0,"href":"https:\/\/newsinfoco.com.br\/inicio\/wp-json\/wp\/v2\/posts\/10372\/revisions"}],"wp:featuredmedia":[{"embeddable":true,"href":"https:\/\/newsinfoco.com.br\/inicio\/wp-json\/wp\/v2\/media\/10373"}],"wp:attachment":[{"href":"https:\/\/newsinfoco.com.br\/inicio\/wp-json\/wp\/v2\/media?parent=10372"}],"wp:term":[{"taxonomy":"category","embeddable":true,"href":"https:\/\/newsinfoco.com.br\/inicio\/wp-json\/wp\/v2\/categories?post=10372"},{"taxonomy":"post_tag","embeddable":true,"href":"https:\/\/newsinfoco.com.br\/inicio\/wp-json\/wp\/v2\/tags?post=10372"}],"curies":[{"name":"wp","href":"https:\/\/api.w.org\/{rel}","templated":true}]}}