{"id":10375,"date":"2018-10-10T08:42:41","date_gmt":"2018-10-10T11:42:41","guid":{"rendered":"http:\/\/newsinfoco.com.br\/?p=10375"},"modified":"2018-10-10T08:42:41","modified_gmt":"2018-10-10T11:42:41","slug":"nao-apoiaremos-nem-pt-nem-bolsonaro-afirma-alckmin","status":"publish","type":"post","link":"https:\/\/newsinfoco.com.br\/inicio\/nao-apoiaremos-nem-pt-nem-bolsonaro-afirma-alckmin\/","title":{"rendered":"\u2018N\u00e3o apoiaremos nem PT nem Bolsonaro\u2019, afirma Alckmin"},"content":{"rendered":"<p style=\"text-align: justify;\">Ap\u00f3s bate-boca entre o presidente do PSDB, Geraldo Alckmin, e o candidato do partido ao governo de S\u00e3o Paulo, Jo\u00e3o Doria, os tucanos decidiram liberar os correligion\u00e1rios e n\u00e3o v\u00e3o apoiar nenhum candidato no segundo turno da disputa presidencial entre Jair Bolsonaro (PSL) e Fernando Haddad (PT). \u201cN\u00e3o apoiaremos nem o PT nem o candidato Bolsonaro.<\/p>\n<p style=\"text-align: justify;\">O PSDB decidiu liberar seus militantes e seus l\u00edderes\u201d, anunciou Alckmin ap\u00f3s reuni\u00e3o da executiva nacional que ocorreu na sede do partido, em Bras\u00edlia. Ele pontuou que a libera\u00e7\u00e3o do partido significa neutralidade na campanha.<\/p><div class=\"newsi-conteudo_19\" id=\"newsi-2520540578\"><a href=\"https:\/\/www.instagram.com\/prefeituraalagoinhas?igsh=YzgzdDJ1bWR3aWI4\" aria-label=\"SAVE_20251006_221555\"><img loading=\"lazy\" decoding=\"async\" src=\"https:\/\/newsinfoco.com.br\/inicio\/wp-content\/uploads\/2025\/10\/SAVE_20251006_221555-rotated.jpg\" alt=\"\"  srcset=\"https:\/\/newsinfoco.com.br\/inicio\/wp-content\/uploads\/2025\/10\/SAVE_20251006_221555-rotated.jpg 1140w, https:\/\/newsinfoco.com.br\/inicio\/wp-content\/uploads\/2025\/10\/SAVE_20251006_221555-300x52.jpg 300w, https:\/\/newsinfoco.com.br\/inicio\/wp-content\/uploads\/2025\/10\/SAVE_20251006_221555-1024x177.jpg 1024w, https:\/\/newsinfoco.com.br\/inicio\/wp-content\/uploads\/2025\/10\/SAVE_20251006_221555-768x133.jpg 768w, https:\/\/newsinfoco.com.br\/inicio\/wp-content\/uploads\/2025\/10\/SAVE_20251006_221555-600x104.jpg 600w, https:\/\/newsinfoco.com.br\/inicio\/wp-content\/uploads\/2025\/10\/SAVE_20251006_221555-696x120.jpg 696w, https:\/\/newsinfoco.com.br\/inicio\/wp-content\/uploads\/2025\/10\/SAVE_20251006_221555-1068x185.jpg 1068w\" sizes=\"(max-width: 1140px) 100vw, 1140px\" width=\"1140\" height=\"197\"   \/><\/a><\/div>\n<p style=\"text-align: justify;\">Alckmin destacou que a posi\u00e7\u00e3o \u00e9 coerente com o que ele defendeu ao longo de sua campanha \u00e0 Presid\u00eancia da Rep\u00fablica. \u201cJ\u00e1 v\u00ednhamos pontuando que extremos n\u00e3o s\u00e3o a solu\u00e7\u00e3o\u201d, defendeu.<\/p>\n<p style=\"text-align: justify;\">Em reuni\u00e3o acalorada, Alckmin chamou Doria de \u201ctemerista\u201d. O candidato tucano ao governo de S\u00e3o Paulo cobrava do partido mais ajuda financeira \u00e0s campanhas dos candidatos a governos estaduais que passaram para o segundo turno. Alckmin interrompe Doria e diz: \u201cTraidor, eu n\u00e3o sou\u201d.<\/p>\n<p style=\"text-align: justify;\">Questionado sobre a discuss\u00e3o, Alckmin desconversou. \u201cDiverg\u00eancias s\u00e3o naturais e n\u00e3o ocorrem pela imprensa. N\u00e3o fa\u00e7o pol\u00edtica pela imprensa\u201d, afirmou. Doria, por sua vez, disse que Alckmin est\u00e1 com o \u201cemocional abalado\u201d por causa do \u201cresultado inesperado\u201d da elei\u00e7\u00e3o, onde saiu derrotado e recebeu menos de 5% dos votos.<\/p>\n<p style=\"text-align: justify;\">\u201cSe Geraldo teve algum dissabor pessoal, da minha parte tem o meu perd\u00e3o. N\u00e3o foi nada que possa abalar as nossas rela\u00e7\u00f5es pessoais\u201d, declarou Doria \u00e0 imprensa depois de deixar a reuni\u00e3o. Ele saiu antes do encontro terminar.<\/p>\n<p style=\"text-align: justify;\">Questionado sobre o seu resultado na disputa presidencial, Alckmin disse que foi uma campanha \u201cat\u00edpica\u201d e que \u201ctodos os partidos est\u00e3o enfraquecidos\u201d. Mencionou ainda o fato do ex-presidente Luiz In\u00e1cio Lula da Silva estar preso e de Bolsonaro ter sofrido um atentado durante a campanha. Ap\u00f3s o PSDB declarar oficialmente que n\u00e3o apoiar\u00e1 nem Jair Bolsonaro (PSL) nem Fernando Haddad (PT) no segundo turno da campanha presidencial, o candidato petista afirmou que aposta em alian\u00e7as com tucanos ligados ao ex-governador de S\u00e3o Paulo M\u00e1rio Covas, ou seja, a ala mais hist\u00f3rica do partido.<\/p>\n<p style=\"text-align: justify;\">\u201cVai haver pessoas mais ligadas ao M\u00e1rio Covas, que eu acho que tem outra perspectiva, existe uma social democracia ainda no PSDB e eu entendo que individualmente as pessoas possam se manifestar\u201d, disse Haddad, destacando que respeita a delibera\u00e7\u00e3o da legenda tucana.<\/p>\n<p style=\"text-align: justify;\">Haddad negou que j\u00e1 tenha telefonado para o ex-presidente Fernando Henrique Cardoso, e tamb\u00e9m n\u00e3o afirmou se pretende buscar uma conversa com FHC. O presidenci\u00e1vel petista comemorou a ades\u00e3o do PSB \u00e0 sua candidatura, repetindo que quer montar alian\u00e7as com todos os \u201cdemocratas\u201d e governar, se eleito, \u201cpara todos os brasileiros\u201d.<\/p>\n<h6 style=\"text-align: right;\"><span style=\"color: #999999;\">Estad\u00e3o<\/span><\/h6>\n<div class='share-to-whatsapp-wrapper'><div class='share-on-whsp'>Share on: <\/div><a data-text='\u2018N\u00e3o apoiaremos nem PT nem Bolsonaro\u2019, afirma Alckmin' data-link='https:\/\/newsinfoco.com.br\/inicio\/nao-apoiaremos-nem-pt-nem-bolsonaro-afirma-alckmin\/' class='whatsapp-button whatsapp-share'>WhatsApp<\/a><div class='clear '><\/div><\/div>","protected":false},"excerpt":{"rendered":"<p>Ap\u00f3s bate-boca entre o presidente do PSDB, Geraldo Alckmin, e o candidato do partido ao governo de S\u00e3o Paulo, Jo\u00e3o Doria, os tucanos decidiram liberar os correligion\u00e1rios e n\u00e3o v\u00e3o apoiar nenhum candidato no segundo turno da disputa presidencial entre Jair Bolsonaro (PSL) e Fernando Haddad (PT). \u201cN\u00e3o apoiaremos nem o PT nem o candidato [&hellip;]<\/p>\n","protected":false},"author":1,"featured_media":10203,"comment_status":"open","ping_status":"open","sticky":false,"template":"","format":"standard","meta":{"om_disable_all_campaigns":false,"_exactmetrics_skip_tracking":false,"_exactmetrics_sitenote_active":false,"_exactmetrics_sitenote_note":"","_exactmetrics_sitenote_category":0,"footnotes":""},"categories":[21],"tags":[],"class_list":["post-10375","post","type-post","status-publish","format-standard","has-post-thumbnail","hentry","category-brasil"],"aioseo_notices":[],"_links":{"self":[{"href":"https:\/\/newsinfoco.com.br\/inicio\/wp-json\/wp\/v2\/posts\/10375","targetHints":{"allow":["GET"]}}],"collection":[{"href":"https:\/\/newsinfoco.com.br\/inicio\/wp-json\/wp\/v2\/posts"}],"about":[{"href":"https:\/\/newsinfoco.com.br\/inicio\/wp-json\/wp\/v2\/types\/post"}],"author":[{"embeddable":true,"href":"https:\/\/newsinfoco.com.br\/inicio\/wp-json\/wp\/v2\/users\/1"}],"replies":[{"embeddable":true,"href":"https:\/\/newsinfoco.com.br\/inicio\/wp-json\/wp\/v2\/comments?post=10375"}],"version-history":[{"count":0,"href":"https:\/\/newsinfoco.com.br\/inicio\/wp-json\/wp\/v2\/posts\/10375\/revisions"}],"wp:featuredmedia":[{"embeddable":true,"href":"https:\/\/newsinfoco.com.br\/inicio\/wp-json\/wp\/v2\/media\/10203"}],"wp:attachment":[{"href":"https:\/\/newsinfoco.com.br\/inicio\/wp-json\/wp\/v2\/media?parent=10375"}],"wp:term":[{"taxonomy":"category","embeddable":true,"href":"https:\/\/newsinfoco.com.br\/inicio\/wp-json\/wp\/v2\/categories?post=10375"},{"taxonomy":"post_tag","embeddable":true,"href":"https:\/\/newsinfoco.com.br\/inicio\/wp-json\/wp\/v2\/tags?post=10375"}],"curies":[{"name":"wp","href":"https:\/\/api.w.org\/{rel}","templated":true}]}}