{"id":10377,"date":"2018-10-10T08:47:41","date_gmt":"2018-10-10T11:47:41","guid":{"rendered":"http:\/\/newsinfoco.com.br\/?p=10377"},"modified":"2018-10-10T08:47:41","modified_gmt":"2018-10-10T11:47:41","slug":"bolsonaro-ja-busca-nomes-para-equipe-economica","status":"publish","type":"post","link":"https:\/\/newsinfoco.com.br\/inicio\/bolsonaro-ja-busca-nomes-para-equipe-economica\/","title":{"rendered":"Bolsonaro j\u00e1 busca nomes para equipe econ\u00f4mica"},"content":{"rendered":"<p style=\"text-align: justify;\">Com o avan\u00e7o da campanha presidencial para o segundo turno, Paulo Guedes e o n\u00facleo duro da equipe econ\u00f4mica do candidato do PSL Jair Bolsonaro intensificaram movimentos para refor\u00e7ar o time que pode vir a ocupar a Esplanada dos Minist\u00e9rios no ano que vem.<\/p>\n<p style=\"text-align: justify;\">Integrantes da c\u00fapula de Bolsonaro j\u00e1 procuraram economistas que colaboraram nas campanhas de rivais, como Leandro Piquet, que participou do programa de Geraldo Alckmin (PSDB), e Cl\u00e1udio Frischtak, que ajudou a estruturar os planos de Marina Silva (Rede).<\/p><div class=\"newsi-conteudo_19\" id=\"newsi-378717370\"><a href=\"https:\/\/www.instagram.com\/prefeituraalagoinhas?igsh=YzgzdDJ1bWR3aWI4\" aria-label=\"SAVE_20251006_221555\"><img loading=\"lazy\" decoding=\"async\" src=\"https:\/\/newsinfoco.com.br\/inicio\/wp-content\/uploads\/2025\/10\/SAVE_20251006_221555-rotated.jpg\" alt=\"\"  srcset=\"https:\/\/newsinfoco.com.br\/inicio\/wp-content\/uploads\/2025\/10\/SAVE_20251006_221555-rotated.jpg 1140w, https:\/\/newsinfoco.com.br\/inicio\/wp-content\/uploads\/2025\/10\/SAVE_20251006_221555-300x52.jpg 300w, https:\/\/newsinfoco.com.br\/inicio\/wp-content\/uploads\/2025\/10\/SAVE_20251006_221555-1024x177.jpg 1024w, https:\/\/newsinfoco.com.br\/inicio\/wp-content\/uploads\/2025\/10\/SAVE_20251006_221555-768x133.jpg 768w, https:\/\/newsinfoco.com.br\/inicio\/wp-content\/uploads\/2025\/10\/SAVE_20251006_221555-600x104.jpg 600w, https:\/\/newsinfoco.com.br\/inicio\/wp-content\/uploads\/2025\/10\/SAVE_20251006_221555-696x120.jpg 696w, https:\/\/newsinfoco.com.br\/inicio\/wp-content\/uploads\/2025\/10\/SAVE_20251006_221555-1068x185.jpg 1068w\" sizes=\"(max-width: 1140px) 100vw, 1140px\" width=\"1140\" height=\"197\"   \/><\/a><\/div>\n<p style=\"text-align: justify;\">Coordenador do programa econ\u00f4mico de Bolsonaro e apontado como futuro ministro da Economia, Guedes acalenta o desejo de atrair para postos do governo e estatais gestores j\u00e1 testados na iniciativa privada e com o carimbo do mercado financeiro.<\/p>\n<p style=\"text-align: justify;\">Segundo uma fonte da equipe, Guedes quer liderar \u201cum grande movimento de executivos de mercado em dire\u00e7\u00e3o ao governo federal\u201d, plano que tem animado os colaboradores.<\/p>\n<p style=\"text-align: justify;\">Executivos e economistas com quem Guedes mant\u00e9m conversas frequentes e tem boa rela\u00e7\u00e3o \u2013 e entusiasmo com o projeto de Bolsonaro \u2013 s\u00e3o vistos como poss\u00edveis \u201caquisi\u00e7\u00f5es\u201d para a equipe.<\/p>\n<p style=\"text-align: justify;\">No grupo de executivos est\u00e3o Paulo Guimar\u00e3es, s\u00f3cio da Brasil Plural, Alexandre Bettamio, do Bank of America Merrill Lynch, Roberto Campos Neto, do Santander, e Jo\u00e3o Cox Neto, presidente do conselho administrativo da TIM. Procurados, eles n\u00e3o quiseram conceder entrevista.<\/p>\n<p style=\"text-align: justify;\">Apesar de n\u00e3o estarem oficialmente no time de campanha, Bettamio e Guimar\u00e3es j\u00e1 indicaram apoio a Jair Bolsonaro a colegas no mercado financeiro e em reuni\u00f5es, segundo duas fontes ouvidas pelo Estado.<\/p>\n<p style=\"text-align: justify;\">S\u00f3cio-fundador e presidente do conselho da Localiza, Salim Mattar, e o presidente do conselho de administra\u00e7\u00e3o da TIM, Jo\u00e3o Cox, s\u00e3o dois executivos com experi\u00eancia em gest\u00e3o que tamb\u00e9m mant\u00eam contato com Guedes e j\u00e1 manifestaram interesse em contribuir. Cox tem mantido conversas informais e n\u00e3o descarta fazer parte do \u201cdream team\u201d de Guedes, segundo fontes.<\/p>\n<p style=\"text-align: justify;\">Todos esses nomes s\u00e3o avaliados por Guedes como \u201cexcelentes\u201d, mas n\u00e3o h\u00e1 convite formal ou defini\u00e7\u00e3o de quais cargos, caso confirmados, ocupariam num eventual governo.<\/p>\n<p style=\"text-align: justify;\">Por um lado, h\u00e1 avalia\u00e7\u00e3o positiva por parte de Guedes de diversos nomes da atual administra\u00e7\u00e3o, caso de Ilan Goldfajn no Banco Central, de Paulo Caffarelli no Banco do Brasil, de Wilson Ferreira J\u00fanior na Eletrobr\u00e1s.<\/p>\n<p style=\"text-align: justify;\">Por outro, n\u00e3o houve conversas sobre esse arranjo com Bolsonaro. Fontes graduadas da campanha entendem que ele pode eventualmente vetar nomes que tenham identifica\u00e7\u00e3o com governos do PT ou com figuras do PSDB.<\/p>\n<h6 style=\"text-align: right;\"><span style=\"color: #999999;\">Estad\u00e3o<\/span><\/h6>\n<div class='share-to-whatsapp-wrapper'><div class='share-on-whsp'>Share on: <\/div><a data-text='Bolsonaro j\u00e1 busca nomes para equipe econ\u00f4mica' data-link='https:\/\/newsinfoco.com.br\/inicio\/bolsonaro-ja-busca-nomes-para-equipe-economica\/' class='whatsapp-button whatsapp-share'>WhatsApp<\/a><div class='clear '><\/div><\/div>","protected":false},"excerpt":{"rendered":"<p>Com o avan\u00e7o da campanha presidencial para o segundo turno, Paulo Guedes e o n\u00facleo duro da equipe econ\u00f4mica do candidato do PSL Jair Bolsonaro intensificaram movimentos para refor\u00e7ar o time que pode vir a ocupar a Esplanada dos Minist\u00e9rios no ano que vem. Integrantes da c\u00fapula de Bolsonaro j\u00e1 procuraram economistas que colaboraram nas [&hellip;]<\/p>\n","protected":false},"author":1,"featured_media":10378,"comment_status":"open","ping_status":"open","sticky":false,"template":"","format":"standard","meta":{"om_disable_all_campaigns":false,"_exactmetrics_skip_tracking":false,"_exactmetrics_sitenote_active":false,"_exactmetrics_sitenote_note":"","_exactmetrics_sitenote_category":0,"footnotes":""},"categories":[21],"tags":[],"class_list":["post-10377","post","type-post","status-publish","format-standard","has-post-thumbnail","hentry","category-brasil"],"aioseo_notices":[],"_links":{"self":[{"href":"https:\/\/newsinfoco.com.br\/inicio\/wp-json\/wp\/v2\/posts\/10377","targetHints":{"allow":["GET"]}}],"collection":[{"href":"https:\/\/newsinfoco.com.br\/inicio\/wp-json\/wp\/v2\/posts"}],"about":[{"href":"https:\/\/newsinfoco.com.br\/inicio\/wp-json\/wp\/v2\/types\/post"}],"author":[{"embeddable":true,"href":"https:\/\/newsinfoco.com.br\/inicio\/wp-json\/wp\/v2\/users\/1"}],"replies":[{"embeddable":true,"href":"https:\/\/newsinfoco.com.br\/inicio\/wp-json\/wp\/v2\/comments?post=10377"}],"version-history":[{"count":0,"href":"https:\/\/newsinfoco.com.br\/inicio\/wp-json\/wp\/v2\/posts\/10377\/revisions"}],"wp:featuredmedia":[{"embeddable":true,"href":"https:\/\/newsinfoco.com.br\/inicio\/wp-json\/wp\/v2\/media\/10378"}],"wp:attachment":[{"href":"https:\/\/newsinfoco.com.br\/inicio\/wp-json\/wp\/v2\/media?parent=10377"}],"wp:term":[{"taxonomy":"category","embeddable":true,"href":"https:\/\/newsinfoco.com.br\/inicio\/wp-json\/wp\/v2\/categories?post=10377"},{"taxonomy":"post_tag","embeddable":true,"href":"https:\/\/newsinfoco.com.br\/inicio\/wp-json\/wp\/v2\/tags?post=10377"}],"curies":[{"name":"wp","href":"https:\/\/api.w.org\/{rel}","templated":true}]}}