{"id":10380,"date":"2018-10-10T08:51:18","date_gmt":"2018-10-10T11:51:18","guid":{"rendered":"http:\/\/newsinfoco.com.br\/?p=10380"},"modified":"2018-10-10T08:51:18","modified_gmt":"2018-10-10T11:51:18","slug":"por-aliancas-pt-fala-em-flexibilizar-plano-de-governo","status":"publish","type":"post","link":"https:\/\/newsinfoco.com.br\/inicio\/por-aliancas-pt-fala-em-flexibilizar-plano-de-governo\/","title":{"rendered":"Por alian\u00e7as, PT fala em flexibilizar plano de governo"},"content":{"rendered":"<p style=\"text-align: justify;\">Logo na largada da campanha no segundo turno, o PT j\u00e1 prepara uma flexibiliza\u00e7\u00e3o de seu programa de governo com o objetivo de ampliar alian\u00e7as em torno de Fernando Haddad, candidato \u00e0 Presid\u00eancia da sigla.<\/p>\n<p style=\"text-align: justify;\">Os recuos se dar\u00e3o em pontos considerados sens\u00edveis do programa, elaborado sob o comando do ex-presidente Luiz In\u00e1cio Lula da Silva. Entre os pontos est\u00e1 o recuo de Haddad em rela\u00e7\u00e3o \u00e0 proposta de convocar uma Assembleia Constituinte, alvo de cr\u00edticas dentro do pr\u00f3prio PT.<\/p><div class=\"newsi-conteudo_19\" id=\"newsi-486897941\"><a href=\"https:\/\/www.instagram.com\/prefeituraalagoinhas?igsh=YzgzdDJ1bWR3aWI4\" aria-label=\"SAVE_20251006_221555\"><img loading=\"lazy\" decoding=\"async\" src=\"https:\/\/newsinfoco.com.br\/inicio\/wp-content\/uploads\/2025\/10\/SAVE_20251006_221555-rotated.jpg\" alt=\"\"  srcset=\"https:\/\/newsinfoco.com.br\/inicio\/wp-content\/uploads\/2025\/10\/SAVE_20251006_221555-rotated.jpg 1140w, https:\/\/newsinfoco.com.br\/inicio\/wp-content\/uploads\/2025\/10\/SAVE_20251006_221555-300x52.jpg 300w, https:\/\/newsinfoco.com.br\/inicio\/wp-content\/uploads\/2025\/10\/SAVE_20251006_221555-1024x177.jpg 1024w, https:\/\/newsinfoco.com.br\/inicio\/wp-content\/uploads\/2025\/10\/SAVE_20251006_221555-768x133.jpg 768w, https:\/\/newsinfoco.com.br\/inicio\/wp-content\/uploads\/2025\/10\/SAVE_20251006_221555-600x104.jpg 600w, https:\/\/newsinfoco.com.br\/inicio\/wp-content\/uploads\/2025\/10\/SAVE_20251006_221555-696x120.jpg 696w, https:\/\/newsinfoco.com.br\/inicio\/wp-content\/uploads\/2025\/10\/SAVE_20251006_221555-1068x185.jpg 1068w\" sizes=\"(max-width: 1140px) 100vw, 1140px\" width=\"1140\" height=\"197\"   \/><\/a><\/div>\n<p style=\"text-align: justify;\">Outro ponto \u00e9 a defesa que o candidato fez, em debate na TV Globo na quinta-feira passada, de se criar faixas de idade m\u00ednima para aposentadoria, promessa que n\u00e3o consta do programa petista.<\/p>\n<p style=\"text-align: justify;\">A proposta \u00e9 objeto de estudos da equipe de economistas respons\u00e1vel pelo programa de governo. O grupo avalia a ado\u00e7\u00e3o de recortes regionais e por faixa de renda dos trabalhadores. Segundo auxiliares e interlocutores do ex-prefeito, ele tamb\u00e9m \u00e9 contra a proposta de ado\u00e7\u00e3o de um regime dual no Banco Central que consta do programa de governo.<\/p>\n<p style=\"text-align: justify;\">O texto registrado no Tribunal Superior Eleitoral (TSE) diz que al\u00e9m da infla\u00e7\u00e3o, a pol\u00edtica de taxa de juros do Banco Central tem que ter como meta a cria\u00e7\u00e3o de empregos. Auxiliares do candidato dizem que ele discorda da proposta e \u00e9 \u201cconservador\u201d em pol\u00edtica macroecon\u00f4mica.<\/p>\n<p style=\"text-align: justify;\">Nesta ter\u00e7a-feira, 9, Haddad admitiu que pode rever pontos do programa de acordo com as alian\u00e7as. \u201cOntem (na segunda-feira) anunciamos uma reformula\u00e7\u00e3o no nosso programa de governo que estava gerando uma quest\u00e3o, a proposta de Constituinte. N\u00e3o tenho nenhum problema com isso. \u00c9 uma maneira de dizer para a sociedade que estamos aqui para aperfei\u00e7oar o nosso programa\u201d, afirmou.<\/p>\n<p style=\"text-align: justify;\">Haddad tamb\u00e9m passou a adotar discurso sobre seguran\u00e7a p\u00fablica, uma cobran\u00e7a que era feita por integrantes do partido. O petista disse que, se eleito, vai colocar a PF para atuar no combate ao crime organizado. A estrat\u00e9gia do PT \u00e9 tentar fechar alian\u00e7as que trata como \u201cprogram\u00e1ticas\u201d, apenas com os partidos de centro esquerda como PSOL, PSB e PDT, com os quais existe afinidade.<\/p>\n<p style=\"text-align: justify;\">O PSOL, primeiro partido a declarar apoio a Haddad, conseguiu o compromisso do candidato com quatro pontos do programa de Guilherme Boulos: puni\u00e7\u00e3o a empresas que desrespeitam a igualdade salarial entre homens e mulheres, combate aos privil\u00e9gios na Previd\u00eancia, amplia\u00e7\u00e3o do Minha Casa, Minha Vida e demarca\u00e7\u00e3o de \u00e1reas ind\u00edgenas.<\/p>\n<p style=\"text-align: right;\"><span style=\"color: #999999;\">Estad\u00e3o<\/span><\/p>\n<div class='share-to-whatsapp-wrapper'><div class='share-on-whsp'>Share on: <\/div><a data-text='Por alian\u00e7as, PT fala em flexibilizar plano de governo' data-link='https:\/\/newsinfoco.com.br\/inicio\/por-aliancas-pt-fala-em-flexibilizar-plano-de-governo\/' class='whatsapp-button whatsapp-share'>WhatsApp<\/a><div class='clear '><\/div><\/div>","protected":false},"excerpt":{"rendered":"<p>Logo na largada da campanha no segundo turno, o PT j\u00e1 prepara uma flexibiliza\u00e7\u00e3o de seu programa de governo com o objetivo de ampliar alian\u00e7as em torno de Fernando Haddad, candidato \u00e0 Presid\u00eancia da sigla. Os recuos se dar\u00e3o em pontos considerados sens\u00edveis do programa, elaborado sob o comando do ex-presidente Luiz In\u00e1cio Lula da [&hellip;]<\/p>\n","protected":false},"author":1,"featured_media":10381,"comment_status":"open","ping_status":"open","sticky":false,"template":"","format":"standard","meta":{"om_disable_all_campaigns":false,"_exactmetrics_skip_tracking":false,"_exactmetrics_sitenote_active":false,"_exactmetrics_sitenote_note":"","_exactmetrics_sitenote_category":0,"footnotes":""},"categories":[21],"tags":[],"class_list":["post-10380","post","type-post","status-publish","format-standard","has-post-thumbnail","hentry","category-brasil"],"aioseo_notices":[],"_links":{"self":[{"href":"https:\/\/newsinfoco.com.br\/inicio\/wp-json\/wp\/v2\/posts\/10380","targetHints":{"allow":["GET"]}}],"collection":[{"href":"https:\/\/newsinfoco.com.br\/inicio\/wp-json\/wp\/v2\/posts"}],"about":[{"href":"https:\/\/newsinfoco.com.br\/inicio\/wp-json\/wp\/v2\/types\/post"}],"author":[{"embeddable":true,"href":"https:\/\/newsinfoco.com.br\/inicio\/wp-json\/wp\/v2\/users\/1"}],"replies":[{"embeddable":true,"href":"https:\/\/newsinfoco.com.br\/inicio\/wp-json\/wp\/v2\/comments?post=10380"}],"version-history":[{"count":0,"href":"https:\/\/newsinfoco.com.br\/inicio\/wp-json\/wp\/v2\/posts\/10380\/revisions"}],"wp:featuredmedia":[{"embeddable":true,"href":"https:\/\/newsinfoco.com.br\/inicio\/wp-json\/wp\/v2\/media\/10381"}],"wp:attachment":[{"href":"https:\/\/newsinfoco.com.br\/inicio\/wp-json\/wp\/v2\/media?parent=10380"}],"wp:term":[{"taxonomy":"category","embeddable":true,"href":"https:\/\/newsinfoco.com.br\/inicio\/wp-json\/wp\/v2\/categories?post=10380"},{"taxonomy":"post_tag","embeddable":true,"href":"https:\/\/newsinfoco.com.br\/inicio\/wp-json\/wp\/v2\/tags?post=10380"}],"curies":[{"name":"wp","href":"https:\/\/api.w.org\/{rel}","templated":true}]}}