{"id":10383,"date":"2018-10-10T08:55:02","date_gmt":"2018-10-10T11:55:02","guid":{"rendered":"http:\/\/newsinfoco.com.br\/?p=10383"},"modified":"2018-10-10T08:55:02","modified_gmt":"2018-10-10T11:55:02","slug":"centrao-se-divide-entre-bolsonaro-e-haddad-no-2o-turno","status":"publish","type":"post","link":"https:\/\/newsinfoco.com.br\/inicio\/centrao-se-divide-entre-bolsonaro-e-haddad-no-2o-turno\/","title":{"rendered":"Centr\u00e3o se divide entre Bolsonaro e Haddad no 2\u00ba turno"},"content":{"rendered":"<p style=\"text-align: justify;\">Ex-aliado do tucano Geraldo Alckmin, o Centr\u00e3o \u2013 bloco formado por DEM, PP, PR, PRB e Solidariedade \u2013 rachou no segundo turno da disputa entre Jair Bolsonaro (PSL) e Fernando Haddad (PT).<\/p>\n<p style=\"text-align: justify;\">Enquanto PP e PR est\u00e3o divididos internamente entre os presidenci\u00e1veis por causa de interesses e alian\u00e7as regionais de seus parlamentares, DEM e PRB dar\u00e3o apoio majorit\u00e1rio a Bolsonaro, polo oposto ao do Solidariedade, cuja base sindical fez o partido preferir Haddad.<\/p><div class=\"newsi-conteudo_19\" id=\"newsi-3938289836\"><a href=\"https:\/\/www.instagram.com\/prefeituraalagoinhas?igsh=YzgzdDJ1bWR3aWI4\" aria-label=\"SAVE_20251006_221555\"><img loading=\"lazy\" decoding=\"async\" src=\"https:\/\/newsinfoco.com.br\/inicio\/wp-content\/uploads\/2025\/10\/SAVE_20251006_221555-rotated.jpg\" alt=\"\"  srcset=\"https:\/\/newsinfoco.com.br\/inicio\/wp-content\/uploads\/2025\/10\/SAVE_20251006_221555-rotated.jpg 1140w, https:\/\/newsinfoco.com.br\/inicio\/wp-content\/uploads\/2025\/10\/SAVE_20251006_221555-300x52.jpg 300w, https:\/\/newsinfoco.com.br\/inicio\/wp-content\/uploads\/2025\/10\/SAVE_20251006_221555-1024x177.jpg 1024w, https:\/\/newsinfoco.com.br\/inicio\/wp-content\/uploads\/2025\/10\/SAVE_20251006_221555-768x133.jpg 768w, https:\/\/newsinfoco.com.br\/inicio\/wp-content\/uploads\/2025\/10\/SAVE_20251006_221555-600x104.jpg 600w, https:\/\/newsinfoco.com.br\/inicio\/wp-content\/uploads\/2025\/10\/SAVE_20251006_221555-696x120.jpg 696w, https:\/\/newsinfoco.com.br\/inicio\/wp-content\/uploads\/2025\/10\/SAVE_20251006_221555-1068x185.jpg 1068w\" sizes=\"(max-width: 1140px) 100vw, 1140px\" width=\"1140\" height=\"197\"   \/><\/a><\/div>\n<p style=\"text-align: justify;\">O acordo de unidade no Centr\u00e3o visava ao fortalecimento para emplacar um aliado na Presid\u00eancia e se manter no comando da Casa a partir de 2019 \u2013 na pr\u00e1tica, o grupo possui integrantes de outros partidos, embora n\u00e3o esteja constitu\u00eddo como bloco formal, com l\u00edder eleito pelos demais da bancada.<\/p>\n<p style=\"text-align: justify;\">O cabe\u00e7a do Centr\u00e3o \u00e9 Rodrigo Maia (DEM-RJ), que costurava sua recondu\u00e7\u00e3o \u00e0 presid\u00eancia da C\u00e2mara. O PP, o PR e o PRB comunicaram nesta ter\u00e7a-feira, 9, a decis\u00e3o de, oficialmente, adotar uma postura de neutralidade e liberar seus filiados para fazer campanha em prol do presidenci\u00e1vel que cada um desejar.<\/p>\n<p style=\"text-align: justify;\">\u201cO Progressistas adotar\u00e1 uma postura de absoluta isen\u00e7\u00e3o e neutralidade no segundo turno. Faz convicto de que essa \u00e9 a melhor contribui\u00e7\u00e3o que pode oferecer ao debate, em que os cidad\u00e3os e cidad\u00e3s demonstraram querer se ater a um olhar aos projetos e \u00e0s personas dos candidatos, deixando todas as demais vari\u00e1veis em segundo plano\u201d, disse o senador Ciro Nogueira (PI), presidente do PP, em nota.<\/p>\n<p style=\"text-align: justify;\">No comando do PR, o ex-deputado Valdemar Costa Neto, condenado no mensal\u00e3o, comunicou aos parlamentares sobre a decis\u00e3o de neutralidade. \u201cValdemar j\u00e1 autorizou a libera\u00e7\u00e3o em todos os Estados. Cada parlamentar apoia quem achar que deve\u201d, disse ao Estado o l\u00edder do PR na C\u00e2mara, deputado Jos\u00e9 Rocha (BA).<\/p>\n<p style=\"text-align: justify;\">O DEM e o Solidariedade pretendem fazer nesta quarta-feira, 10, an\u00fancio formal semelhante, embora, haja maiorias opostas nessas legendas. \u201cEu acho que tem gente de todo lado, uma maioria pr\u00f3 Haddad. Mas acho que o melhor caminho para o partido \u00e9 liberar. A ideia que eu tenho \u00e9 encaminhar a proposta de liberar. Quem quiser ajudar o Haddad vai ajudar, sem ter obriga\u00e7\u00e3o de apoi\u00e1-lo\u201d, disse o presidente Solidariedade, deputado Paulinho da For\u00e7a (SP).<\/p>\n<p style=\"text-align: justify;\">A For\u00e7a Sindical, principal base do Solidariedade, vai apoiar Haddad, ao lado de outras centrais sindicais. Como o DEM, historicamente, faz oposi\u00e7\u00e3o ao PT, a tend\u00eancia \u00e9 de que a maior parte dos filiados com mandato e militantes do partido siga em campanha por Bolsonaro, como muitos j\u00e1 fizeram.<\/p>\n<p style=\"text-align: justify;\">\u00c9 o caso da l\u00edder da Frente da Agropecu\u00e1ria, Tereza Cristina (MS), e de Onyx Lorenzoni (RS), coordenador da campanha do candidato do PSL \u00e0 revelia do DEM, e do l\u00edder da bancada da bala, Alberto Fraga (DF).<\/p>\n<p style=\"text-align: justify;\">O l\u00edder do PRB, deputado Celso Russomanno, terceiro mais votado em S\u00e3o Paulo, gravar\u00e1 v\u00eddeo de apoio a pedido do presidenci\u00e1vel. A sigla possui v\u00ednculos com a Igreja Universal, cujo l\u00edder religioso, bispo Edir Macedo, j\u00e1 declarou voto em Bolsonaro.<\/p>\n<h6 style=\"text-align: right;\"><span style=\"color: #999999;\">Estad\u00e3o<\/span><\/h6>\n<div class='share-to-whatsapp-wrapper'><div class='share-on-whsp'>Share on: <\/div><a data-text='Centr\u00e3o se divide entre Bolsonaro e Haddad no 2\u00ba turno' data-link='https:\/\/newsinfoco.com.br\/inicio\/centrao-se-divide-entre-bolsonaro-e-haddad-no-2o-turno\/' class='whatsapp-button whatsapp-share'>WhatsApp<\/a><div class='clear '><\/div><\/div>","protected":false},"excerpt":{"rendered":"<p>Ex-aliado do tucano Geraldo Alckmin, o Centr\u00e3o \u2013 bloco formado por DEM, PP, PR, PRB e Solidariedade \u2013 rachou no segundo turno da disputa entre Jair Bolsonaro (PSL) e Fernando Haddad (PT). Enquanto PP e PR est\u00e3o divididos internamente entre os presidenci\u00e1veis por causa de interesses e alian\u00e7as regionais de seus parlamentares, DEM e PRB [&hellip;]<\/p>\n","protected":false},"author":1,"featured_media":10384,"comment_status":"open","ping_status":"open","sticky":false,"template":"","format":"standard","meta":{"om_disable_all_campaigns":false,"_exactmetrics_skip_tracking":false,"_exactmetrics_sitenote_active":false,"_exactmetrics_sitenote_note":"","_exactmetrics_sitenote_category":0,"footnotes":""},"categories":[21],"tags":[],"class_list":["post-10383","post","type-post","status-publish","format-standard","has-post-thumbnail","hentry","category-brasil"],"aioseo_notices":[],"_links":{"self":[{"href":"https:\/\/newsinfoco.com.br\/inicio\/wp-json\/wp\/v2\/posts\/10383","targetHints":{"allow":["GET"]}}],"collection":[{"href":"https:\/\/newsinfoco.com.br\/inicio\/wp-json\/wp\/v2\/posts"}],"about":[{"href":"https:\/\/newsinfoco.com.br\/inicio\/wp-json\/wp\/v2\/types\/post"}],"author":[{"embeddable":true,"href":"https:\/\/newsinfoco.com.br\/inicio\/wp-json\/wp\/v2\/users\/1"}],"replies":[{"embeddable":true,"href":"https:\/\/newsinfoco.com.br\/inicio\/wp-json\/wp\/v2\/comments?post=10383"}],"version-history":[{"count":0,"href":"https:\/\/newsinfoco.com.br\/inicio\/wp-json\/wp\/v2\/posts\/10383\/revisions"}],"wp:featuredmedia":[{"embeddable":true,"href":"https:\/\/newsinfoco.com.br\/inicio\/wp-json\/wp\/v2\/media\/10384"}],"wp:attachment":[{"href":"https:\/\/newsinfoco.com.br\/inicio\/wp-json\/wp\/v2\/media?parent=10383"}],"wp:term":[{"taxonomy":"category","embeddable":true,"href":"https:\/\/newsinfoco.com.br\/inicio\/wp-json\/wp\/v2\/categories?post=10383"},{"taxonomy":"post_tag","embeddable":true,"href":"https:\/\/newsinfoco.com.br\/inicio\/wp-json\/wp\/v2\/tags?post=10383"}],"curies":[{"name":"wp","href":"https:\/\/api.w.org\/{rel}","templated":true}]}}