{"id":10386,"date":"2018-10-10T10:35:40","date_gmt":"2018-10-10T13:35:40","guid":{"rendered":"http:\/\/newsinfoco.com.br\/?p=10386"},"modified":"2018-10-10T11:10:49","modified_gmt":"2018-10-10T14:10:49","slug":"apos-rompimento-entre-joaquim-neto-e-paulo-azi-maioria-dos-vereadores-da-base-permanecem-fieis-ao-prefeito","status":"publish","type":"post","link":"https:\/\/newsinfoco.com.br\/inicio\/apos-rompimento-entre-joaquim-neto-e-paulo-azi-maioria-dos-vereadores-da-base-permanecem-fieis-ao-prefeito\/","title":{"rendered":"Ap\u00f3s rompimento entre Joaquim Neto e Paulo Azi, maioria dos vereadores da base permanecem fi\u00e9is ao prefeito"},"content":{"rendered":"<p style=\"text-align: justify;\">Ap\u00f3s a pol\u00eamica em volta do rompimento entre o deputado federal Paulo Azi(DEM) e o prefeito de Alagoinhas, Joaquim Neto(DEM), que deve mudar para o PSD, vereadores da cidade come\u00e7aram a se posicionar.<\/p>\n<p style=\"text-align: justify;\">Dois edis j\u00e1 anunciaram a sa\u00edda da base do governo em apoio ao deputado Paulo Azi, s\u00e3o eles: Luciano Almeida e Jorge da Farinha, ambos do DEM. Com a decis\u00e3o, indicados politicos dos vereadores na estrutura da administra\u00e7\u00e3o municipal devem ser exonerados nos pr\u00f3ximos dias.<\/p><div class=\"newsi-conteudo_19\" id=\"newsi-4037072421\"><a href=\"https:\/\/www.instagram.com\/prefeituraalagoinhas?igsh=YzgzdDJ1bWR3aWI4\" aria-label=\"SAVE_20251006_221555\"><img loading=\"lazy\" decoding=\"async\" src=\"https:\/\/newsinfoco.com.br\/inicio\/wp-content\/uploads\/2025\/10\/SAVE_20251006_221555-rotated.jpg\" alt=\"\"  srcset=\"https:\/\/newsinfoco.com.br\/inicio\/wp-content\/uploads\/2025\/10\/SAVE_20251006_221555-rotated.jpg 1140w, https:\/\/newsinfoco.com.br\/inicio\/wp-content\/uploads\/2025\/10\/SAVE_20251006_221555-300x52.jpg 300w, https:\/\/newsinfoco.com.br\/inicio\/wp-content\/uploads\/2025\/10\/SAVE_20251006_221555-1024x177.jpg 1024w, https:\/\/newsinfoco.com.br\/inicio\/wp-content\/uploads\/2025\/10\/SAVE_20251006_221555-768x133.jpg 768w, https:\/\/newsinfoco.com.br\/inicio\/wp-content\/uploads\/2025\/10\/SAVE_20251006_221555-600x104.jpg 600w, https:\/\/newsinfoco.com.br\/inicio\/wp-content\/uploads\/2025\/10\/SAVE_20251006_221555-696x120.jpg 696w, https:\/\/newsinfoco.com.br\/inicio\/wp-content\/uploads\/2025\/10\/SAVE_20251006_221555-1068x185.jpg 1068w\" sizes=\"(max-width: 1140px) 100vw, 1140px\" width=\"1140\" height=\"197\"   \/><\/a><\/div>\n<p style=\"text-align: justify;\">At\u00e9 bem pouco tempo Jorge da Farinha e Luciano Almeida defendiam efusivamente o prefeito Joaquim Neto de cr\u00edticas de toda sorte. Jorge chegou a ser nomeado l\u00edder do governo na C\u00e2mara e Luciano Almeida l\u00edder do DEM, posi\u00e7\u00f5es de destaque e s\u00edmbolos da confian\u00e7a que a administra\u00e7\u00e3o municipal depositava nos dois nomes. Por\u00e9m a fidelidade de Jorge da Farinha e Luciano Almeida para com o deputado Paulo Azi demonstrou ser mais forte.<\/p>\n<p style=\"text-align: justify;\">Os vereadores Juraci, Gode, Cleto da Banana, Raimunda Florencio, Beb\u00e9 e Ozeas Menezes continuam na base. O presidente da C\u00e2mara de Vereadores Roberto Torres, que est\u00e1 trocando o DEM pelo PRB, tamb\u00e9m deve permanecer no governo.<\/p>\n<p style=\"text-align: justify;\">Nos bastidores lideres pol\u00edticos em contato com o site News Infoco j\u00e1 identificaram que a popula\u00e7\u00e3o avaliou bem o rompimento do prefeito com o deputado Paulo Azi.<\/p>\n<p style=\"text-align: justify;\">Eles disseram que ap\u00f3s o resultado das elei\u00e7\u00f5es, a alta rejei\u00e7\u00e3o do eleitorado alagoinhense ao nome de Paulo Azi ficou evidenciado.<\/p>\n<h6 style=\"text-align: right;\"><span style=\"color: #999999;\">Por Caio Pimenta para o News Infoco<\/span><\/h6>\n<p style=\"text-align: justify;\">\n<div class='share-to-whatsapp-wrapper'><div class='share-on-whsp'>Share on: <\/div><a data-text='Ap\u00f3s rompimento entre Joaquim Neto e Paulo Azi, maioria dos vereadores da base permanecem fi\u00e9is ao prefeito' data-link='https:\/\/newsinfoco.com.br\/inicio\/apos-rompimento-entre-joaquim-neto-e-paulo-azi-maioria-dos-vereadores-da-base-permanecem-fieis-ao-prefeito\/' class='whatsapp-button whatsapp-share'>WhatsApp<\/a><div class='clear '><\/div><\/div>","protected":false},"excerpt":{"rendered":"<p>Ap\u00f3s a pol\u00eamica em volta do rompimento entre o deputado federal Paulo Azi(DEM) e o prefeito de Alagoinhas, Joaquim Neto(DEM), que deve mudar para o PSD, vereadores da cidade come\u00e7aram a se posicionar. Dois edis j\u00e1 anunciaram a sa\u00edda da base do governo em apoio ao deputado Paulo Azi, s\u00e3o eles: Luciano Almeida e Jorge [&hellip;]<\/p>\n","protected":false},"author":1,"featured_media":1068,"comment_status":"open","ping_status":"open","sticky":false,"template":"","format":"standard","meta":{"om_disable_all_campaigns":false,"_exactmetrics_skip_tracking":false,"_exactmetrics_sitenote_active":false,"_exactmetrics_sitenote_note":"","_exactmetrics_sitenote_category":0,"footnotes":""},"categories":[38,30],"tags":[],"class_list":["post-10386","post","type-post","status-publish","format-standard","has-post-thumbnail","hentry","category-alagoinhas-e-regiao","category-destaque"],"aioseo_notices":[],"_links":{"self":[{"href":"https:\/\/newsinfoco.com.br\/inicio\/wp-json\/wp\/v2\/posts\/10386","targetHints":{"allow":["GET"]}}],"collection":[{"href":"https:\/\/newsinfoco.com.br\/inicio\/wp-json\/wp\/v2\/posts"}],"about":[{"href":"https:\/\/newsinfoco.com.br\/inicio\/wp-json\/wp\/v2\/types\/post"}],"author":[{"embeddable":true,"href":"https:\/\/newsinfoco.com.br\/inicio\/wp-json\/wp\/v2\/users\/1"}],"replies":[{"embeddable":true,"href":"https:\/\/newsinfoco.com.br\/inicio\/wp-json\/wp\/v2\/comments?post=10386"}],"version-history":[{"count":0,"href":"https:\/\/newsinfoco.com.br\/inicio\/wp-json\/wp\/v2\/posts\/10386\/revisions"}],"wp:featuredmedia":[{"embeddable":true,"href":"https:\/\/newsinfoco.com.br\/inicio\/wp-json\/wp\/v2\/media\/1068"}],"wp:attachment":[{"href":"https:\/\/newsinfoco.com.br\/inicio\/wp-json\/wp\/v2\/media?parent=10386"}],"wp:term":[{"taxonomy":"category","embeddable":true,"href":"https:\/\/newsinfoco.com.br\/inicio\/wp-json\/wp\/v2\/categories?post=10386"},{"taxonomy":"post_tag","embeddable":true,"href":"https:\/\/newsinfoco.com.br\/inicio\/wp-json\/wp\/v2\/tags?post=10386"}],"curies":[{"name":"wp","href":"https:\/\/api.w.org\/{rel}","templated":true}]}}