{"id":10390,"date":"2018-10-10T12:45:32","date_gmt":"2018-10-10T15:45:32","guid":{"rendered":"http:\/\/newsinfoco.com.br\/?p=10390"},"modified":"2018-10-10T12:46:45","modified_gmt":"2018-10-10T15:46:45","slug":"individuos-sao-presos-em-flagrante-pela-policia-militar-logo-apos-assaltarem-uma-pizzaria-em-alagoinhas","status":"publish","type":"post","link":"https:\/\/newsinfoco.com.br\/inicio\/individuos-sao-presos-em-flagrante-pela-policia-militar-logo-apos-assaltarem-uma-pizzaria-em-alagoinhas\/","title":{"rendered":"Indiv\u00edduos s\u00e3o presos em flagrante pela pol\u00edcia militar logo ap\u00f3s assaltarem uma pizzaria em Alagoinhas"},"content":{"rendered":"<p dir=\"auto\" style=\"text-align: justify;\">Na noite de ontem(09), por volta das 21h00, policiais do 4\u00b0 BPM prenderam em flagrante delito dois indiv\u00edduos que, minutos antes, roubaram uma pizzaria situada na Rua M\u00e1rio Laerte, no centro de Alagoinhas. Na mesma a\u00e7\u00e3o, ap\u00f3s averigua\u00e7\u00f5es dos policiais, dois outros suspeitos de participarem do assalto foram detidos em Catu.<\/p>\n<p dir=\"auto\" style=\"text-align: justify;\">Os policiais estavam efetuando rondas quando foram acionados para atender a ocorr\u00eancia. Os indiv\u00edduos, que estavam em frente \u00e0 pizzaria, foram rendidos e dada a voz de pris\u00e3o em flagrante delito.<\/p><div class=\"newsi-conteudo_19\" id=\"newsi-3152389935\"><a href=\"https:\/\/www.instagram.com\/prefeituraalagoinhas?igsh=YzgzdDJ1bWR3aWI4\" aria-label=\"SAVE_20251006_221555\"><img loading=\"lazy\" decoding=\"async\" src=\"https:\/\/newsinfoco.com.br\/inicio\/wp-content\/uploads\/2025\/10\/SAVE_20251006_221555-rotated.jpg\" alt=\"\"  srcset=\"https:\/\/newsinfoco.com.br\/inicio\/wp-content\/uploads\/2025\/10\/SAVE_20251006_221555-rotated.jpg 1140w, https:\/\/newsinfoco.com.br\/inicio\/wp-content\/uploads\/2025\/10\/SAVE_20251006_221555-300x52.jpg 300w, https:\/\/newsinfoco.com.br\/inicio\/wp-content\/uploads\/2025\/10\/SAVE_20251006_221555-1024x177.jpg 1024w, https:\/\/newsinfoco.com.br\/inicio\/wp-content\/uploads\/2025\/10\/SAVE_20251006_221555-768x133.jpg 768w, https:\/\/newsinfoco.com.br\/inicio\/wp-content\/uploads\/2025\/10\/SAVE_20251006_221555-600x104.jpg 600w, https:\/\/newsinfoco.com.br\/inicio\/wp-content\/uploads\/2025\/10\/SAVE_20251006_221555-696x120.jpg 696w, https:\/\/newsinfoco.com.br\/inicio\/wp-content\/uploads\/2025\/10\/SAVE_20251006_221555-1068x185.jpg 1068w\" sizes=\"(max-width: 1140px) 100vw, 1140px\" width=\"1140\" height=\"197\"   \/><\/a><\/div>\n<p dir=\"auto\" style=\"text-align: justify;\">Uma arma de fogo foi apreendida e dinheiro e pertencentes frutos do roubo foram recuperados pela policia.<\/p>\n<p dir=\"auto\" style=\"text-align: justify;\"><a href=\"http:\/\/newsinfoco.com.br\/wp-content\/uploads\/2018\/10\/IMG-20181010-WA0081.jpg\"><img loading=\"lazy\" decoding=\"async\" class=\"aligncenter size-full wp-image-10392\" src=\"http:\/\/newsinfoco.com.br\/wp-content\/uploads\/2018\/10\/IMG-20181010-WA0081.jpg\" alt=\"\" width=\"800\" height=\"600\" srcset=\"https:\/\/newsinfoco.com.br\/inicio\/wp-content\/uploads\/2018\/10\/IMG-20181010-WA0081.jpg 800w, https:\/\/newsinfoco.com.br\/inicio\/wp-content\/uploads\/2018\/10\/IMG-20181010-WA0081-300x225.jpg 300w, https:\/\/newsinfoco.com.br\/inicio\/wp-content\/uploads\/2018\/10\/IMG-20181010-WA0081-768x576.jpg 768w, https:\/\/newsinfoco.com.br\/inicio\/wp-content\/uploads\/2018\/10\/IMG-20181010-WA0081-600x450.jpg 600w, https:\/\/newsinfoco.com.br\/inicio\/wp-content\/uploads\/2018\/10\/IMG-20181010-WA0081-80x60.jpg 80w, https:\/\/newsinfoco.com.br\/inicio\/wp-content\/uploads\/2018\/10\/IMG-20181010-WA0081-265x198.jpg 265w, https:\/\/newsinfoco.com.br\/inicio\/wp-content\/uploads\/2018\/10\/IMG-20181010-WA0081-696x522.jpg 696w, https:\/\/newsinfoco.com.br\/inicio\/wp-content\/uploads\/2018\/10\/IMG-20181010-WA0081-560x420.jpg 560w\" sizes=\"auto, (max-width: 800px) 100vw, 800px\" \/><\/a>Os indiv\u00edduos foram conduzidos \u00e0 Delegacia de Policia, local em que foi lavrado o auto de pris\u00e3o em flagrante delito.<\/p>\n<h6 dir=\"auto\" style=\"text-align: right;\"><span style=\"color: #999999;\">Por Alex Almeida para o News Infoco<\/span><\/h6>\n<div class='share-to-whatsapp-wrapper'><div class='share-on-whsp'>Share on: <\/div><a data-text='Indiv\u00edduos s\u00e3o presos em flagrante pela pol\u00edcia militar logo ap\u00f3s assaltarem uma pizzaria em Alagoinhas' data-link='https:\/\/newsinfoco.com.br\/inicio\/individuos-sao-presos-em-flagrante-pela-policia-militar-logo-apos-assaltarem-uma-pizzaria-em-alagoinhas\/' class='whatsapp-button whatsapp-share'>WhatsApp<\/a><div class='clear '><\/div><\/div>","protected":false},"excerpt":{"rendered":"<p>Na noite de ontem(09), por volta das 21h00, policiais do 4\u00b0 BPM prenderam em flagrante delito dois indiv\u00edduos que, minutos antes, roubaram uma pizzaria situada na Rua M\u00e1rio Laerte, no centro de Alagoinhas. Na mesma a\u00e7\u00e3o, ap\u00f3s averigua\u00e7\u00f5es dos policiais, dois outros suspeitos de participarem do assalto foram detidos em Catu. Os policiais estavam efetuando [&hellip;]<\/p>\n","protected":false},"author":1,"featured_media":10391,"comment_status":"open","ping_status":"open","sticky":false,"template":"","format":"standard","meta":{"om_disable_all_campaigns":false,"_exactmetrics_skip_tracking":false,"_exactmetrics_sitenote_active":false,"_exactmetrics_sitenote_note":"","_exactmetrics_sitenote_category":0,"footnotes":""},"categories":[38],"tags":[],"class_list":["post-10390","post","type-post","status-publish","format-standard","has-post-thumbnail","hentry","category-alagoinhas-e-regiao"],"aioseo_notices":[],"_links":{"self":[{"href":"https:\/\/newsinfoco.com.br\/inicio\/wp-json\/wp\/v2\/posts\/10390","targetHints":{"allow":["GET"]}}],"collection":[{"href":"https:\/\/newsinfoco.com.br\/inicio\/wp-json\/wp\/v2\/posts"}],"about":[{"href":"https:\/\/newsinfoco.com.br\/inicio\/wp-json\/wp\/v2\/types\/post"}],"author":[{"embeddable":true,"href":"https:\/\/newsinfoco.com.br\/inicio\/wp-json\/wp\/v2\/users\/1"}],"replies":[{"embeddable":true,"href":"https:\/\/newsinfoco.com.br\/inicio\/wp-json\/wp\/v2\/comments?post=10390"}],"version-history":[{"count":0,"href":"https:\/\/newsinfoco.com.br\/inicio\/wp-json\/wp\/v2\/posts\/10390\/revisions"}],"wp:featuredmedia":[{"embeddable":true,"href":"https:\/\/newsinfoco.com.br\/inicio\/wp-json\/wp\/v2\/media\/10391"}],"wp:attachment":[{"href":"https:\/\/newsinfoco.com.br\/inicio\/wp-json\/wp\/v2\/media?parent=10390"}],"wp:term":[{"taxonomy":"category","embeddable":true,"href":"https:\/\/newsinfoco.com.br\/inicio\/wp-json\/wp\/v2\/categories?post=10390"},{"taxonomy":"post_tag","embeddable":true,"href":"https:\/\/newsinfoco.com.br\/inicio\/wp-json\/wp\/v2\/tags?post=10390"}],"curies":[{"name":"wp","href":"https:\/\/api.w.org\/{rel}","templated":true}]}}