{"id":10395,"date":"2018-10-10T17:22:42","date_gmt":"2018-10-10T20:22:42","guid":{"rendered":"http:\/\/newsinfoco.com.br\/?p=10395"},"modified":"2018-10-10T17:30:04","modified_gmt":"2018-10-10T20:30:04","slug":"alagoinhas-durante-sessao-na-camara-municipal-vereadores-comentam-resultado-das-eleicoes","status":"publish","type":"post","link":"https:\/\/newsinfoco.com.br\/inicio\/alagoinhas-durante-sessao-na-camara-municipal-vereadores-comentam-resultado-das-eleicoes\/","title":{"rendered":"Alagoinhas: Durante sess\u00e3o na C\u00e2mara Municipal, vereadores comentam resultado das elei\u00e7\u00f5es"},"content":{"rendered":"<p dir=\"auto\" style=\"text-align: justify;\">O assunto mais discutido na sess\u00e3o ordin\u00e1ria que aconteceu na C\u00e2mara Municipal de Alagoinhas na \u00faltima ter\u00e7a-feira (09), referiu-se \u00e0s elei\u00e7\u00f5es do \u00faltimo domingo(07)<\/p>\n<p dir=\"auto\" style=\"text-align: justify;\">Durante o pronunciamento, o vereador Caio Ramos parabenizou os colegas vereadores pela postura e pela conduta durante o processo eleitoral, e falou do seu apoio \u00e0 candidatura do ex-prefeito Paulo C\u00e9zar: &#8220;N\u00e3o tivemos o \u00eaxito, mas estamos aqui de cabe\u00e7a erguida. Fizemos a nossa parte, fizemos o nosso papel. Entramos de corpo e alma nessa campanha por acreditar no projeto pol\u00edtico do ex-prefeito Paulo C\u00e9zar e estamos satisfeitos, quisemos mais, mas os mais de 17 mil votos muito nos orgulha&#8221;.<\/p><div class=\"newsi-conteudo_19\" id=\"newsi-3769982687\"><a href=\"https:\/\/www.instagram.com\/prefeituraalagoinhas?igsh=YzgzdDJ1bWR3aWI4\" aria-label=\"SAVE_20251006_221555\"><img loading=\"lazy\" decoding=\"async\" src=\"https:\/\/newsinfoco.com.br\/inicio\/wp-content\/uploads\/2025\/10\/SAVE_20251006_221555-rotated.jpg\" alt=\"\"  srcset=\"https:\/\/newsinfoco.com.br\/inicio\/wp-content\/uploads\/2025\/10\/SAVE_20251006_221555-rotated.jpg 1140w, https:\/\/newsinfoco.com.br\/inicio\/wp-content\/uploads\/2025\/10\/SAVE_20251006_221555-300x52.jpg 300w, https:\/\/newsinfoco.com.br\/inicio\/wp-content\/uploads\/2025\/10\/SAVE_20251006_221555-1024x177.jpg 1024w, https:\/\/newsinfoco.com.br\/inicio\/wp-content\/uploads\/2025\/10\/SAVE_20251006_221555-768x133.jpg 768w, https:\/\/newsinfoco.com.br\/inicio\/wp-content\/uploads\/2025\/10\/SAVE_20251006_221555-600x104.jpg 600w, https:\/\/newsinfoco.com.br\/inicio\/wp-content\/uploads\/2025\/10\/SAVE_20251006_221555-696x120.jpg 696w, https:\/\/newsinfoco.com.br\/inicio\/wp-content\/uploads\/2025\/10\/SAVE_20251006_221555-1068x185.jpg 1068w\" sizes=\"(max-width: 1140px) 100vw, 1140px\" width=\"1140\" height=\"197\"   \/><\/a><\/div>\n<p dir=\"auto\" style=\"text-align: justify;\">O vereador Raimundo Gode parabenizou os colegas que tiveram \u00eaxito em rela\u00e7\u00e3o \u00e0 vit\u00f3ria dos deputados estaduais e federais que apoiaram, pontuando: &#8220;Quero dizer que Alagoinhas perdeu, perdeu muito. Agora n\u00e3o tem nenhum deputado estadual e era pra ter dois federais de Alagoinhas. Agora, s\u00f3 est\u00e1 representada por um. N\u00e3o \u00e9 bom pra nossa cidade n\u00e3o! Na verdade quem perdeu foi Alagoinhas que era pra ter dois ou tr\u00eas deputados estaduais e dois federais. Mas, \u00e9 assim mesmo&#8230;A pol\u00edtica \u00e9 um jogo, de vit\u00f3ria, de derrota&#8221;.<\/p>\n<p dir=\"auto\" style=\"text-align: justify;\">O vereador Cleto da Banana destacou: &#8220;N\u00e3o poder\u00edamos deixar de fazer um coment\u00e1rio pelo resultado das urnas e aqui eu quero trazer nesta tarde e dizer que devemos estar bastante atentos, pois aquilo que se esperava das urnas, elas surpreenderam muitos candidatos. Alguns que j\u00e1 auto se intitulavam eleitos, outros que esperavam uma vota\u00e7\u00e3o robusta, e no entanto o que os resultados das urnas mostraram foram totalmente diferentes&#8230; Foi no Brasil inteiro, haja vista os grandes caciques da pol\u00edtica nacional, a gente percebe que na sua maioria n\u00e3o conseguiram lograr o \u00eaxito da reelei\u00e7\u00e3o, a exemplo de grandes nomes consagrados&#8230;Dos 54 senadores que foram \u00e0 reelei\u00e7\u00e3o, 46 deles perderam o mandato&#8221;.<\/p>\n<p dir=\"auto\" style=\"text-align: justify;\">A pr\u00f3xima sess\u00e3o ordin\u00e1ria ser\u00e1 realizada nesta quinta-feira (11), no hor\u00e1rio regimental, \u00e0s 15h.<\/p>\n<div class='share-to-whatsapp-wrapper'><div class='share-on-whsp'>Share on: <\/div><a data-text='Alagoinhas: Durante sess\u00e3o na C\u00e2mara Municipal, vereadores comentam resultado das elei\u00e7\u00f5es' data-link='https:\/\/newsinfoco.com.br\/inicio\/alagoinhas-durante-sessao-na-camara-municipal-vereadores-comentam-resultado-das-eleicoes\/' class='whatsapp-button whatsapp-share'>WhatsApp<\/a><div class='clear '><\/div><\/div>","protected":false},"excerpt":{"rendered":"<p>O assunto mais discutido na sess\u00e3o ordin\u00e1ria que aconteceu na C\u00e2mara Municipal de Alagoinhas na \u00faltima ter\u00e7a-feira (09), referiu-se \u00e0s elei\u00e7\u00f5es do \u00faltimo domingo(07) Durante o pronunciamento, o vereador Caio Ramos parabenizou os colegas vereadores pela postura e pela conduta durante o processo eleitoral, e falou do seu apoio \u00e0 candidatura do ex-prefeito Paulo C\u00e9zar: [&hellip;]<\/p>\n","protected":false},"author":1,"featured_media":10396,"comment_status":"open","ping_status":"open","sticky":false,"template":"","format":"standard","meta":{"om_disable_all_campaigns":false,"_exactmetrics_skip_tracking":false,"_exactmetrics_sitenote_active":false,"_exactmetrics_sitenote_note":"","_exactmetrics_sitenote_category":0,"footnotes":""},"categories":[38,30],"tags":[],"class_list":["post-10395","post","type-post","status-publish","format-standard","has-post-thumbnail","hentry","category-alagoinhas-e-regiao","category-destaque"],"aioseo_notices":[],"_links":{"self":[{"href":"https:\/\/newsinfoco.com.br\/inicio\/wp-json\/wp\/v2\/posts\/10395","targetHints":{"allow":["GET"]}}],"collection":[{"href":"https:\/\/newsinfoco.com.br\/inicio\/wp-json\/wp\/v2\/posts"}],"about":[{"href":"https:\/\/newsinfoco.com.br\/inicio\/wp-json\/wp\/v2\/types\/post"}],"author":[{"embeddable":true,"href":"https:\/\/newsinfoco.com.br\/inicio\/wp-json\/wp\/v2\/users\/1"}],"replies":[{"embeddable":true,"href":"https:\/\/newsinfoco.com.br\/inicio\/wp-json\/wp\/v2\/comments?post=10395"}],"version-history":[{"count":0,"href":"https:\/\/newsinfoco.com.br\/inicio\/wp-json\/wp\/v2\/posts\/10395\/revisions"}],"wp:featuredmedia":[{"embeddable":true,"href":"https:\/\/newsinfoco.com.br\/inicio\/wp-json\/wp\/v2\/media\/10396"}],"wp:attachment":[{"href":"https:\/\/newsinfoco.com.br\/inicio\/wp-json\/wp\/v2\/media?parent=10395"}],"wp:term":[{"taxonomy":"category","embeddable":true,"href":"https:\/\/newsinfoco.com.br\/inicio\/wp-json\/wp\/v2\/categories?post=10395"},{"taxonomy":"post_tag","embeddable":true,"href":"https:\/\/newsinfoco.com.br\/inicio\/wp-json\/wp\/v2\/tags?post=10395"}],"curies":[{"name":"wp","href":"https:\/\/api.w.org\/{rel}","templated":true}]}}