{"id":10399,"date":"2018-10-10T17:38:52","date_gmt":"2018-10-10T20:38:52","guid":{"rendered":"http:\/\/newsinfoco.com.br\/?p=10399"},"modified":"2018-10-10T17:38:52","modified_gmt":"2018-10-10T20:38:52","slug":"estreando-fiquei-na-frente-de-imbassahy-tia-eron-e-benito-gama-diz-joseildo-sobre-primeiro-turno-das-eleicoes","status":"publish","type":"post","link":"https:\/\/newsinfoco.com.br\/inicio\/estreando-fiquei-na-frente-de-imbassahy-tia-eron-e-benito-gama-diz-joseildo-sobre-primeiro-turno-das-eleicoes\/","title":{"rendered":"&#8220;Estreando, fiquei na frente de Imbassahy, Tia Eron e Benito Gama&#8221;, diz Joseildo sobre primeiro turno das elei\u00e7\u00f5es"},"content":{"rendered":"<p style=\"text-align: justify;\">Em entrevista ao programa Primeira M\u00e3o, da r\u00e1dio 95,7 FM de Alagoinhas, na manh\u00e3 desta quarta-feira (10), o deputado estadual Joseildo Ramos (PT) comentou o resultado das elei\u00e7\u00f5es do \u00faltimo domingo, na qual participou como candidato a deputado federal. Para o l\u00edder da bancada do PT na Assembleia Legislativa da Bahia, apesar de ter se tornado segundo suplente da sua coliga\u00e7\u00e3o, o saldo deve ser considerado como uma vit\u00f3ria para o campo progressista do munic\u00edpio. &#8220;O prefeito n\u00e3o foi bem com os seus candidatos, que n\u00e3o tiveram o desempenho m\u00ednimo esperado para uma prefeitura t\u00e3o importante. N\u00f3s tivemos um ter\u00e7o dos votos, quase 22 mil. Aqui tamb\u00e9m emerge a figura de Radiovaldo, que demonstrou no resultado da elei\u00e7\u00e3o que ele \u00e9 uma lideran\u00e7a reconhecida, tendo quase a mesma vota\u00e7\u00e3o do ex-prefeito dentro do munic\u00edpio e mais de 10 mil votos \u00e0 frente dele na Bahia toda&#8221;, afirmou.<\/p>\n<p style=\"text-align: justify;\">Questionado sobre o que teria atrapalhado a concretiza\u00e7\u00e3o da sua elei\u00e7\u00e3o, Joseildo alegou falta de recursos para dar estrutura \u00e0 campanha e o curto espa\u00e7o de tempo para realiz\u00e1-la. De acordo com o parlamentar, a mudan\u00e7a da candidatura de estadual para federal em um per\u00edodo menor que um ano foi um fator importante, mas n\u00e3o determinante durante o processo eleitoral. &#8220;N\u00e3o quero justificar, mas mudar o curso da campanha em nove meses n\u00e3o \u00e9 f\u00e1cil. Acho que o resultado foi interessante. Sou segundo suplente e isso n\u00e3o \u00e9 pouco. Inclusive, estou na frente de Imbassahy, Tia Eron, Benito Gama. Figuras decanas na pol\u00edtica contra n\u00f3s, estreando nesse momento&#8221;, avaliou.<\/p><div class=\"newsi-conteudo_19\" id=\"newsi-526529418\"><a href=\"https:\/\/www.instagram.com\/prefeituraalagoinhas?igsh=YzgzdDJ1bWR3aWI4\" aria-label=\"SAVE_20251006_221555\"><img loading=\"lazy\" decoding=\"async\" src=\"https:\/\/newsinfoco.com.br\/inicio\/wp-content\/uploads\/2025\/10\/SAVE_20251006_221555-rotated.jpg\" alt=\"\"  srcset=\"https:\/\/newsinfoco.com.br\/inicio\/wp-content\/uploads\/2025\/10\/SAVE_20251006_221555-rotated.jpg 1140w, https:\/\/newsinfoco.com.br\/inicio\/wp-content\/uploads\/2025\/10\/SAVE_20251006_221555-300x52.jpg 300w, https:\/\/newsinfoco.com.br\/inicio\/wp-content\/uploads\/2025\/10\/SAVE_20251006_221555-1024x177.jpg 1024w, https:\/\/newsinfoco.com.br\/inicio\/wp-content\/uploads\/2025\/10\/SAVE_20251006_221555-768x133.jpg 768w, https:\/\/newsinfoco.com.br\/inicio\/wp-content\/uploads\/2025\/10\/SAVE_20251006_221555-600x104.jpg 600w, https:\/\/newsinfoco.com.br\/inicio\/wp-content\/uploads\/2025\/10\/SAVE_20251006_221555-696x120.jpg 696w, https:\/\/newsinfoco.com.br\/inicio\/wp-content\/uploads\/2025\/10\/SAVE_20251006_221555-1068x185.jpg 1068w\" sizes=\"(max-width: 1140px) 100vw, 1140px\" width=\"1140\" height=\"197\"   \/><\/a><\/div>\n<p style=\"text-align: justify;\">No ar, Joseildo tamb\u00e9m agradeceu a vota\u00e7\u00e3o que teve e se disse orgulhoso do resultado. &#8220;Mais uma vez, fizemos uma campanha nos moldes de como historicamente a gente faz. Uma campanha de princ\u00edpios e valores. Eu n\u00e3o gostaria, em nenhum momento, de me eleger saindo disso&#8221;, afirmou.<\/p>\n<p style=\"text-align: justify;\"><strong>Rui Costa<\/strong><\/p>\n<p style=\"text-align: justify;\">A reelei\u00e7\u00e3o do governador Rui Costa em detrimento do candidato da oposi\u00e7\u00e3o Z\u00e9 Ronaldo tamb\u00e9m foi avaliada pelo l\u00edder do PT. Questionado sobre o que teria levado o chefe do executivo a ter uma vit\u00f3ria com mais de 75% da prefer\u00eancia dos baianos, Joseildo destacou que, al\u00e9m do bom trabalho que est\u00e1 sendo executado pelo Governo do Estado, existem fatores que fragilizaram o grupo da oposi\u00e7\u00e3o. &#8220;ACM Neto \u00e9 uma figura individualista. Quando viu que ia perder, desconsiderou as hist\u00f3rias envolvidas. Na pol\u00edtica brasileira, quem arrasta um processo \u00e9 a refer\u00eancia e ela \u00e9 a majorit\u00e1ria. N\u00f3s temos uma refer\u00eancia forte: Rui Costa. Do outro lado, o acovardamento, a falta de solidariedade, um prot\u00f3tipo de lideran\u00e7a da oposi\u00e7\u00e3o que n\u00e3o se far\u00e1 consistente por causa da sua agonia de n\u00e3o poder perder uma elei\u00e7\u00e3o. Ele n\u00e3o faz jus \u00e0 tradi\u00e7\u00e3o carlista&#8221;, avaliou.<\/p>\n<div class='share-to-whatsapp-wrapper'><div class='share-on-whsp'>Share on: <\/div><a data-text='\"Estreando, fiquei na frente de Imbassahy, Tia Eron e Benito Gama\", diz Joseildo sobre primeiro turno das elei\u00e7\u00f5es' data-link='https:\/\/newsinfoco.com.br\/inicio\/estreando-fiquei-na-frente-de-imbassahy-tia-eron-e-benito-gama-diz-joseildo-sobre-primeiro-turno-das-eleicoes\/' class='whatsapp-button whatsapp-share'>WhatsApp<\/a><div class='clear '><\/div><\/div>","protected":false},"excerpt":{"rendered":"<p>Em entrevista ao programa Primeira M\u00e3o, da r\u00e1dio 95,7 FM de Alagoinhas, na manh\u00e3 desta quarta-feira (10), o deputado estadual Joseildo Ramos (PT) comentou o resultado das elei\u00e7\u00f5es do \u00faltimo domingo, na qual participou como candidato a deputado federal. Para o l\u00edder da bancada do PT na Assembleia Legislativa da Bahia, apesar de ter se [&hellip;]<\/p>\n","protected":false},"author":1,"featured_media":10400,"comment_status":"open","ping_status":"open","sticky":false,"template":"","format":"standard","meta":{"om_disable_all_campaigns":false,"_exactmetrics_skip_tracking":false,"_exactmetrics_sitenote_active":false,"_exactmetrics_sitenote_note":"","_exactmetrics_sitenote_category":0,"footnotes":""},"categories":[38,30],"tags":[],"class_list":["post-10399","post","type-post","status-publish","format-standard","has-post-thumbnail","hentry","category-alagoinhas-e-regiao","category-destaque"],"aioseo_notices":[],"_links":{"self":[{"href":"https:\/\/newsinfoco.com.br\/inicio\/wp-json\/wp\/v2\/posts\/10399","targetHints":{"allow":["GET"]}}],"collection":[{"href":"https:\/\/newsinfoco.com.br\/inicio\/wp-json\/wp\/v2\/posts"}],"about":[{"href":"https:\/\/newsinfoco.com.br\/inicio\/wp-json\/wp\/v2\/types\/post"}],"author":[{"embeddable":true,"href":"https:\/\/newsinfoco.com.br\/inicio\/wp-json\/wp\/v2\/users\/1"}],"replies":[{"embeddable":true,"href":"https:\/\/newsinfoco.com.br\/inicio\/wp-json\/wp\/v2\/comments?post=10399"}],"version-history":[{"count":0,"href":"https:\/\/newsinfoco.com.br\/inicio\/wp-json\/wp\/v2\/posts\/10399\/revisions"}],"wp:featuredmedia":[{"embeddable":true,"href":"https:\/\/newsinfoco.com.br\/inicio\/wp-json\/wp\/v2\/media\/10400"}],"wp:attachment":[{"href":"https:\/\/newsinfoco.com.br\/inicio\/wp-json\/wp\/v2\/media?parent=10399"}],"wp:term":[{"taxonomy":"category","embeddable":true,"href":"https:\/\/newsinfoco.com.br\/inicio\/wp-json\/wp\/v2\/categories?post=10399"},{"taxonomy":"post_tag","embeddable":true,"href":"https:\/\/newsinfoco.com.br\/inicio\/wp-json\/wp\/v2\/tags?post=10399"}],"curies":[{"name":"wp","href":"https:\/\/api.w.org\/{rel}","templated":true}]}}