{"id":10405,"date":"2018-10-10T18:10:18","date_gmt":"2018-10-10T21:10:18","guid":{"rendered":"http:\/\/newsinfoco.com.br\/?p=10405"},"modified":"2018-10-10T18:10:18","modified_gmt":"2018-10-10T21:10:18","slug":"mais-de-90-dos-filiados-ao-dem-vao-votar-em-bolsonaro-preve-acm-neto","status":"publish","type":"post","link":"https:\/\/newsinfoco.com.br\/inicio\/mais-de-90-dos-filiados-ao-dem-vao-votar-em-bolsonaro-preve-acm-neto\/","title":{"rendered":"Mais de 90% dos filiados ao DEM v\u00e3o votar em Bolsonaro, prev\u00ea ACM Neto"},"content":{"rendered":"<p style=\"text-align: justify;\">Ap\u00f3s anunciar o seu apoio a Jair Bolsonaro (PSL) no segundo turno presidencial, o prefeito de Salvador, ACM Neto (DEM), estimou que mais de 90% dos seus correligion\u00e1rios vai votar no capit\u00e3o reformado do Ex\u00e9rcito, na disputa contra Fernando Haddad (PT).<\/p>\n<p style=\"text-align: justify;\">Oficialmente, o Democratas liberou os seus filiados a adotar qualquer posicionamento. Um dos coordenadores da campanha de Geraldo Alckmin (PSDB) no primeiro turno do pleito, Neto tamb\u00e9m evitou entrar em atrito com o tucano.<\/p><div class=\"newsi-conteudo_19\" id=\"newsi-1263202967\"><a href=\"https:\/\/www.instagram.com\/prefeituraalagoinhas?igsh=YzgzdDJ1bWR3aWI4\" aria-label=\"SAVE_20251006_221555\"><img loading=\"lazy\" decoding=\"async\" src=\"https:\/\/newsinfoco.com.br\/inicio\/wp-content\/uploads\/2025\/10\/SAVE_20251006_221555-rotated.jpg\" alt=\"\"  srcset=\"https:\/\/newsinfoco.com.br\/inicio\/wp-content\/uploads\/2025\/10\/SAVE_20251006_221555-rotated.jpg 1140w, https:\/\/newsinfoco.com.br\/inicio\/wp-content\/uploads\/2025\/10\/SAVE_20251006_221555-300x52.jpg 300w, https:\/\/newsinfoco.com.br\/inicio\/wp-content\/uploads\/2025\/10\/SAVE_20251006_221555-1024x177.jpg 1024w, https:\/\/newsinfoco.com.br\/inicio\/wp-content\/uploads\/2025\/10\/SAVE_20251006_221555-768x133.jpg 768w, https:\/\/newsinfoco.com.br\/inicio\/wp-content\/uploads\/2025\/10\/SAVE_20251006_221555-600x104.jpg 600w, https:\/\/newsinfoco.com.br\/inicio\/wp-content\/uploads\/2025\/10\/SAVE_20251006_221555-696x120.jpg 696w, https:\/\/newsinfoco.com.br\/inicio\/wp-content\/uploads\/2025\/10\/SAVE_20251006_221555-1068x185.jpg 1068w\" sizes=\"(max-width: 1140px) 100vw, 1140px\" width=\"1140\" height=\"197\"   \/><\/a><\/div>\n<p style=\"text-align: justify;\">Ao informar que votaria em Bolsonaro, Neto destacou que poderia ter \u201cescolhido o caminho de me omitir, ficar em cima do muro, mas quem me conhece sabe que sou uma pessoa de posi\u00e7\u00e3o\u201d.<\/p>\n<p style=\"text-align: justify;\">Alckmin disse, nesta segunda-feira (8), que n\u00e3o votaria em Haddad nem Bolsonaro. Os diret\u00f3rios estaduais tucanos foram liberados para decidir sobre o assunto. Na Bahia, o PSDB marchar\u00e1 junto com o presidenci\u00e1vel do PSL.<\/p>\n<p style=\"text-align: justify;\">\u201cAlckmin foi candidato a presidente, o PSDB tem una situa\u00e7\u00e3o diferente do Democratas. S\u00e3o outras circunst\u00e2ncias\u201d, afirmou o prefeito, ao ser questionado se Alckmin teria se omitido, conforme o seu racioc\u00ednio.<\/p>\n<p style=\"text-align: right;\"><span style=\"color: #999999;\">Por Rodrigo Aguiar para o Bahia.ba<\/span><\/p>\n<div class='share-to-whatsapp-wrapper'><div class='share-on-whsp'>Share on: <\/div><a data-text='Mais de 90% dos filiados ao DEM v\u00e3o votar em Bolsonaro, prev\u00ea ACM Neto' data-link='https:\/\/newsinfoco.com.br\/inicio\/mais-de-90-dos-filiados-ao-dem-vao-votar-em-bolsonaro-preve-acm-neto\/' class='whatsapp-button whatsapp-share'>WhatsApp<\/a><div class='clear '><\/div><\/div>","protected":false},"excerpt":{"rendered":"<p>Ap\u00f3s anunciar o seu apoio a Jair Bolsonaro (PSL) no segundo turno presidencial, o prefeito de Salvador, ACM Neto (DEM), estimou que mais de 90% dos seus correligion\u00e1rios vai votar no capit\u00e3o reformado do Ex\u00e9rcito, na disputa contra Fernando Haddad (PT). Oficialmente, o Democratas liberou os seus filiados a adotar qualquer posicionamento. Um dos coordenadores [&hellip;]<\/p>\n","protected":false},"author":1,"featured_media":10406,"comment_status":"open","ping_status":"open","sticky":false,"template":"","format":"standard","meta":{"om_disable_all_campaigns":false,"_exactmetrics_skip_tracking":false,"_exactmetrics_sitenote_active":false,"_exactmetrics_sitenote_note":"","_exactmetrics_sitenote_category":0,"footnotes":""},"categories":[19],"tags":[],"class_list":["post-10405","post","type-post","status-publish","format-standard","has-post-thumbnail","hentry","category-bahia"],"aioseo_notices":[],"_links":{"self":[{"href":"https:\/\/newsinfoco.com.br\/inicio\/wp-json\/wp\/v2\/posts\/10405","targetHints":{"allow":["GET"]}}],"collection":[{"href":"https:\/\/newsinfoco.com.br\/inicio\/wp-json\/wp\/v2\/posts"}],"about":[{"href":"https:\/\/newsinfoco.com.br\/inicio\/wp-json\/wp\/v2\/types\/post"}],"author":[{"embeddable":true,"href":"https:\/\/newsinfoco.com.br\/inicio\/wp-json\/wp\/v2\/users\/1"}],"replies":[{"embeddable":true,"href":"https:\/\/newsinfoco.com.br\/inicio\/wp-json\/wp\/v2\/comments?post=10405"}],"version-history":[{"count":0,"href":"https:\/\/newsinfoco.com.br\/inicio\/wp-json\/wp\/v2\/posts\/10405\/revisions"}],"wp:featuredmedia":[{"embeddable":true,"href":"https:\/\/newsinfoco.com.br\/inicio\/wp-json\/wp\/v2\/media\/10406"}],"wp:attachment":[{"href":"https:\/\/newsinfoco.com.br\/inicio\/wp-json\/wp\/v2\/media?parent=10405"}],"wp:term":[{"taxonomy":"category","embeddable":true,"href":"https:\/\/newsinfoco.com.br\/inicio\/wp-json\/wp\/v2\/categories?post=10405"},{"taxonomy":"post_tag","embeddable":true,"href":"https:\/\/newsinfoco.com.br\/inicio\/wp-json\/wp\/v2\/tags?post=10405"}],"curies":[{"name":"wp","href":"https:\/\/api.w.org\/{rel}","templated":true}]}}