{"id":10408,"date":"2018-10-10T18:12:00","date_gmt":"2018-10-10T21:12:00","guid":{"rendered":"http:\/\/newsinfoco.com.br\/?p=10408"},"modified":"2018-10-10T18:12:20","modified_gmt":"2018-10-10T21:12:20","slug":"mp-eleitoral-recorre-ao-tse-por-impugnacao-da-candidatura-de-luiz-caetano","status":"publish","type":"post","link":"https:\/\/newsinfoco.com.br\/inicio\/mp-eleitoral-recorre-ao-tse-por-impugnacao-da-candidatura-de-luiz-caetano\/","title":{"rendered":"MP Eleitoral recorre ao TSE por impugna\u00e7\u00e3o da candidatura de Luiz Caetano"},"content":{"rendered":"<p style=\"text-align: justify;\">Por meio da Procuradoria Regional Eleitoral na Bahia (PRE-BA), o Minist\u00e9rio P\u00fablico Eleitoral ingressou na \u00faltima semana com recurso no Tribunal Superior Eleitoral (TSE) para tentar a impugna\u00e7\u00e3o da candidatura de Luiz Caetano (PT), reeleito no \u00faltimo domingo (7) para mais quatro anos na C\u00e2mara dos Deputados.<\/p>\n<p style=\"text-align: justify;\">A diploma\u00e7\u00e3o do petista depender\u00e1 da decis\u00e3o da Corte eleitoral. O MP Eleitoral aponta que Caetano foi condenado por improbidade administrativa por desvio de dinheiro, quando ainda era prefeito de Cama\u00e7ari, e teve seus direitos pol\u00edticos suspensos por cinco anos, o que o tornou ineleg\u00edvel.<\/p><div class=\"newsi-conteudo_19\" id=\"newsi-2303647336\"><a href=\"https:\/\/www.instagram.com\/prefeituraalagoinhas?igsh=YzgzdDJ1bWR3aWI4\" aria-label=\"SAVE_20251006_221555\"><img loading=\"lazy\" decoding=\"async\" src=\"https:\/\/newsinfoco.com.br\/inicio\/wp-content\/uploads\/2025\/10\/SAVE_20251006_221555-rotated.jpg\" alt=\"\"  srcset=\"https:\/\/newsinfoco.com.br\/inicio\/wp-content\/uploads\/2025\/10\/SAVE_20251006_221555-rotated.jpg 1140w, https:\/\/newsinfoco.com.br\/inicio\/wp-content\/uploads\/2025\/10\/SAVE_20251006_221555-300x52.jpg 300w, https:\/\/newsinfoco.com.br\/inicio\/wp-content\/uploads\/2025\/10\/SAVE_20251006_221555-1024x177.jpg 1024w, https:\/\/newsinfoco.com.br\/inicio\/wp-content\/uploads\/2025\/10\/SAVE_20251006_221555-768x133.jpg 768w, https:\/\/newsinfoco.com.br\/inicio\/wp-content\/uploads\/2025\/10\/SAVE_20251006_221555-600x104.jpg 600w, https:\/\/newsinfoco.com.br\/inicio\/wp-content\/uploads\/2025\/10\/SAVE_20251006_221555-696x120.jpg 696w, https:\/\/newsinfoco.com.br\/inicio\/wp-content\/uploads\/2025\/10\/SAVE_20251006_221555-1068x185.jpg 1068w\" sizes=\"(max-width: 1140px) 100vw, 1140px\" width=\"1140\" height=\"197\"   \/><\/a><\/div>\n<div class='share-to-whatsapp-wrapper'><div class='share-on-whsp'>Share on: <\/div><a data-text='MP Eleitoral recorre ao TSE por impugna\u00e7\u00e3o da candidatura de Luiz Caetano' data-link='https:\/\/newsinfoco.com.br\/inicio\/mp-eleitoral-recorre-ao-tse-por-impugnacao-da-candidatura-de-luiz-caetano\/' class='whatsapp-button whatsapp-share'>WhatsApp<\/a><div class='clear '><\/div><\/div>","protected":false},"excerpt":{"rendered":"<p>Por meio da Procuradoria Regional Eleitoral na Bahia (PRE-BA), o Minist\u00e9rio P\u00fablico Eleitoral ingressou na \u00faltima semana com recurso no Tribunal Superior Eleitoral (TSE) para tentar a impugna\u00e7\u00e3o da candidatura de Luiz Caetano (PT), reeleito no \u00faltimo domingo (7) para mais quatro anos na C\u00e2mara dos Deputados. A diploma\u00e7\u00e3o do petista depender\u00e1 da decis\u00e3o da [&hellip;]<\/p>\n","protected":false},"author":1,"featured_media":10409,"comment_status":"open","ping_status":"open","sticky":false,"template":"","format":"standard","meta":{"om_disable_all_campaigns":false,"_exactmetrics_skip_tracking":false,"_exactmetrics_sitenote_active":false,"_exactmetrics_sitenote_note":"","_exactmetrics_sitenote_category":0,"footnotes":""},"categories":[19],"tags":[],"class_list":["post-10408","post","type-post","status-publish","format-standard","has-post-thumbnail","hentry","category-bahia"],"aioseo_notices":[],"_links":{"self":[{"href":"https:\/\/newsinfoco.com.br\/inicio\/wp-json\/wp\/v2\/posts\/10408","targetHints":{"allow":["GET"]}}],"collection":[{"href":"https:\/\/newsinfoco.com.br\/inicio\/wp-json\/wp\/v2\/posts"}],"about":[{"href":"https:\/\/newsinfoco.com.br\/inicio\/wp-json\/wp\/v2\/types\/post"}],"author":[{"embeddable":true,"href":"https:\/\/newsinfoco.com.br\/inicio\/wp-json\/wp\/v2\/users\/1"}],"replies":[{"embeddable":true,"href":"https:\/\/newsinfoco.com.br\/inicio\/wp-json\/wp\/v2\/comments?post=10408"}],"version-history":[{"count":0,"href":"https:\/\/newsinfoco.com.br\/inicio\/wp-json\/wp\/v2\/posts\/10408\/revisions"}],"wp:featuredmedia":[{"embeddable":true,"href":"https:\/\/newsinfoco.com.br\/inicio\/wp-json\/wp\/v2\/media\/10409"}],"wp:attachment":[{"href":"https:\/\/newsinfoco.com.br\/inicio\/wp-json\/wp\/v2\/media?parent=10408"}],"wp:term":[{"taxonomy":"category","embeddable":true,"href":"https:\/\/newsinfoco.com.br\/inicio\/wp-json\/wp\/v2\/categories?post=10408"},{"taxonomy":"post_tag","embeddable":true,"href":"https:\/\/newsinfoco.com.br\/inicio\/wp-json\/wp\/v2\/tags?post=10408"}],"curies":[{"name":"wp","href":"https:\/\/api.w.org\/{rel}","templated":true}]}}