{"id":10419,"date":"2018-10-10T22:22:54","date_gmt":"2018-10-11T01:22:54","guid":{"rendered":"http:\/\/newsinfoco.com.br\/?p=10419"},"modified":"2018-10-10T22:22:54","modified_gmt":"2018-10-11T01:22:54","slug":"prefeitura-realiza-acao-de-educacao-ambiental-na-semana-da-crianca","status":"publish","type":"post","link":"https:\/\/newsinfoco.com.br\/inicio\/prefeitura-realiza-acao-de-educacao-ambiental-na-semana-da-crianca\/","title":{"rendered":"Prefeitura realiza a\u00e7\u00e3o de Educa\u00e7\u00e3o Ambiental na semana da crian\u00e7a"},"content":{"rendered":"<p style=\"text-align: justify;\"><span style=\"color: #000000;\">A Prefeitura, atrav\u00e9s da Secretaria de Desenvolvimento e Meio Ambiente (SEDEA) promoveu, nesta ter\u00e7a-feira (9), um trabalho de educa\u00e7\u00e3o ambiental para compor a programa\u00e7\u00e3o de atividades em virtude da semana da crian\u00e7a.<\/span><\/p>\n<p style=\"text-align: justify;\"><span style=\"color: #000000;\">Al\u00e9m das tradicionais brincadeiras e propostas de lazer na cidade, a Administra\u00e7\u00e3o Municipal aproveitou a data para aproximar os alunos da equipe t\u00e9cnica da SEDEA, que destacou a necessidade de conscientizar, desde cedo, o cidad\u00e3o sobre pr\u00e1ticas sustent\u00e1veis e cuidados ao meio ambiente.<\/span><\/p><div class=\"newsi-conteudo_19\" id=\"newsi-1361985544\"><a href=\"https:\/\/www.instagram.com\/prefeituraalagoinhas?igsh=YzgzdDJ1bWR3aWI4\" aria-label=\"SAVE_20251006_221555\"><img loading=\"lazy\" decoding=\"async\" src=\"https:\/\/newsinfoco.com.br\/inicio\/wp-content\/uploads\/2025\/10\/SAVE_20251006_221555-rotated.jpg\" alt=\"\"  srcset=\"https:\/\/newsinfoco.com.br\/inicio\/wp-content\/uploads\/2025\/10\/SAVE_20251006_221555-rotated.jpg 1140w, https:\/\/newsinfoco.com.br\/inicio\/wp-content\/uploads\/2025\/10\/SAVE_20251006_221555-300x52.jpg 300w, https:\/\/newsinfoco.com.br\/inicio\/wp-content\/uploads\/2025\/10\/SAVE_20251006_221555-1024x177.jpg 1024w, https:\/\/newsinfoco.com.br\/inicio\/wp-content\/uploads\/2025\/10\/SAVE_20251006_221555-768x133.jpg 768w, https:\/\/newsinfoco.com.br\/inicio\/wp-content\/uploads\/2025\/10\/SAVE_20251006_221555-600x104.jpg 600w, https:\/\/newsinfoco.com.br\/inicio\/wp-content\/uploads\/2025\/10\/SAVE_20251006_221555-696x120.jpg 696w, https:\/\/newsinfoco.com.br\/inicio\/wp-content\/uploads\/2025\/10\/SAVE_20251006_221555-1068x185.jpg 1068w\" sizes=\"(max-width: 1140px) 100vw, 1140px\" width=\"1140\" height=\"197\"   \/><\/a><\/div>\n<p style=\"text-align: justify;\"><span style=\"color: #000000;\">O convite, segundo a secretaria, partiu da diretora Railda Valverde, da Escola Eraldo Tinoco de Melo, que sentiu a necessidade de trabalhar com os alunos de maneira mais din\u00e2mica e interativa sobre quest\u00f5es ambientais.<\/span><br \/>\n<span style=\"color: #000000;\">Durante a atividade, foram abordados os processos que formam os res\u00edduos s\u00f3lidos, as responsabilidades individuais, responsabilidades coletivas e as a\u00e7\u00f5es de reciclagem por iniciativa pr\u00f3pria.<\/span><\/p>\n<p style=\"text-align: justify;\"><span style=\"color: #000000;\">A equipe t\u00e9cnica da secretaria tamb\u00e9m fez um \u201cQuiz\u201d de perguntas e respostas com os alunos e trabalhou de forma l\u00fadica a tem\u00e1tica, incentivando a novas propostas, a\u00e7\u00f5es e iniciativas.<\/span><\/p>\n<p style=\"text-align: justify;\"><span style=\"color: #000000;\">\u201cTrabalhar com crian\u00e7as \u00e9 sempre um desafio prazeroso, nunca sa\u00edmos com roteiro 100% pronto, porque o desenvolver das atividades depende muito do retorno que o grupo infantil nos d\u00e1 e nos moldamos, no momento, \u00e0s necessidades dos pequenos. A educa\u00e7\u00e3o ambiental nas escolas \u00e9 sempre t\u00e3o conjuntamente ben\u00e9fica que me arrisco a dizer que, mais uma vez, fomos com a tarefa de levar conhecimento e findamos por aprender mais do que ensinar\u201d, ressaltou a ec\u00f3loga Ariv\u00e2nia Santos Pereira, da SEDEA.<\/span><\/p>\n<p style=\"text-align: justify;\"><span style=\"color: #000000;\">De acordo com ela, o sentimento e o trabalho s\u00e3o coletivos.<\/span><\/p>\n<p style=\"text-align: justify;\"><span style=\"color: #000000;\">A Secretaria de Desenvolvimento e Meio Ambiente informou que deve realizar novas atividades tamb\u00e9m junto a outras escolas municipais e que a equipe t\u00e9cnica se programa, sempre que poss\u00edvel, para atender \u00e0s demandas efetivas apresentadas pela comunidade.<\/span><\/p>\n<div id=\"attachment_22513\" class=\"wp-caption aligncenter\" style=\"text-align: justify;\"><span style=\"color: #000000;\"><img loading=\"lazy\" decoding=\"async\" class=\"wp-image-22513 size-large\" src=\"https:\/\/www.alagoinhas.ba.gov.br\/wp-content\/uploads\/2018\/10\/WhatsApp-Image-2018-10-09-at-18.07.43-1024x662.jpeg\" sizes=\"auto, (max-width: 800px) 100vw, 800px\" srcset=\"https:\/\/www.alagoinhas.ba.gov.br\/wp-content\/uploads\/2018\/10\/WhatsApp-Image-2018-10-09-at-18.07.43-1024x662.jpeg 1024w, https:\/\/www.alagoinhas.ba.gov.br\/wp-content\/uploads\/2018\/10\/WhatsApp-Image-2018-10-09-at-18.07.43-300x194.jpeg 300w, https:\/\/www.alagoinhas.ba.gov.br\/wp-content\/uploads\/2018\/10\/WhatsApp-Image-2018-10-09-at-18.07.43-768x496.jpeg 768w, https:\/\/www.alagoinhas.ba.gov.br\/wp-content\/uploads\/2018\/10\/WhatsApp-Image-2018-10-09-at-18.07.43.jpeg 1123w\" alt=\"\" width=\"800\" height=\"517\" \/><\/span><\/p>\n<p class=\"wp-caption-text\">\n<\/div>\n<div id=\"attachment_22514\" class=\"wp-caption aligncenter\" style=\"text-align: justify;\"><span style=\"color: #000000;\"><img loading=\"lazy\" decoding=\"async\" class=\"wp-image-22514 size-full\" src=\"https:\/\/www.alagoinhas.ba.gov.br\/wp-content\/uploads\/2018\/10\/unnamed-file.jpeg\" sizes=\"auto, (max-width: 663px) 100vw, 663px\" srcset=\"https:\/\/www.alagoinhas.ba.gov.br\/wp-content\/uploads\/2018\/10\/unnamed-file.jpeg 663w, https:\/\/www.alagoinhas.ba.gov.br\/wp-content\/uploads\/2018\/10\/unnamed-file-241x300.jpeg 241w\" alt=\"\" width=\"663\" height=\"827\" \/><\/span><\/div>\n<p class=\"wp-caption-text\" style=\"text-align: right;\">\n<h6 style=\"text-align: right;\"><span style=\"color: #999999;\">fonte:SECOM,SEDEA<\/span><\/h6>\n<div class='share-to-whatsapp-wrapper'><div class='share-on-whsp'>Share on: <\/div><a data-text='Prefeitura realiza a\u00e7\u00e3o de Educa\u00e7\u00e3o Ambiental na semana da crian\u00e7a' data-link='https:\/\/newsinfoco.com.br\/inicio\/prefeitura-realiza-acao-de-educacao-ambiental-na-semana-da-crianca\/' class='whatsapp-button whatsapp-share'>WhatsApp<\/a><div class='clear '><\/div><\/div>","protected":false},"excerpt":{"rendered":"<p>A Prefeitura, atrav\u00e9s da Secretaria de Desenvolvimento e Meio Ambiente (SEDEA) promoveu, nesta ter\u00e7a-feira (9), um trabalho de educa\u00e7\u00e3o ambiental para compor a programa\u00e7\u00e3o de atividades em virtude da semana da crian\u00e7a. Al\u00e9m das tradicionais brincadeiras e propostas de lazer na cidade, a Administra\u00e7\u00e3o Municipal aproveitou a data para aproximar os alunos da equipe t\u00e9cnica [&hellip;]<\/p>\n","protected":false},"author":1,"featured_media":10420,"comment_status":"open","ping_status":"open","sticky":false,"template":"","format":"standard","meta":{"om_disable_all_campaigns":false,"_exactmetrics_skip_tracking":false,"_exactmetrics_sitenote_active":false,"_exactmetrics_sitenote_note":"","_exactmetrics_sitenote_category":0,"footnotes":""},"categories":[38,30],"tags":[53,54,66],"class_list":["post-10419","post","type-post","status-publish","format-standard","has-post-thumbnail","hentry","category-alagoinhas-e-regiao","category-destaque","tag-alagoinhas","tag-prefeitura","tag-sedea"],"aioseo_notices":[],"_links":{"self":[{"href":"https:\/\/newsinfoco.com.br\/inicio\/wp-json\/wp\/v2\/posts\/10419","targetHints":{"allow":["GET"]}}],"collection":[{"href":"https:\/\/newsinfoco.com.br\/inicio\/wp-json\/wp\/v2\/posts"}],"about":[{"href":"https:\/\/newsinfoco.com.br\/inicio\/wp-json\/wp\/v2\/types\/post"}],"author":[{"embeddable":true,"href":"https:\/\/newsinfoco.com.br\/inicio\/wp-json\/wp\/v2\/users\/1"}],"replies":[{"embeddable":true,"href":"https:\/\/newsinfoco.com.br\/inicio\/wp-json\/wp\/v2\/comments?post=10419"}],"version-history":[{"count":0,"href":"https:\/\/newsinfoco.com.br\/inicio\/wp-json\/wp\/v2\/posts\/10419\/revisions"}],"wp:featuredmedia":[{"embeddable":true,"href":"https:\/\/newsinfoco.com.br\/inicio\/wp-json\/wp\/v2\/media\/10420"}],"wp:attachment":[{"href":"https:\/\/newsinfoco.com.br\/inicio\/wp-json\/wp\/v2\/media?parent=10419"}],"wp:term":[{"taxonomy":"category","embeddable":true,"href":"https:\/\/newsinfoco.com.br\/inicio\/wp-json\/wp\/v2\/categories?post=10419"},{"taxonomy":"post_tag","embeddable":true,"href":"https:\/\/newsinfoco.com.br\/inicio\/wp-json\/wp\/v2\/tags?post=10419"}],"curies":[{"name":"wp","href":"https:\/\/api.w.org\/{rel}","templated":true}]}}