{"id":10422,"date":"2018-10-10T22:28:23","date_gmt":"2018-10-11T01:28:23","guid":{"rendered":"http:\/\/newsinfoco.com.br\/?p=10422"},"modified":"2018-10-10T22:28:23","modified_gmt":"2018-10-11T01:28:23","slug":"movimento-inclusao-e-ludicidade-em-mais-uma-iniciativa-do-programa-mova-se-prefeitura-de-alagoinhas-promove-dinamicas-de-ensino-entre-alunos-da-rede-municipal","status":"publish","type":"post","link":"https:\/\/newsinfoco.com.br\/inicio\/movimento-inclusao-e-ludicidade-em-mais-uma-iniciativa-do-programa-mova-se-prefeitura-de-alagoinhas-promove-dinamicas-de-ensino-entre-alunos-da-rede-municipal\/","title":{"rendered":"Movimento, inclus\u00e3o e ludicidade: em mais uma iniciativa do programa \u201cMova-se\u201d, Prefeitura de Alagoinhas  promove din\u00e2micas de ensino entre alunos da rede municipal"},"content":{"rendered":"<p style=\"text-align: justify;\"><span style=\"color: #000000;\">A Prefeitura Municipal promoveu, nesta quarta-feira (10), mais uma iniciativa do programa \u201cMova-se\u201d, desenvolvido pela Secretaria de Cultura, Esporte e Turismo (SECET), e levou alunos da Escola Municipal Amando Alves de Azevedo para a quadra esportiva da Universidade do Estado da Bahia (UNEB).<\/span><\/p>\n<p style=\"text-align: justify;\"><span style=\"color: #000000;\">A proposta era apresentar, atrav\u00e9s de um circuito de atividades, n\u00e3o apenas movimentos corporais com a utiliza\u00e7\u00e3o de par\u00e2metros do esporte, mas tamb\u00e9m possibilidades de lazer, aprendizado e ludicidade no espa\u00e7o de ensino.<\/span><br \/>\n<span style=\"color: #000000;\">\u201c\u00c9 uma atividade diferente para eles, em um local que esses alunos n\u00e3o conheciam, ent\u00e3o \u00e9 uma experi\u00eancia \u00edmpar. Eles ficam ansiosos, depois v\u00e3o se soltando e os benef\u00edcios desse tipo de intera\u00e7\u00e3o s\u00e3o in\u00fameros\u201d, afirmou a professora Maria Beatriz Bastos, da Escola Amando Alves de Azevedo.<\/span><\/p><div class=\"newsi-conteudo_19\" id=\"newsi-943576317\"><a href=\"https:\/\/www.instagram.com\/prefeituraalagoinhas?igsh=YzgzdDJ1bWR3aWI4\" aria-label=\"SAVE_20251006_221555\"><img loading=\"lazy\" decoding=\"async\" src=\"https:\/\/newsinfoco.com.br\/inicio\/wp-content\/uploads\/2025\/10\/SAVE_20251006_221555-rotated.jpg\" alt=\"\"  srcset=\"https:\/\/newsinfoco.com.br\/inicio\/wp-content\/uploads\/2025\/10\/SAVE_20251006_221555-rotated.jpg 1140w, https:\/\/newsinfoco.com.br\/inicio\/wp-content\/uploads\/2025\/10\/SAVE_20251006_221555-300x52.jpg 300w, https:\/\/newsinfoco.com.br\/inicio\/wp-content\/uploads\/2025\/10\/SAVE_20251006_221555-1024x177.jpg 1024w, https:\/\/newsinfoco.com.br\/inicio\/wp-content\/uploads\/2025\/10\/SAVE_20251006_221555-768x133.jpg 768w, https:\/\/newsinfoco.com.br\/inicio\/wp-content\/uploads\/2025\/10\/SAVE_20251006_221555-600x104.jpg 600w, https:\/\/newsinfoco.com.br\/inicio\/wp-content\/uploads\/2025\/10\/SAVE_20251006_221555-696x120.jpg 696w, https:\/\/newsinfoco.com.br\/inicio\/wp-content\/uploads\/2025\/10\/SAVE_20251006_221555-1068x185.jpg 1068w\" sizes=\"(max-width: 1140px) 100vw, 1140px\" width=\"1140\" height=\"197\"   \/><\/a><\/div>\n<p style=\"text-align: justify;\"><span style=\"color: #000000;\">Para o idealizador e coordenador geral do programa, Luiz Claudio, a inten\u00e7\u00e3o \u00e9 justamente aproximar os alunos, os professores e a comunidade para novas possibilidades dentro do objetivo geral de promo\u00e7\u00e3o \u00e0 sa\u00fade, democratizando o acesso ao lazer e ao esporte na cidade.<\/span><\/p>\n<p style=\"text-align: justify;\"><span style=\"color: #000000;\">\u201cO intuito \u00e9 trazer qualidade de vida, permitir viv\u00eancias, compartilhar, fomentar novas pr\u00e1ticas, mas tamb\u00e9m envolver. Tirar essas crian\u00e7as das escolas e traz\u00ea-las para o ambiente da universidade que at\u00e9 ent\u00e3o desconheciam para propor atividades j\u00e1 \u00e9, desde a sa\u00edda deles da unidade escolar, um lazer. E tem tamb\u00e9m esse contato, as orienta\u00e7\u00f5es dos monitores, a conversa, para que esses alunos saibam que eles tamb\u00e9m podem entrar futuramente aqui na universidade, ocupando outros espa\u00e7os\u201d, ressaltou Luiz Claudio.<\/span><\/p>\n<p style=\"text-align: justify;\"><span style=\"color: #000000;\">Segundo ele, a iniciativa n\u00e3o \u00e9 pontual. Al\u00e9m do trabalho iniciado com crian\u00e7as, outros 4 eixos visam contemplar a comunidade como um todo com as pr\u00e1ticas gratuitas de promo\u00e7\u00e3o \u00e0 sa\u00fade, preven\u00e7\u00e3o e conv\u00edvio social.<\/span><\/p>\n<p style=\"text-align: justify;\"><span style=\"color: #000000;\">No total, as a\u00e7\u00f5es do programa se dividem em 5 segmentos principais, a saber: Esporte e Lazer Especial (PROELE), Mais Vida aos Anos para idosos institucionalizados (PROMVIA), Movimenta Alagoinhas (PROMOVA), Mais Vida aos Anos para idosos n\u00e3o-institucionalizados e Esporte e Sa\u00fade para uma Vida Saud\u00e1vel e Cidad\u00e3 (PROEVISC).<\/span><\/p>\n<p style=\"text-align: justify;\"><span style=\"color: #000000;\">Para a realiza\u00e7\u00e3o das a\u00e7\u00f5es nos 5 eixos tem\u00e1ticos, a secretaria conta com 30 envolvidos, entre professores e estudantes. O apoio \u00e9 de docentes e alunos da Universidade do Estado da Bahia (UNEB), que atuam como monitores do programa.<\/span><\/p>\n<p style=\"text-align: justify;\"><span style=\"color: #000000;\">Na proposta desta quarta-feira, cerca de 15 crian\u00e7as com idade entre 4 e 5 anos do turno vespertino participaram das atividades, que devem ser estendidas tamb\u00e9m a outras unidades da rede municipal, segundo a SECET.<\/span><\/p>\n<p style=\"text-align: justify;\"><span style=\"color: #000000;\">\u201cTrabalhamos lateralidade, agilidade, equil\u00edbrio, coordena\u00e7\u00e3o motora, justamente para incentivar o desenvolvimento motor, estimulando capacidades cognitivas e contribuindo para a autonomia da crian\u00e7a\u201d, explicou o monitor Leandro Nascimento de Jesus, da UNEB.<\/span><\/p>\n<p style=\"text-align: justify;\"><span style=\"color: #000000;\">J\u00e1 est\u00e3o marcadas, de acordo com os organizadores e participantes do \u201cMova-se\u201d, novas atividades com alunos de outras unidades de ensino de Alagoinhas e a escolha das escolas contempladas se deu, segundo a SECET, de forma democr\u00e1tica, com a submiss\u00e3o de question\u00e1rio para manifesta\u00e7\u00e3o de interesse a todas as unidades via Secretaria de Educa\u00e7\u00e3o.<\/span><\/p>\n<p style=\"text-align: justify;\"><span style=\"color: #000000;\">Tamb\u00e9m est\u00e3o sendo realizadas, concomitantemente, a\u00e7\u00f5es de outros eixos, com idosos, jovens e servidores municipais.<\/span><\/p>\n<p style=\"text-align: justify;\"><span style=\"color: #000000;\">A previs\u00e3o \u00e9 de que as atividades cheguem aos bairros e comunidades, com propostas de zumba, yoga, tai chi chuan e alongamento gratuitos oferecidos semanalmente pelo programa.<\/span><\/p>\n<p style=\"text-align: justify;\"><span style=\"color: #000000;\"><img loading=\"lazy\" decoding=\"async\" class=\"aligncenter size-large wp-image-22518\" src=\"https:\/\/www.alagoinhas.ba.gov.br\/wp-content\/uploads\/2018\/10\/WhatsApp-Image-2018-10-10-at-16.19.43-1024x768.jpeg\" sizes=\"auto, (max-width: 800px) 100vw, 800px\" srcset=\"https:\/\/www.alagoinhas.ba.gov.br\/wp-content\/uploads\/2018\/10\/WhatsApp-Image-2018-10-10-at-16.19.43-1024x768.jpeg 1024w, https:\/\/www.alagoinhas.ba.gov.br\/wp-content\/uploads\/2018\/10\/WhatsApp-Image-2018-10-10-at-16.19.43-300x225.jpeg 300w, https:\/\/www.alagoinhas.ba.gov.br\/wp-content\/uploads\/2018\/10\/WhatsApp-Image-2018-10-10-at-16.19.43-768x576.jpeg 768w, https:\/\/www.alagoinhas.ba.gov.br\/wp-content\/uploads\/2018\/10\/WhatsApp-Image-2018-10-10-at-16.19.43.jpeg 1280w\" alt=\"\" width=\"800\" height=\"600\" \/><\/span><\/p>\n<h6 style=\"text-align: right;\"><span style=\"color: #999999;\">fonte:SECOM,SECET<\/span><\/h6>\n<div class='share-to-whatsapp-wrapper'><div class='share-on-whsp'>Share on: <\/div><a data-text='Movimento, inclus\u00e3o e ludicidade: em mais uma iniciativa do programa \u201cMova-se\u201d, Prefeitura de Alagoinhas  promove din\u00e2micas de ensino entre alunos da rede municipal' data-link='https:\/\/newsinfoco.com.br\/inicio\/movimento-inclusao-e-ludicidade-em-mais-uma-iniciativa-do-programa-mova-se-prefeitura-de-alagoinhas-promove-dinamicas-de-ensino-entre-alunos-da-rede-municipal\/' class='whatsapp-button whatsapp-share'>WhatsApp<\/a><div class='clear '><\/div><\/div>","protected":false},"excerpt":{"rendered":"<p>A Prefeitura Municipal promoveu, nesta quarta-feira (10), mais uma iniciativa do programa \u201cMova-se\u201d, desenvolvido pela Secretaria de Cultura, Esporte e Turismo (SECET), e levou alunos da Escola Municipal Amando Alves de Azevedo para a quadra esportiva da Universidade do Estado da Bahia (UNEB). A proposta era apresentar, atrav\u00e9s de um circuito de atividades, n\u00e3o apenas [&hellip;]<\/p>\n","protected":false},"author":1,"featured_media":10423,"comment_status":"open","ping_status":"open","sticky":false,"template":"","format":"standard","meta":{"om_disable_all_campaigns":false,"_exactmetrics_skip_tracking":false,"_exactmetrics_sitenote_active":false,"_exactmetrics_sitenote_note":"","_exactmetrics_sitenote_category":0,"footnotes":""},"categories":[38,30],"tags":[53,54,67],"class_list":["post-10422","post","type-post","status-publish","format-standard","has-post-thumbnail","hentry","category-alagoinhas-e-regiao","category-destaque","tag-alagoinhas","tag-prefeitura","tag-secet"],"aioseo_notices":[],"_links":{"self":[{"href":"https:\/\/newsinfoco.com.br\/inicio\/wp-json\/wp\/v2\/posts\/10422","targetHints":{"allow":["GET"]}}],"collection":[{"href":"https:\/\/newsinfoco.com.br\/inicio\/wp-json\/wp\/v2\/posts"}],"about":[{"href":"https:\/\/newsinfoco.com.br\/inicio\/wp-json\/wp\/v2\/types\/post"}],"author":[{"embeddable":true,"href":"https:\/\/newsinfoco.com.br\/inicio\/wp-json\/wp\/v2\/users\/1"}],"replies":[{"embeddable":true,"href":"https:\/\/newsinfoco.com.br\/inicio\/wp-json\/wp\/v2\/comments?post=10422"}],"version-history":[{"count":0,"href":"https:\/\/newsinfoco.com.br\/inicio\/wp-json\/wp\/v2\/posts\/10422\/revisions"}],"wp:featuredmedia":[{"embeddable":true,"href":"https:\/\/newsinfoco.com.br\/inicio\/wp-json\/wp\/v2\/media\/10423"}],"wp:attachment":[{"href":"https:\/\/newsinfoco.com.br\/inicio\/wp-json\/wp\/v2\/media?parent=10422"}],"wp:term":[{"taxonomy":"category","embeddable":true,"href":"https:\/\/newsinfoco.com.br\/inicio\/wp-json\/wp\/v2\/categories?post=10422"},{"taxonomy":"post_tag","embeddable":true,"href":"https:\/\/newsinfoco.com.br\/inicio\/wp-json\/wp\/v2\/tags?post=10422"}],"curies":[{"name":"wp","href":"https:\/\/api.w.org\/{rel}","templated":true}]}}