{"id":10425,"date":"2018-10-10T22:32:26","date_gmt":"2018-10-11T01:32:26","guid":{"rendered":"http:\/\/newsinfoco.com.br\/?p=10425"},"modified":"2018-10-10T22:32:26","modified_gmt":"2018-10-11T01:32:26","slug":"programacao-do-dia-das-criancas-e-iniciada-com-festa-na-baixa-da-candeia-em-alagoinhas","status":"publish","type":"post","link":"https:\/\/newsinfoco.com.br\/inicio\/programacao-do-dia-das-criancas-e-iniciada-com-festa-na-baixa-da-candeia-em-alagoinhas\/","title":{"rendered":"Programa\u00e7\u00e3o do Dia das Crian\u00e7as \u00e9 iniciada com festa na Baixa da Candeia em Alagoinhas"},"content":{"rendered":"<p style=\"text-align: justify;\"><span style=\"color: #000000;\"><img loading=\"lazy\" decoding=\"async\" class=\"wp-image-22525\" src=\"https:\/\/www.alagoinhas.ba.gov.br\/wp-content\/uploads\/2018\/10\/da8175e9-0387-4c68-8830-fd895a27c959-C%C3%B3pia-1024x732.jpg\" sizes=\"auto, (max-width: 443px) 100vw, 443px\" srcset=\"https:\/\/www.alagoinhas.ba.gov.br\/wp-content\/uploads\/2018\/10\/da8175e9-0387-4c68-8830-fd895a27c959-C\u00f3pia-1024x732.jpg 1024w, https:\/\/www.alagoinhas.ba.gov.br\/wp-content\/uploads\/2018\/10\/da8175e9-0387-4c68-8830-fd895a27c959-C\u00f3pia-300x214.jpg 300w, https:\/\/www.alagoinhas.ba.gov.br\/wp-content\/uploads\/2018\/10\/da8175e9-0387-4c68-8830-fd895a27c959-C\u00f3pia-768x549.jpg 768w, https:\/\/www.alagoinhas.ba.gov.br\/wp-content\/uploads\/2018\/10\/da8175e9-0387-4c68-8830-fd895a27c959-C\u00f3pia-120x85.jpg 120w, https:\/\/www.alagoinhas.ba.gov.br\/wp-content\/uploads\/2018\/10\/da8175e9-0387-4c68-8830-fd895a27c959-C\u00f3pia.jpg 1240w\" alt=\"\" width=\"443\" height=\"317\" \/><\/span><\/p>\n<p style=\"text-align: justify;\"><span style=\"color: #000000;\">O Dia das Crian\u00e7as \u00e9 comemorado somente na pr\u00f3xima sexta-feira , 12 de outubro , mas a prefeitura municipal, por meio da Secretaria de Assist\u00eancia Social (SEMAS) j\u00e1 come\u00e7ou as comemora\u00e7\u00f5es nesta quarta-feira (10), com uma grande festa na quadra poliesportiva do bairro Baixa da Candeia.<\/span><\/p>\n<p style=\"text-align: justify;\"><span style=\"color: #000000;\"><img loading=\"lazy\" decoding=\"async\" class=\"aligncenter wp-image-22522\" src=\"https:\/\/www.alagoinhas.ba.gov.br\/wp-content\/uploads\/2018\/10\/00a3f547-b973-4135-b7fa-f9f75a48db97-C%C3%B3pia-1024x732.jpg\" sizes=\"auto, (max-width: 425px) 100vw, 425px\" srcset=\"https:\/\/www.alagoinhas.ba.gov.br\/wp-content\/uploads\/2018\/10\/00a3f547-b973-4135-b7fa-f9f75a48db97-C\u00f3pia-1024x732.jpg 1024w, https:\/\/www.alagoinhas.ba.gov.br\/wp-content\/uploads\/2018\/10\/00a3f547-b973-4135-b7fa-f9f75a48db97-C\u00f3pia-300x214.jpg 300w, https:\/\/www.alagoinhas.ba.gov.br\/wp-content\/uploads\/2018\/10\/00a3f547-b973-4135-b7fa-f9f75a48db97-C\u00f3pia-768x549.jpg 768w, https:\/\/www.alagoinhas.ba.gov.br\/wp-content\/uploads\/2018\/10\/00a3f547-b973-4135-b7fa-f9f75a48db97-C\u00f3pia-120x85.jpg 120w, https:\/\/www.alagoinhas.ba.gov.br\/wp-content\/uploads\/2018\/10\/00a3f547-b973-4135-b7fa-f9f75a48db97-C\u00f3pia.jpg 1240w\" alt=\"\" width=\"425\" height=\"304\" \/><\/span><\/p>\n<p style=\"text-align: justify;\"><span style=\"color: #000000;\">Durante toda a manh\u00e3, mais de 200 crian\u00e7as brincaram, cantaram, dan\u00e7aram e participaram de jogos recreativos. A parte mais gostosa ficou por conta dos doces, pipoca, algod\u00e3o doce, picol\u00e9, lanche e a distribui\u00e7\u00e3o de brinquedos.<\/span><\/p><div class=\"newsi-conteudo_19\" id=\"newsi-1232189608\"><a href=\"https:\/\/www.instagram.com\/prefeituraalagoinhas?igsh=YzgzdDJ1bWR3aWI4\" aria-label=\"SAVE_20251006_221555\"><img loading=\"lazy\" decoding=\"async\" src=\"https:\/\/newsinfoco.com.br\/inicio\/wp-content\/uploads\/2025\/10\/SAVE_20251006_221555-rotated.jpg\" alt=\"\"  srcset=\"https:\/\/newsinfoco.com.br\/inicio\/wp-content\/uploads\/2025\/10\/SAVE_20251006_221555-rotated.jpg 1140w, https:\/\/newsinfoco.com.br\/inicio\/wp-content\/uploads\/2025\/10\/SAVE_20251006_221555-300x52.jpg 300w, https:\/\/newsinfoco.com.br\/inicio\/wp-content\/uploads\/2025\/10\/SAVE_20251006_221555-1024x177.jpg 1024w, https:\/\/newsinfoco.com.br\/inicio\/wp-content\/uploads\/2025\/10\/SAVE_20251006_221555-768x133.jpg 768w, https:\/\/newsinfoco.com.br\/inicio\/wp-content\/uploads\/2025\/10\/SAVE_20251006_221555-600x104.jpg 600w, https:\/\/newsinfoco.com.br\/inicio\/wp-content\/uploads\/2025\/10\/SAVE_20251006_221555-696x120.jpg 696w, https:\/\/newsinfoco.com.br\/inicio\/wp-content\/uploads\/2025\/10\/SAVE_20251006_221555-1068x185.jpg 1068w\" sizes=\"(max-width: 1140px) 100vw, 1140px\" width=\"1140\" height=\"197\"   \/><\/a><\/div>\n<p style=\"text-align: justify;\"><span style=\"color: #000000;\"><img loading=\"lazy\" decoding=\"async\" class=\"aligncenter wp-image-22526\" src=\"https:\/\/www.alagoinhas.ba.gov.br\/wp-content\/uploads\/2018\/10\/ebe14787-4647-45f7-802b-365f0c7cbb31-C%C3%B3pia-1024x732.jpg\" sizes=\"auto, (max-width: 420px) 100vw, 420px\" srcset=\"https:\/\/www.alagoinhas.ba.gov.br\/wp-content\/uploads\/2018\/10\/ebe14787-4647-45f7-802b-365f0c7cbb31-C\u00f3pia-1024x732.jpg 1024w, https:\/\/www.alagoinhas.ba.gov.br\/wp-content\/uploads\/2018\/10\/ebe14787-4647-45f7-802b-365f0c7cbb31-C\u00f3pia-300x214.jpg 300w, https:\/\/www.alagoinhas.ba.gov.br\/wp-content\/uploads\/2018\/10\/ebe14787-4647-45f7-802b-365f0c7cbb31-C\u00f3pia-768x549.jpg 768w, https:\/\/www.alagoinhas.ba.gov.br\/wp-content\/uploads\/2018\/10\/ebe14787-4647-45f7-802b-365f0c7cbb31-C\u00f3pia-120x85.jpg 120w, https:\/\/www.alagoinhas.ba.gov.br\/wp-content\/uploads\/2018\/10\/ebe14787-4647-45f7-802b-365f0c7cbb31-C\u00f3pia.jpg 1240w\" alt=\"\" width=\"420\" height=\"300\" \/><\/span><\/p>\n<p style=\"text-align: justify;\"><span style=\"color: #000000;\">Presente no evento, o secret\u00e1rio de Assist\u00eancia Social , Alfredo Menezes, destacou as a\u00e7\u00f5es da secretaria voltada para as crian\u00e7as. \u201cHoje \u00e9 um dia de festa, que faz parte da programa\u00e7\u00e3o especial que preparamos para elas. Temos muita satisfa\u00e7\u00e3o em proporcionar esta alegria, mas a satisfa\u00e7\u00e3o \u00e9 ainda maior em saber que o trabalho com as crian\u00e7as do munic\u00edpio esta evoluindo, seja nos CRAS, na execu\u00e7\u00e3o dos programas sociais, a exemplo do\u00a0Crian\u00e7a Feliz no munic\u00edpio, que foi super elogiado em uma visita da Unesco, ou nos repasses \u00e0s institui\u00e7\u00f5es\u201d, frisa o secret\u00e1rio.<img loading=\"lazy\" decoding=\"async\" class=\"aligncenter wp-image-22523\" src=\"https:\/\/www.alagoinhas.ba.gov.br\/wp-content\/uploads\/2018\/10\/41a047e7-1250-4c32-9672-291dd64c07ab-C%C3%B3pia-1024x732.jpg\" sizes=\"auto, (max-width: 430px) 100vw, 430px\" srcset=\"https:\/\/www.alagoinhas.ba.gov.br\/wp-content\/uploads\/2018\/10\/41a047e7-1250-4c32-9672-291dd64c07ab-C\u00f3pia-1024x732.jpg 1024w, https:\/\/www.alagoinhas.ba.gov.br\/wp-content\/uploads\/2018\/10\/41a047e7-1250-4c32-9672-291dd64c07ab-C\u00f3pia-300x214.jpg 300w, https:\/\/www.alagoinhas.ba.gov.br\/wp-content\/uploads\/2018\/10\/41a047e7-1250-4c32-9672-291dd64c07ab-C\u00f3pia-768x549.jpg 768w, https:\/\/www.alagoinhas.ba.gov.br\/wp-content\/uploads\/2018\/10\/41a047e7-1250-4c32-9672-291dd64c07ab-C\u00f3pia-120x85.jpg 120w, https:\/\/www.alagoinhas.ba.gov.br\/wp-content\/uploads\/2018\/10\/41a047e7-1250-4c32-9672-291dd64c07ab-C\u00f3pia.jpg 1240w\" alt=\"\" width=\"430\" height=\"307\" \/>As atividades alusivas ao Dia das crian\u00e7as seguem at\u00e9 o dia 19 de outubro , trazendo muita alegria e divers\u00e3o para as crian\u00e7as do Mangal\u00f4 e dos Cras de Nova Bras\u00edlia, Boa Uni\u00e3o., Riacho da Guia e Pra\u00e7a do C\u00e9u.<\/span><\/p>\n<h6 style=\"text-align: right;\"><span style=\"color: #999999;\">fonte:SECOM,SEMAS<\/span><\/h6>\n<div class='share-to-whatsapp-wrapper'><div class='share-on-whsp'>Share on: <\/div><a data-text='Programa\u00e7\u00e3o do Dia das Crian\u00e7as \u00e9 iniciada com festa na Baixa da Candeia em Alagoinhas' data-link='https:\/\/newsinfoco.com.br\/inicio\/programacao-do-dia-das-criancas-e-iniciada-com-festa-na-baixa-da-candeia-em-alagoinhas\/' class='whatsapp-button whatsapp-share'>WhatsApp<\/a><div class='clear '><\/div><\/div>","protected":false},"excerpt":{"rendered":"<p>O Dia das Crian\u00e7as \u00e9 comemorado somente na pr\u00f3xima sexta-feira , 12 de outubro , mas a prefeitura municipal, por meio da Secretaria de Assist\u00eancia Social (SEMAS) j\u00e1 come\u00e7ou as comemora\u00e7\u00f5es nesta quarta-feira (10), com uma grande festa na quadra poliesportiva do bairro Baixa da Candeia. Durante toda a manh\u00e3, mais de 200 crian\u00e7as brincaram, [&hellip;]<\/p>\n","protected":false},"author":1,"featured_media":10426,"comment_status":"open","ping_status":"open","sticky":false,"template":"","format":"standard","meta":{"om_disable_all_campaigns":false,"_exactmetrics_skip_tracking":false,"_exactmetrics_sitenote_active":false,"_exactmetrics_sitenote_note":"","_exactmetrics_sitenote_category":0,"footnotes":""},"categories":[38,30],"tags":[53,54,59],"class_list":["post-10425","post","type-post","status-publish","format-standard","has-post-thumbnail","hentry","category-alagoinhas-e-regiao","category-destaque","tag-alagoinhas","tag-prefeitura","tag-semas"],"aioseo_notices":[],"_links":{"self":[{"href":"https:\/\/newsinfoco.com.br\/inicio\/wp-json\/wp\/v2\/posts\/10425","targetHints":{"allow":["GET"]}}],"collection":[{"href":"https:\/\/newsinfoco.com.br\/inicio\/wp-json\/wp\/v2\/posts"}],"about":[{"href":"https:\/\/newsinfoco.com.br\/inicio\/wp-json\/wp\/v2\/types\/post"}],"author":[{"embeddable":true,"href":"https:\/\/newsinfoco.com.br\/inicio\/wp-json\/wp\/v2\/users\/1"}],"replies":[{"embeddable":true,"href":"https:\/\/newsinfoco.com.br\/inicio\/wp-json\/wp\/v2\/comments?post=10425"}],"version-history":[{"count":0,"href":"https:\/\/newsinfoco.com.br\/inicio\/wp-json\/wp\/v2\/posts\/10425\/revisions"}],"wp:featuredmedia":[{"embeddable":true,"href":"https:\/\/newsinfoco.com.br\/inicio\/wp-json\/wp\/v2\/media\/10426"}],"wp:attachment":[{"href":"https:\/\/newsinfoco.com.br\/inicio\/wp-json\/wp\/v2\/media?parent=10425"}],"wp:term":[{"taxonomy":"category","embeddable":true,"href":"https:\/\/newsinfoco.com.br\/inicio\/wp-json\/wp\/v2\/categories?post=10425"},{"taxonomy":"post_tag","embeddable":true,"href":"https:\/\/newsinfoco.com.br\/inicio\/wp-json\/wp\/v2\/tags?post=10425"}],"curies":[{"name":"wp","href":"https:\/\/api.w.org\/{rel}","templated":true}]}}