{"id":10428,"date":"2018-10-10T22:37:33","date_gmt":"2018-10-11T01:37:33","guid":{"rendered":"http:\/\/newsinfoco.com.br\/?p=10428"},"modified":"2018-10-10T22:37:33","modified_gmt":"2018-10-11T01:37:33","slug":"dia-nacional-da-guarda-civil-e-comemorado-com-acao-social-na-praca-rui-barbosa-em-alagoinhas","status":"publish","type":"post","link":"https:\/\/newsinfoco.com.br\/inicio\/dia-nacional-da-guarda-civil-e-comemorado-com-acao-social-na-praca-rui-barbosa-em-alagoinhas\/","title":{"rendered":"Dia Nacional da Guarda Civil \u00e9 comemorado com a\u00e7\u00e3o social na Pra\u00e7a Rui Barbosa em Alagoinhas"},"content":{"rendered":"<p style=\"text-align: justify;\"><span style=\"color: #000000;\"><img loading=\"lazy\" decoding=\"async\" class=\"wp-image-22530 aligncenter\" src=\"https:\/\/www.alagoinhas.ba.gov.br\/wp-content\/uploads\/2018\/10\/28490447-cce6-4376-a354-8fcbeb82bc34-1-1024x732.jpg\" sizes=\"auto, (max-width: 479px) 100vw, 479px\" srcset=\"https:\/\/www.alagoinhas.ba.gov.br\/wp-content\/uploads\/2018\/10\/28490447-cce6-4376-a354-8fcbeb82bc34-1-1024x732.jpg 1024w, https:\/\/www.alagoinhas.ba.gov.br\/wp-content\/uploads\/2018\/10\/28490447-cce6-4376-a354-8fcbeb82bc34-1-300x214.jpg 300w, https:\/\/www.alagoinhas.ba.gov.br\/wp-content\/uploads\/2018\/10\/28490447-cce6-4376-a354-8fcbeb82bc34-1-768x549.jpg 768w, https:\/\/www.alagoinhas.ba.gov.br\/wp-content\/uploads\/2018\/10\/28490447-cce6-4376-a354-8fcbeb82bc34-1-120x85.jpg 120w, https:\/\/www.alagoinhas.ba.gov.br\/wp-content\/uploads\/2018\/10\/28490447-cce6-4376-a354-8fcbeb82bc34-1.jpg 1240w\" alt=\"\" width=\"479\" height=\"343\" \/><\/span><\/p>\n<p style=\"text-align: justify;\"><span style=\"color: #000000;\">Comemorado nesta quarta-feira, 10 de outubro, o Dia Nacional da Guarda Civil foi marcado por a\u00e7\u00f5es de cuidados com a Sa\u00fade e exposi\u00e7\u00e3o do trabalho que a corpora\u00e7\u00e3o desenvolve no munic\u00edpio. Em parceria com o \u00a0Centro Tecnol\u00f3gico de Aprendizagem Senhora Santana\u00a0(Cetass), durante toda a manh\u00e3, em estandes montados na Pra\u00e7a Rui Barbosa, foram oferecidos servi\u00e7os de aferi\u00e7\u00e3o de press\u00e3o arterial e de glicemia, oportunidade em que os agentes puderam conversar com a popula\u00e7\u00e3o sobre as atividades da Guarda.<\/span><\/p>\n<p style=\"text-align: justify;\"><span style=\"color: #000000;\">Em Alagoinhas s\u00e3o 154 agentes que trabalham na prote\u00e7\u00e3o do patrim\u00f4nio p\u00fablico, media\u00e7\u00e3o de conflitos e a\u00e7\u00f5es preventivas.\u00a0A corpora\u00e7\u00e3o tamb\u00e9m complementa o trabalho feito pelos \u00f3rg\u00e3os respons\u00e1veis pela seguran\u00e7a p\u00fablica, apoiando as atividades de natureza policial quando necess\u00e1rio, atendendo ocorr\u00eancias, orientando, advertindo ou prendendo em flagrante se for o caso.<\/span><\/p><div class=\"newsi-conteudo_19\" id=\"newsi-1170270530\"><a href=\"https:\/\/www.instagram.com\/prefeituraalagoinhas?igsh=YzgzdDJ1bWR3aWI4\" aria-label=\"SAVE_20251006_221555\"><img loading=\"lazy\" decoding=\"async\" src=\"https:\/\/newsinfoco.com.br\/inicio\/wp-content\/uploads\/2025\/10\/SAVE_20251006_221555-rotated.jpg\" alt=\"\"  srcset=\"https:\/\/newsinfoco.com.br\/inicio\/wp-content\/uploads\/2025\/10\/SAVE_20251006_221555-rotated.jpg 1140w, https:\/\/newsinfoco.com.br\/inicio\/wp-content\/uploads\/2025\/10\/SAVE_20251006_221555-300x52.jpg 300w, https:\/\/newsinfoco.com.br\/inicio\/wp-content\/uploads\/2025\/10\/SAVE_20251006_221555-1024x177.jpg 1024w, https:\/\/newsinfoco.com.br\/inicio\/wp-content\/uploads\/2025\/10\/SAVE_20251006_221555-768x133.jpg 768w, https:\/\/newsinfoco.com.br\/inicio\/wp-content\/uploads\/2025\/10\/SAVE_20251006_221555-600x104.jpg 600w, https:\/\/newsinfoco.com.br\/inicio\/wp-content\/uploads\/2025\/10\/SAVE_20251006_221555-696x120.jpg 696w, https:\/\/newsinfoco.com.br\/inicio\/wp-content\/uploads\/2025\/10\/SAVE_20251006_221555-1068x185.jpg 1068w\" sizes=\"(max-width: 1140px) 100vw, 1140px\" width=\"1140\" height=\"197\"   \/><\/a><\/div>\n<p style=\"text-align: justify;\"><span style=\"color: #000000;\">Desde que assumiu a prefeitura, a \u00a0atual gest\u00e3o vem construindo um legado de valoriza\u00e7\u00e3o da corpora\u00e7\u00e3o. Entre os principais pontos podem ser destacados: a cria\u00e7\u00e3o da Ronda Escolar, da Patrulha Maria da Penha, investimentos em cursos e treinamentos, aquisi\u00e7\u00e3o de kits de armas n\u00e3o letais, cursos de adequa\u00e7\u00e3o para uso de arma de fogo para agentes do \u00a0grupamento m\u00f3vel, bem como a realiza\u00e7\u00e3o de a\u00e7\u00f5es l\u00fadicas e educativas.<\/span><\/p>\n<p style=\"text-align: justify;\"><span style=\"color: #000000;\">Para a comandante da Guarda Civil, Renata Fortaleza, a data \u00e9 muito importante para o pa\u00eds e Alagoinhas tem muito a celebrar. \u201cA Guarda Municipal \u00e9 uma institui\u00e7\u00e3o que evolui a cada dia em todo o pa\u00eds e que tem tido de grande relev\u00e2ncia no contexto da seguran\u00e7a p\u00fablica. Estamos no dia a dia da popula\u00e7\u00e3o, atuando em diversas frentes com v\u00e1rias subdivis\u00f5es que se dedicam \u00e0 constru\u00e7\u00e3o de uma cidade mais segura e ordenada\u201d, afirma a comandante.<\/span><\/p>\n<p style=\"text-align: justify;\"><span style=\"color: #000000;\"><img loading=\"lazy\" decoding=\"async\" class=\"aligncenter wp-image-22528\" src=\"https:\/\/www.alagoinhas.ba.gov.br\/wp-content\/uploads\/2018\/10\/9adc5300-d10a-45ee-9db4-6312369c35e3-1024x732.jpg\" sizes=\"auto, (max-width: 445px) 100vw, 445px\" srcset=\"https:\/\/www.alagoinhas.ba.gov.br\/wp-content\/uploads\/2018\/10\/9adc5300-d10a-45ee-9db4-6312369c35e3-1024x732.jpg 1024w, https:\/\/www.alagoinhas.ba.gov.br\/wp-content\/uploads\/2018\/10\/9adc5300-d10a-45ee-9db4-6312369c35e3-300x214.jpg 300w, https:\/\/www.alagoinhas.ba.gov.br\/wp-content\/uploads\/2018\/10\/9adc5300-d10a-45ee-9db4-6312369c35e3-768x549.jpg 768w, https:\/\/www.alagoinhas.ba.gov.br\/wp-content\/uploads\/2018\/10\/9adc5300-d10a-45ee-9db4-6312369c35e3-120x85.jpg 120w, https:\/\/www.alagoinhas.ba.gov.br\/wp-content\/uploads\/2018\/10\/9adc5300-d10a-45ee-9db4-6312369c35e3.jpg 1240w\" alt=\"\" width=\"445\" height=\"318\" \/><\/span><\/p>\n<h6 style=\"text-align: right;\"><span style=\"color: #999999;\">fonte:SECOM<\/span><\/h6>\n<div class='share-to-whatsapp-wrapper'><div class='share-on-whsp'>Share on: <\/div><a data-text='Dia Nacional da Guarda Civil \u00e9 comemorado com a\u00e7\u00e3o social na Pra\u00e7a Rui Barbosa em Alagoinhas' data-link='https:\/\/newsinfoco.com.br\/inicio\/dia-nacional-da-guarda-civil-e-comemorado-com-acao-social-na-praca-rui-barbosa-em-alagoinhas\/' class='whatsapp-button whatsapp-share'>WhatsApp<\/a><div class='clear '><\/div><\/div>","protected":false},"excerpt":{"rendered":"<p>Comemorado nesta quarta-feira, 10 de outubro, o Dia Nacional da Guarda Civil foi marcado por a\u00e7\u00f5es de cuidados com a Sa\u00fade e exposi\u00e7\u00e3o do trabalho que a corpora\u00e7\u00e3o desenvolve no munic\u00edpio. Em parceria com o \u00a0Centro Tecnol\u00f3gico de Aprendizagem Senhora Santana\u00a0(Cetass), durante toda a manh\u00e3, em estandes montados na Pra\u00e7a Rui Barbosa, foram oferecidos servi\u00e7os [&hellip;]<\/p>\n","protected":false},"author":1,"featured_media":10429,"comment_status":"open","ping_status":"open","sticky":false,"template":"","format":"standard","meta":{"om_disable_all_campaigns":false,"_exactmetrics_skip_tracking":false,"_exactmetrics_sitenote_active":false,"_exactmetrics_sitenote_note":"","_exactmetrics_sitenote_category":0,"footnotes":""},"categories":[38,30],"tags":[53,54,56],"class_list":["post-10428","post","type-post","status-publish","format-standard","has-post-thumbnail","hentry","category-alagoinhas-e-regiao","category-destaque","tag-alagoinhas","tag-prefeitura","tag-secom"],"aioseo_notices":[],"_links":{"self":[{"href":"https:\/\/newsinfoco.com.br\/inicio\/wp-json\/wp\/v2\/posts\/10428","targetHints":{"allow":["GET"]}}],"collection":[{"href":"https:\/\/newsinfoco.com.br\/inicio\/wp-json\/wp\/v2\/posts"}],"about":[{"href":"https:\/\/newsinfoco.com.br\/inicio\/wp-json\/wp\/v2\/types\/post"}],"author":[{"embeddable":true,"href":"https:\/\/newsinfoco.com.br\/inicio\/wp-json\/wp\/v2\/users\/1"}],"replies":[{"embeddable":true,"href":"https:\/\/newsinfoco.com.br\/inicio\/wp-json\/wp\/v2\/comments?post=10428"}],"version-history":[{"count":0,"href":"https:\/\/newsinfoco.com.br\/inicio\/wp-json\/wp\/v2\/posts\/10428\/revisions"}],"wp:featuredmedia":[{"embeddable":true,"href":"https:\/\/newsinfoco.com.br\/inicio\/wp-json\/wp\/v2\/media\/10429"}],"wp:attachment":[{"href":"https:\/\/newsinfoco.com.br\/inicio\/wp-json\/wp\/v2\/media?parent=10428"}],"wp:term":[{"taxonomy":"category","embeddable":true,"href":"https:\/\/newsinfoco.com.br\/inicio\/wp-json\/wp\/v2\/categories?post=10428"},{"taxonomy":"post_tag","embeddable":true,"href":"https:\/\/newsinfoco.com.br\/inicio\/wp-json\/wp\/v2\/tags?post=10428"}],"curies":[{"name":"wp","href":"https:\/\/api.w.org\/{rel}","templated":true}]}}