{"id":10442,"date":"2018-10-11T08:38:32","date_gmt":"2018-10-11T11:38:32","guid":{"rendered":"http:\/\/newsinfoco.com.br\/?p=10442"},"modified":"2018-10-11T08:38:32","modified_gmt":"2018-10-11T11:38:32","slug":"candidatos-montam-seus-times-no-2o-turno","status":"publish","type":"post","link":"https:\/\/newsinfoco.com.br\/inicio\/candidatos-montam-seus-times-no-2o-turno\/","title":{"rendered":"Candidatos montam seus times no 2\u00ba turno"},"content":{"rendered":"<p style=\"text-align: justify;\">Enquanto o candidato do PT \u00e0 Presid\u00eancia, Fernando Haddad, reformula sua equipe de campanha para agregar nomes indicados por partidos que o apoiam no segundo turno, Jair Bolsonaro (PSL) se mant\u00e9m fiel \u00e0 estrutura que montou no primeiro turno, dividida em n\u00facleos. S\u00e3o estes nomes que devem compor um novo governo a depender de quem for eleito.<\/p>\n<p style=\"text-align: justify;\">Formada inicialmente por integrantes do PT, do PCdoB e PROS escolhidos pelo ex-presidente Luiz In\u00e1cio Lula da Silva, condenado e preso pela Lava Jato, a equipe de Haddad tem agregado representantes de partidos rec\u00e9m aliados e parlamentares que encerraram suas pr\u00f3prias campanhas e agora est\u00e3o livres para ajudar a candidatura do ex-prefeito. O principal deles \u00e9 Jaques Wagner, eleito senador pela Bahia.<\/p><div class=\"newsi-conteudo_19\" id=\"newsi-1764701788\"><a href=\"https:\/\/www.instagram.com\/prefeituraalagoinhas?igsh=YzgzdDJ1bWR3aWI4\" aria-label=\"SAVE_20251006_221555\"><img loading=\"lazy\" decoding=\"async\" src=\"https:\/\/newsinfoco.com.br\/inicio\/wp-content\/uploads\/2025\/10\/SAVE_20251006_221555-rotated.jpg\" alt=\"\"  srcset=\"https:\/\/newsinfoco.com.br\/inicio\/wp-content\/uploads\/2025\/10\/SAVE_20251006_221555-rotated.jpg 1140w, https:\/\/newsinfoco.com.br\/inicio\/wp-content\/uploads\/2025\/10\/SAVE_20251006_221555-300x52.jpg 300w, https:\/\/newsinfoco.com.br\/inicio\/wp-content\/uploads\/2025\/10\/SAVE_20251006_221555-1024x177.jpg 1024w, https:\/\/newsinfoco.com.br\/inicio\/wp-content\/uploads\/2025\/10\/SAVE_20251006_221555-768x133.jpg 768w, https:\/\/newsinfoco.com.br\/inicio\/wp-content\/uploads\/2025\/10\/SAVE_20251006_221555-600x104.jpg 600w, https:\/\/newsinfoco.com.br\/inicio\/wp-content\/uploads\/2025\/10\/SAVE_20251006_221555-696x120.jpg 696w, https:\/\/newsinfoco.com.br\/inicio\/wp-content\/uploads\/2025\/10\/SAVE_20251006_221555-1068x185.jpg 1068w\" sizes=\"(max-width: 1140px) 100vw, 1140px\" width=\"1140\" height=\"197\"   \/><\/a><\/div>\n<p style=\"text-align: justify;\">Ele chegou a S\u00e3o Paulo nesta segunda-feira, 8, e imediatamente ganhou papel de destaque na campanha assumindo a fun\u00e7\u00e3o de atrair apoios que possam dar \u00e0 candidatura de Haddad o car\u00e1ter de uma ampla frente democr\u00e1tica e ofuscando outras lideran\u00e7as que exerciam papel semelhante no primeiro turno. Al\u00e9m dele foram integrados os tr\u00eas vice-presidentes do PT, Alexandre Padilha, Marcio Macedo e Paulo Teixeira, e o ex-presidente do partido Rui Falc\u00e3o, todos sa\u00eddos de disputas para a C\u00e2mara.<\/p>\n<p style=\"text-align: justify;\">A pr\u00f3pria presidente do PT, Gleisi Hoffmann, que passou as \u00faltimas semanas afastada fazendo sua campanha para deputada no Paran\u00e1, voltou para reassumir suas fun\u00e7\u00f5es na elei\u00e7\u00e3o de Haddad. O PSB, que nesta quarta-feira, 10, declarou apoio ao petista, tamb\u00e9m ter\u00e1 assento na coordena\u00e7\u00e3o. Depois que o PDT declarou apoio cr\u00edtico ao PT, o partido espera que Ciro Gomes, em car\u00e1ter pessoal, tamb\u00e9m seja inclu\u00eddo. Governadores aliados eleitos e outro candidato derrotado, Guilherme Boulos (PSOL), ter\u00e3o tarefas no segundo turno.<\/p>\n<p style=\"text-align: justify;\">Um segundo grupo, mais amplo, a coordena\u00e7\u00e3o pol\u00edtica, inclui representantes dos partidos aliados, movimentos sociais como CUT, MST, MTST e CMP e colaboradores como Franklin Martins, Celso Amorim, Jos\u00e9 Genoino e Aloisio Mercadante, al\u00e9m dos parlamentares, governadores e demais rec\u00e9m integrados. Existe ainda o grupo dos assessores pessoais de Haddad, formado por Leonardo Barchini, Frederico Assis, Laio Moraes e Nunzio Briguglio, todos egressos da Prefeitura de S\u00e3o Paulo.<\/p>\n<p style=\"text-align: justify;\">Tr\u00eas grupos independentes trabalham na campanha do candidato do PSL. O principal deles fica no Rio de Janeiro e \u00e9 comandado diretamente por Bolsonaro. \u00c9 o chamado n\u00facleo familiar, que re\u00fane al\u00e9m do candidato, seus filhos e os apoiadores pol\u00edticos, com destaque para o presidente do PSL, Gustavo Bebianno.<\/p>\n<p style=\"text-align: justify;\">O segundo grupo \u00e9 o econ\u00f4mico, comandando por Paulo Guedes, mas que re\u00fane um grande n\u00famero de economistas para tratar do planejamento macroecon\u00f4mico e discutir as primeiras medidas a serem adotadas pelo futuro governo, caso o capit\u00e3o reformado seja eleito. Bolsonaro j\u00e1 avisou que quer reduzir dos atuais 29 minist\u00e9rios para a metade, algo em torno de 15. Mas as \u00e1reas que ser\u00e3o reunidas n\u00e3o est\u00e3o definidas.<\/p>\n<p style=\"text-align: justify;\">Propor como essas \u00e1reas distintas passariam a funcionar de forma integrada e coordenar os projetos de desenvolvimento de maneira que eles \u201cconversem entre si\u201d est\u00e3o entre as metas do terceiro n\u00facleo. Com sede em Bras\u00edlia, \u00e9 formado, em sua maioria, pelos militares da reserva, tendo o general Augusto Heleno \u00e0 frente.<\/p>\n<h6 style=\"text-align: right;\"><span style=\"color: #999999;\">Estad\u00e3o<\/span><\/h6>\n<div class='share-to-whatsapp-wrapper'><div class='share-on-whsp'>Share on: <\/div><a data-text='Candidatos montam seus times no 2\u00ba turno' data-link='https:\/\/newsinfoco.com.br\/inicio\/candidatos-montam-seus-times-no-2o-turno\/' class='whatsapp-button whatsapp-share'>WhatsApp<\/a><div class='clear '><\/div><\/div>","protected":false},"excerpt":{"rendered":"<p>Enquanto o candidato do PT \u00e0 Presid\u00eancia, Fernando Haddad, reformula sua equipe de campanha para agregar nomes indicados por partidos que o apoiam no segundo turno, Jair Bolsonaro (PSL) se mant\u00e9m fiel \u00e0 estrutura que montou no primeiro turno, dividida em n\u00facleos. S\u00e3o estes nomes que devem compor um novo governo a depender de quem [&hellip;]<\/p>\n","protected":false},"author":1,"featured_media":10443,"comment_status":"open","ping_status":"open","sticky":false,"template":"","format":"standard","meta":{"om_disable_all_campaigns":false,"_exactmetrics_skip_tracking":false,"_exactmetrics_sitenote_active":false,"_exactmetrics_sitenote_note":"","_exactmetrics_sitenote_category":0,"footnotes":""},"categories":[21],"tags":[],"class_list":["post-10442","post","type-post","status-publish","format-standard","has-post-thumbnail","hentry","category-brasil"],"aioseo_notices":[],"_links":{"self":[{"href":"https:\/\/newsinfoco.com.br\/inicio\/wp-json\/wp\/v2\/posts\/10442","targetHints":{"allow":["GET"]}}],"collection":[{"href":"https:\/\/newsinfoco.com.br\/inicio\/wp-json\/wp\/v2\/posts"}],"about":[{"href":"https:\/\/newsinfoco.com.br\/inicio\/wp-json\/wp\/v2\/types\/post"}],"author":[{"embeddable":true,"href":"https:\/\/newsinfoco.com.br\/inicio\/wp-json\/wp\/v2\/users\/1"}],"replies":[{"embeddable":true,"href":"https:\/\/newsinfoco.com.br\/inicio\/wp-json\/wp\/v2\/comments?post=10442"}],"version-history":[{"count":0,"href":"https:\/\/newsinfoco.com.br\/inicio\/wp-json\/wp\/v2\/posts\/10442\/revisions"}],"wp:featuredmedia":[{"embeddable":true,"href":"https:\/\/newsinfoco.com.br\/inicio\/wp-json\/wp\/v2\/media\/10443"}],"wp:attachment":[{"href":"https:\/\/newsinfoco.com.br\/inicio\/wp-json\/wp\/v2\/media?parent=10442"}],"wp:term":[{"taxonomy":"category","embeddable":true,"href":"https:\/\/newsinfoco.com.br\/inicio\/wp-json\/wp\/v2\/categories?post=10442"},{"taxonomy":"post_tag","embeddable":true,"href":"https:\/\/newsinfoco.com.br\/inicio\/wp-json\/wp\/v2\/tags?post=10442"}],"curies":[{"name":"wp","href":"https:\/\/api.w.org\/{rel}","templated":true}]}}