{"id":10445,"date":"2018-10-11T15:12:16","date_gmt":"2018-10-11T18:12:16","guid":{"rendered":"http:\/\/newsinfoco.com.br\/?p=10445"},"modified":"2018-10-11T15:22:56","modified_gmt":"2018-10-11T18:22:56","slug":"servidores-da-seduc-pedem-a-permanencia-do-secretario-fabricio-faro-na-pasta-prefeito-joaquim-neto-tambem-quer-permanencia","status":"publish","type":"post","link":"https:\/\/newsinfoco.com.br\/inicio\/servidores-da-seduc-pedem-a-permanencia-do-secretario-fabricio-faro-na-pasta-prefeito-joaquim-neto-tambem-quer-permanencia\/","title":{"rendered":"Servidores da SEDUC pedem a perman\u00eancia do secret\u00e1rio Fabricio Faro na pasta; prefeito Joaquim Neto tamb\u00e9m quer perman\u00eancia"},"content":{"rendered":"<p style=\"text-align: justify;\">Hoje(11) pela manh\u00e3 diversos servidores da secretaria municipal de educa\u00e7\u00e3o(SEDUC) fizeram um movimento pela perman\u00eancia de Fabricio Faro na chefia da pasta.<\/p>\n<p style=\"text-align: justify;\">Os servidores, em sua maioria professores concursados e diretores eleitos, temem que com o rompimento politico entre o deputado Paulo Azi e o prefeito Joaquim Neto, Fabricio seja exonerado do cargo. Faro faz parte do grupo pol\u00edtico do deputado.<\/p><div class=\"newsi-conteudo_19\" id=\"newsi-4119007419\"><a href=\"https:\/\/www.instagram.com\/prefeituraalagoinhas?igsh=YzgzdDJ1bWR3aWI4\" aria-label=\"SAVE_20251006_221555\"><img loading=\"lazy\" decoding=\"async\" src=\"https:\/\/newsinfoco.com.br\/inicio\/wp-content\/uploads\/2025\/10\/SAVE_20251006_221555-rotated.jpg\" alt=\"\"  srcset=\"https:\/\/newsinfoco.com.br\/inicio\/wp-content\/uploads\/2025\/10\/SAVE_20251006_221555-rotated.jpg 1140w, https:\/\/newsinfoco.com.br\/inicio\/wp-content\/uploads\/2025\/10\/SAVE_20251006_221555-300x52.jpg 300w, https:\/\/newsinfoco.com.br\/inicio\/wp-content\/uploads\/2025\/10\/SAVE_20251006_221555-1024x177.jpg 1024w, https:\/\/newsinfoco.com.br\/inicio\/wp-content\/uploads\/2025\/10\/SAVE_20251006_221555-768x133.jpg 768w, https:\/\/newsinfoco.com.br\/inicio\/wp-content\/uploads\/2025\/10\/SAVE_20251006_221555-600x104.jpg 600w, https:\/\/newsinfoco.com.br\/inicio\/wp-content\/uploads\/2025\/10\/SAVE_20251006_221555-696x120.jpg 696w, https:\/\/newsinfoco.com.br\/inicio\/wp-content\/uploads\/2025\/10\/SAVE_20251006_221555-1068x185.jpg 1068w\" sizes=\"(max-width: 1140px) 100vw, 1140px\" width=\"1140\" height=\"197\"   \/><\/a><\/div>\n<p style=\"text-align: justify;\">Na r\u00e1dio 95,7 FM, durante o programa Primeira M\u00e3o, ancorado pelo radialista Haroldo Azi, representantes do movimento pediram no ar para que Fabricio continuasse \u00e0 frente da pasta. Segundo os servidores, o secret\u00e1rio montou um planejamento educacional v\u00e1lido que inclui a valoriza\u00e7\u00e3o e forma\u00e7\u00e3o continuada dos professores e gestores, alimenta\u00e7\u00e3o de qualidade para os estudantes, requalifica\u00e7\u00e3o do transporte escolar, entre outros, o que est\u00e1 sendo respons\u00e1vel por uma melhora significativa na qualidade da educa\u00e7\u00e3o no munic\u00edpio. O movimento, apelidado de FICAFARO \u00e9 apartid\u00e1rio e n\u00e3o tem liga\u00e7\u00f5es com sindicatos de classe.<\/p>\n<p style=\"text-align: justify;\"><a href=\"http:\/\/newsinfoco.com.br\/wp-content\/uploads\/2018\/10\/IMG-20181011-WA0009.jpg\"><img loading=\"lazy\" decoding=\"async\" class=\"aligncenter size-full wp-image-10448\" src=\"http:\/\/newsinfoco.com.br\/wp-content\/uploads\/2018\/10\/IMG-20181011-WA0009.jpg\" alt=\"\" width=\"800\" height=\"450\" srcset=\"https:\/\/newsinfoco.com.br\/inicio\/wp-content\/uploads\/2018\/10\/IMG-20181011-WA0009.jpg 800w, https:\/\/newsinfoco.com.br\/inicio\/wp-content\/uploads\/2018\/10\/IMG-20181011-WA0009-300x169.jpg 300w, https:\/\/newsinfoco.com.br\/inicio\/wp-content\/uploads\/2018\/10\/IMG-20181011-WA0009-768x432.jpg 768w, https:\/\/newsinfoco.com.br\/inicio\/wp-content\/uploads\/2018\/10\/IMG-20181011-WA0009-600x338.jpg 600w, https:\/\/newsinfoco.com.br\/inicio\/wp-content\/uploads\/2018\/10\/IMG-20181011-WA0009-696x392.jpg 696w, https:\/\/newsinfoco.com.br\/inicio\/wp-content\/uploads\/2018\/10\/IMG-20181011-WA0009-747x420.jpg 747w\" sizes=\"auto, (max-width: 800px) 100vw, 800px\" \/><\/a>Em conversa com o jornalista Caio Pimenta na noite de ontem(10) o prefeito Joaquim Neto, que est\u00e1 em Brasilia, j\u00e1 sinalizou que tamb\u00e9m quer a perman\u00eancia de Fabricio Faro na secretaria, destacando o belo trabalho desenvolvido por ele at\u00e9 agora. Os dois s\u00e3o amigos pessoais. A informa\u00e7\u00e3o foi dada pelo jornalista durante o programa Primeir\u00e3o M\u00e3o.<\/p>\n<p style=\"text-align: justify;\">Fontes relataram ao News Infoco que at\u00e9 o momento o secret\u00e1rio n\u00e3o entregou sua carta de exonera\u00e7\u00e3o, apesar do pedido do deputado Paulo Azi de que todos os pertencentes ao seu grupo pol\u00edtico entreguem os seus cargos. Os secret\u00e1rios Harnoldo Azi, da secretaria de servi\u00e7os p\u00fablicos, e Jean Ander, da secretaria de administra\u00e7\u00e3o, j\u00e1 pediram suas exonera\u00e7\u00f5es.<\/p>\n<p style=\"text-align: justify;\">Ainda de acordo com informa\u00e7\u00f5es obtidas pelo News Infoco, o prefeito Joaquim Neto e Fabricio Faro ter\u00e3o uma conversa na pr\u00f3xima semana onde ser\u00e1 decidido se Faro ficar\u00e1 na pasta ou marchar\u00e1 com Paulo Azi.<\/p>\n<h6 style=\"text-align: right;\"><span style=\"color: #999999;\">Por News Infoco<\/span><\/h6>\n<h6 style=\"text-align: right;\"><span style=\"color: #999999;\">foto: Evil\u00e1sio Muniz<\/span><\/h6>\n<div class='share-to-whatsapp-wrapper'><div class='share-on-whsp'>Share on: <\/div><a data-text='Servidores da SEDUC pedem a perman\u00eancia do secret\u00e1rio Fabricio Faro na pasta; prefeito Joaquim Neto tamb\u00e9m quer perman\u00eancia' data-link='https:\/\/newsinfoco.com.br\/inicio\/servidores-da-seduc-pedem-a-permanencia-do-secretario-fabricio-faro-na-pasta-prefeito-joaquim-neto-tambem-quer-permanencia\/' class='whatsapp-button whatsapp-share'>WhatsApp<\/a><div class='clear '><\/div><\/div>","protected":false},"excerpt":{"rendered":"<p>Hoje(11) pela manh\u00e3 diversos servidores da secretaria municipal de educa\u00e7\u00e3o(SEDUC) fizeram um movimento pela perman\u00eancia de Fabricio Faro na chefia da pasta. Os servidores, em sua maioria professores concursados e diretores eleitos, temem que com o rompimento politico entre o deputado Paulo Azi e o prefeito Joaquim Neto, Fabricio seja exonerado do cargo. Faro faz [&hellip;]<\/p>\n","protected":false},"author":1,"featured_media":10447,"comment_status":"open","ping_status":"open","sticky":false,"template":"","format":"standard","meta":{"om_disable_all_campaigns":false,"_exactmetrics_skip_tracking":false,"_exactmetrics_sitenote_active":false,"_exactmetrics_sitenote_note":"","_exactmetrics_sitenote_category":0,"footnotes":""},"categories":[38,30],"tags":[],"class_list":["post-10445","post","type-post","status-publish","format-standard","has-post-thumbnail","hentry","category-alagoinhas-e-regiao","category-destaque"],"aioseo_notices":[],"_links":{"self":[{"href":"https:\/\/newsinfoco.com.br\/inicio\/wp-json\/wp\/v2\/posts\/10445","targetHints":{"allow":["GET"]}}],"collection":[{"href":"https:\/\/newsinfoco.com.br\/inicio\/wp-json\/wp\/v2\/posts"}],"about":[{"href":"https:\/\/newsinfoco.com.br\/inicio\/wp-json\/wp\/v2\/types\/post"}],"author":[{"embeddable":true,"href":"https:\/\/newsinfoco.com.br\/inicio\/wp-json\/wp\/v2\/users\/1"}],"replies":[{"embeddable":true,"href":"https:\/\/newsinfoco.com.br\/inicio\/wp-json\/wp\/v2\/comments?post=10445"}],"version-history":[{"count":0,"href":"https:\/\/newsinfoco.com.br\/inicio\/wp-json\/wp\/v2\/posts\/10445\/revisions"}],"wp:featuredmedia":[{"embeddable":true,"href":"https:\/\/newsinfoco.com.br\/inicio\/wp-json\/wp\/v2\/media\/10447"}],"wp:attachment":[{"href":"https:\/\/newsinfoco.com.br\/inicio\/wp-json\/wp\/v2\/media?parent=10445"}],"wp:term":[{"taxonomy":"category","embeddable":true,"href":"https:\/\/newsinfoco.com.br\/inicio\/wp-json\/wp\/v2\/categories?post=10445"},{"taxonomy":"post_tag","embeddable":true,"href":"https:\/\/newsinfoco.com.br\/inicio\/wp-json\/wp\/v2\/tags?post=10445"}],"curies":[{"name":"wp","href":"https:\/\/api.w.org\/{rel}","templated":true}]}}