{"id":10456,"date":"2018-10-11T15:57:04","date_gmt":"2018-10-11T18:57:04","guid":{"rendered":"http:\/\/newsinfoco.com.br\/?p=10456"},"modified":"2018-10-11T15:57:04","modified_gmt":"2018-10-11T18:57:04","slug":"em-viagem-a-brasilia-prefeito-de-alagoinhas-busca-apoio-para-a-construcao-da-via-expressa","status":"publish","type":"post","link":"https:\/\/newsinfoco.com.br\/inicio\/em-viagem-a-brasilia-prefeito-de-alagoinhas-busca-apoio-para-a-construcao-da-via-expressa\/","title":{"rendered":"Em viagem a Bras\u00edlia, prefeito de Alagoinhas busca apoio para a constru\u00e7\u00e3o da via expressa"},"content":{"rendered":"<p style=\"text-align: justify;\">Em viagem a Bras\u00edlia, o prefeito Joaquim Neto tem feito um tour por v\u00e1rios minist\u00e9rios e ag\u00eancias oficiais em busca de atrair novos investimentos e obras que v\u00e3o impactar o aspecto urban\u00edstico, especialmente no que se refere \u00e0 urbaniza\u00e7\u00e3o e mobilidade, temas constantes da pauta do prefeito em diversas reuni\u00f5es.<\/p>\n<p style=\"text-align: justify;\">Hoje (11) pela manh\u00e3, o prefeito esteve reunido com Herbert Drummond, secret\u00e1rio Executivo do Minist\u00e9rio dos transporte, para tratar da libera\u00e7\u00e3o de recursos para a constru\u00e7\u00e3o da Via Expressa, uma avenida que vai desafogar o tr\u00e2nsito do centro da cidade e criar uma nova alternativa de tr\u00e1fego para o centro e bairros adjacentes.<\/p><div class=\"newsi-conteudo_19\" id=\"newsi-3324279111\"><a href=\"https:\/\/www.instagram.com\/prefeituraalagoinhas?igsh=YzgzdDJ1bWR3aWI4\" aria-label=\"SAVE_20251006_221555\"><img loading=\"lazy\" decoding=\"async\" src=\"https:\/\/newsinfoco.com.br\/inicio\/wp-content\/uploads\/2025\/10\/SAVE_20251006_221555-rotated.jpg\" alt=\"\"  srcset=\"https:\/\/newsinfoco.com.br\/inicio\/wp-content\/uploads\/2025\/10\/SAVE_20251006_221555-rotated.jpg 1140w, https:\/\/newsinfoco.com.br\/inicio\/wp-content\/uploads\/2025\/10\/SAVE_20251006_221555-300x52.jpg 300w, https:\/\/newsinfoco.com.br\/inicio\/wp-content\/uploads\/2025\/10\/SAVE_20251006_221555-1024x177.jpg 1024w, https:\/\/newsinfoco.com.br\/inicio\/wp-content\/uploads\/2025\/10\/SAVE_20251006_221555-768x133.jpg 768w, https:\/\/newsinfoco.com.br\/inicio\/wp-content\/uploads\/2025\/10\/SAVE_20251006_221555-600x104.jpg 600w, https:\/\/newsinfoco.com.br\/inicio\/wp-content\/uploads\/2025\/10\/SAVE_20251006_221555-696x120.jpg 696w, https:\/\/newsinfoco.com.br\/inicio\/wp-content\/uploads\/2025\/10\/SAVE_20251006_221555-1068x185.jpg 1068w\" sizes=\"(max-width: 1140px) 100vw, 1140px\" width=\"1140\" height=\"197\"   \/><\/a><\/div>\n<p style=\"text-align: justify;\">O prefeito saiu do encontro com o secret\u00e1rio bastante otimista. O Minist\u00e9rio dos Transportes tem interesse em fomentar vias de acesso que gerem desenvolvimento e melhores a acessibilidade, desafogando centros urbanos e criando outros caminhos.<\/p>\n<p style=\"text-align: justify;\">Para que a Via Expressa seja constru\u00edda, al\u00e9m da libera\u00e7\u00e3o de recursos por parte do MT, ser\u00e1 necess\u00e1rio o apoio da ANTT \u2013 Ag\u00eancia Nacional de Transporte Terrestre, para a reloca\u00e7\u00e3o da via f\u00e9rrea na \u00e1rea entre a Esta\u00e7\u00e3o S\u00e3o Francisco e o viaduto da Rua do Catu.<\/p>\n<p style=\"text-align: justify;\">\u201cSer\u00e1 um novo modal de desenvolvimento, dando mobilidade e desafogando o tr\u00e2nsito no centro da cidade, al\u00e9m de valorizar uma regi\u00e3o onde poucos querem empreender por causa do travamento ferrovi\u00e1rio\u201d, disse o prefeito, que esteve na ANTT tamb\u00e9m na manh\u00e3 de hoje, onde se reuniu com t\u00e9cnicos e assessores da ag\u00eancia.<\/p>\n<p style=\"text-align: justify;\">O prefeito Joaquim acredita que tanto o MT quanto a ANTT aprovar\u00e3o sua solicita\u00e7\u00e3o, pois ambos consideraram importante essa liga\u00e7\u00e3o, que servir\u00e1 tamb\u00e9m para acesso de entrada e sa\u00edda \u00e0 Esta\u00e7\u00e3o de Transbordo do transporte intermunicipal feito por vans e micro-\u00f4nibus, conclu\u00edda desde meados de 2016, e que faz parte do projeto de melhoria do sistema vi\u00e1rio da SMTT.<\/p>\n<h6 style=\"text-align: right;\"><span style=\"color: #999999;\">Por Vanderley Soares para o Gazeta dos Municipios<\/span><\/h6>\n<div class='share-to-whatsapp-wrapper'><div class='share-on-whsp'>Share on: <\/div><a data-text='Em viagem a Bras\u00edlia, prefeito de Alagoinhas busca apoio para a constru\u00e7\u00e3o da via expressa' data-link='https:\/\/newsinfoco.com.br\/inicio\/em-viagem-a-brasilia-prefeito-de-alagoinhas-busca-apoio-para-a-construcao-da-via-expressa\/' class='whatsapp-button whatsapp-share'>WhatsApp<\/a><div class='clear '><\/div><\/div>","protected":false},"excerpt":{"rendered":"<p>Em viagem a Bras\u00edlia, o prefeito Joaquim Neto tem feito um tour por v\u00e1rios minist\u00e9rios e ag\u00eancias oficiais em busca de atrair novos investimentos e obras que v\u00e3o impactar o aspecto urban\u00edstico, especialmente no que se refere \u00e0 urbaniza\u00e7\u00e3o e mobilidade, temas constantes da pauta do prefeito em diversas reuni\u00f5es. Hoje (11) pela manh\u00e3, o [&hellip;]<\/p>\n","protected":false},"author":1,"featured_media":10457,"comment_status":"open","ping_status":"open","sticky":false,"template":"","format":"standard","meta":{"om_disable_all_campaigns":false,"_exactmetrics_skip_tracking":false,"_exactmetrics_sitenote_active":false,"_exactmetrics_sitenote_note":"","_exactmetrics_sitenote_category":0,"footnotes":""},"categories":[38,30],"tags":[],"class_list":["post-10456","post","type-post","status-publish","format-standard","has-post-thumbnail","hentry","category-alagoinhas-e-regiao","category-destaque"],"aioseo_notices":[],"_links":{"self":[{"href":"https:\/\/newsinfoco.com.br\/inicio\/wp-json\/wp\/v2\/posts\/10456","targetHints":{"allow":["GET"]}}],"collection":[{"href":"https:\/\/newsinfoco.com.br\/inicio\/wp-json\/wp\/v2\/posts"}],"about":[{"href":"https:\/\/newsinfoco.com.br\/inicio\/wp-json\/wp\/v2\/types\/post"}],"author":[{"embeddable":true,"href":"https:\/\/newsinfoco.com.br\/inicio\/wp-json\/wp\/v2\/users\/1"}],"replies":[{"embeddable":true,"href":"https:\/\/newsinfoco.com.br\/inicio\/wp-json\/wp\/v2\/comments?post=10456"}],"version-history":[{"count":0,"href":"https:\/\/newsinfoco.com.br\/inicio\/wp-json\/wp\/v2\/posts\/10456\/revisions"}],"wp:featuredmedia":[{"embeddable":true,"href":"https:\/\/newsinfoco.com.br\/inicio\/wp-json\/wp\/v2\/media\/10457"}],"wp:attachment":[{"href":"https:\/\/newsinfoco.com.br\/inicio\/wp-json\/wp\/v2\/media?parent=10456"}],"wp:term":[{"taxonomy":"category","embeddable":true,"href":"https:\/\/newsinfoco.com.br\/inicio\/wp-json\/wp\/v2\/categories?post=10456"},{"taxonomy":"post_tag","embeddable":true,"href":"https:\/\/newsinfoco.com.br\/inicio\/wp-json\/wp\/v2\/tags?post=10456"}],"curies":[{"name":"wp","href":"https:\/\/api.w.org\/{rel}","templated":true}]}}