{"id":10465,"date":"2018-10-15T15:56:22","date_gmt":"2018-10-15T18:56:22","guid":{"rendered":"http:\/\/newsinfoco.com.br\/?p=10465"},"modified":"2018-10-15T15:56:22","modified_gmt":"2018-10-15T18:56:22","slug":"prefeitura-reforca-iluminacao-publica-com-servicos-de-extensao-de-rede","status":"publish","type":"post","link":"https:\/\/newsinfoco.com.br\/inicio\/prefeitura-reforca-iluminacao-publica-com-servicos-de-extensao-de-rede\/","title":{"rendered":"Prefeitura refor\u00e7a ilumina\u00e7\u00e3o p\u00fablica com servi\u00e7os de extens\u00e3o de rede"},"content":{"rendered":"<p style=\"text-align: justify;\">Troca de l\u00e2mpadas e instala\u00e7\u00e3o de novos postes s\u00e3o alguns dos servi\u00e7os que foram intensificados pela Prefeitura de Alagoinhas, por meio da Secretaria de Servi\u00e7os P\u00fablicos(SESEP), visando melhorias na ilumina\u00e7\u00e3o p\u00fablica do munic\u00edpio e a seguran\u00e7a da popula\u00e7\u00e3o.<\/p>\n<p><img decoding=\"async\" src=\"https:\/\/www.alagoinhas.ba.gov.br\/wp-content\/uploads\/2018\/10\/c18bd18a-6fd1-4bc0-8d34-09db5412a78e-1024x576.jpg\" \/><\/p>\n<p style=\"text-align: justify;\">Nas duas \u00faltimas semanas foram realizadas extens\u00f5es de rede no bairro Santa Terezinha ( lateral da igreja) e nas regi\u00f5es da Acessa, Fonte dos Padres, Fazenda Limoeiro, campo de futebol \u00a0da comunidade de Sucupira, conjunto Urupiara, Parque S\u00e3o Francisco e Coqueiral.\u00a0 A comunidade da Santa Terezinha foi beneficiada, ainda, com a instala\u00e7\u00e3o de quatro postes e oito bra\u00e7os de 250 watts.<\/p><div class=\"newsi-conteudo_19\" id=\"newsi-3656984893\"><a href=\"https:\/\/www.instagram.com\/prefeituraalagoinhas?igsh=YzgzdDJ1bWR3aWI4\" aria-label=\"SAVE_20251006_221555\"><img loading=\"lazy\" decoding=\"async\" src=\"https:\/\/newsinfoco.com.br\/inicio\/wp-content\/uploads\/2025\/10\/SAVE_20251006_221555-rotated.jpg\" alt=\"\"  srcset=\"https:\/\/newsinfoco.com.br\/inicio\/wp-content\/uploads\/2025\/10\/SAVE_20251006_221555-rotated.jpg 1140w, https:\/\/newsinfoco.com.br\/inicio\/wp-content\/uploads\/2025\/10\/SAVE_20251006_221555-300x52.jpg 300w, https:\/\/newsinfoco.com.br\/inicio\/wp-content\/uploads\/2025\/10\/SAVE_20251006_221555-1024x177.jpg 1024w, https:\/\/newsinfoco.com.br\/inicio\/wp-content\/uploads\/2025\/10\/SAVE_20251006_221555-768x133.jpg 768w, https:\/\/newsinfoco.com.br\/inicio\/wp-content\/uploads\/2025\/10\/SAVE_20251006_221555-600x104.jpg 600w, https:\/\/newsinfoco.com.br\/inicio\/wp-content\/uploads\/2025\/10\/SAVE_20251006_221555-696x120.jpg 696w, https:\/\/newsinfoco.com.br\/inicio\/wp-content\/uploads\/2025\/10\/SAVE_20251006_221555-1068x185.jpg 1068w\" sizes=\"(max-width: 1140px) 100vw, 1140px\" width=\"1140\" height=\"197\"   \/><\/a><\/div>\n<p><img decoding=\"async\" src=\"https:\/\/www.alagoinhas.ba.gov.br\/wp-content\/uploads\/2018\/10\/7d937e3d-b4dd-454a-a465-ac369ccc4a80-1024x576.jpg\" \/><\/p>\n<p style=\"text-align: justify;\">De acordo com a SESEP, para a realiza\u00e7\u00e3o dos servi\u00e7os, as equipes vem mapeando bairro bairro por bairro, identificando os pontos que necessitam de melhorias e atendendo a solicita\u00e7\u00f5es \u00a0de moradores<\/p>\n<p><img decoding=\"async\" src=\"https:\/\/www.alagoinhas.ba.gov.br\/wp-content\/uploads\/2018\/10\/83e1fa21-4035-41d0-8919-7e63055e9348-1024x576.jpg\" \/><\/p>\n<h6 style=\"text-align: right;\"><span style=\"color: #999999;\">Fonte: SECOM<\/span><\/h6>\n<div class='share-to-whatsapp-wrapper'><div class='share-on-whsp'>Share on: <\/div><a data-text='Prefeitura refor\u00e7a ilumina\u00e7\u00e3o p\u00fablica com servi\u00e7os de extens\u00e3o de rede' data-link='https:\/\/newsinfoco.com.br\/inicio\/prefeitura-reforca-iluminacao-publica-com-servicos-de-extensao-de-rede\/' class='whatsapp-button whatsapp-share'>WhatsApp<\/a><div class='clear '><\/div><\/div>","protected":false},"excerpt":{"rendered":"<p>Troca de l\u00e2mpadas e instala\u00e7\u00e3o de novos postes s\u00e3o alguns dos servi\u00e7os que foram intensificados pela Prefeitura de Alagoinhas, por meio da Secretaria de Servi\u00e7os P\u00fablicos(SESEP), visando melhorias na ilumina\u00e7\u00e3o p\u00fablica do munic\u00edpio e a seguran\u00e7a da popula\u00e7\u00e3o. Nas duas \u00faltimas semanas foram realizadas extens\u00f5es de rede no bairro Santa Terezinha ( lateral da igreja) [&hellip;]<\/p>\n","protected":false},"author":1,"featured_media":10466,"comment_status":"open","ping_status":"open","sticky":false,"template":"","format":"standard","meta":{"om_disable_all_campaigns":false,"_exactmetrics_skip_tracking":false,"_exactmetrics_sitenote_active":false,"_exactmetrics_sitenote_note":"","_exactmetrics_sitenote_category":0,"footnotes":""},"categories":[38,30],"tags":[53,54,56],"class_list":["post-10465","post","type-post","status-publish","format-standard","has-post-thumbnail","hentry","category-alagoinhas-e-regiao","category-destaque","tag-alagoinhas","tag-prefeitura","tag-secom"],"aioseo_notices":[],"_links":{"self":[{"href":"https:\/\/newsinfoco.com.br\/inicio\/wp-json\/wp\/v2\/posts\/10465","targetHints":{"allow":["GET"]}}],"collection":[{"href":"https:\/\/newsinfoco.com.br\/inicio\/wp-json\/wp\/v2\/posts"}],"about":[{"href":"https:\/\/newsinfoco.com.br\/inicio\/wp-json\/wp\/v2\/types\/post"}],"author":[{"embeddable":true,"href":"https:\/\/newsinfoco.com.br\/inicio\/wp-json\/wp\/v2\/users\/1"}],"replies":[{"embeddable":true,"href":"https:\/\/newsinfoco.com.br\/inicio\/wp-json\/wp\/v2\/comments?post=10465"}],"version-history":[{"count":0,"href":"https:\/\/newsinfoco.com.br\/inicio\/wp-json\/wp\/v2\/posts\/10465\/revisions"}],"wp:featuredmedia":[{"embeddable":true,"href":"https:\/\/newsinfoco.com.br\/inicio\/wp-json\/wp\/v2\/media\/10466"}],"wp:attachment":[{"href":"https:\/\/newsinfoco.com.br\/inicio\/wp-json\/wp\/v2\/media?parent=10465"}],"wp:term":[{"taxonomy":"category","embeddable":true,"href":"https:\/\/newsinfoco.com.br\/inicio\/wp-json\/wp\/v2\/categories?post=10465"},{"taxonomy":"post_tag","embeddable":true,"href":"https:\/\/newsinfoco.com.br\/inicio\/wp-json\/wp\/v2\/tags?post=10465"}],"curies":[{"name":"wp","href":"https:\/\/api.w.org\/{rel}","templated":true}]}}